{"id":313001,"date":"2025-12-30T01:08:13","date_gmt":"2025-12-30T01:08:13","guid":{"rendered":"https:\/\/www.europesays.com\/es\/313001\/"},"modified":"2025-12-30T01:08:13","modified_gmt":"2025-12-30T01:08:13","slug":"los-golfistas-espanoles-con-mayor-proyeccion-de-cara-a-la-ryder-cup-2031-en-girona","status":"publish","type":"post","link":"https:\/\/www.europesays.com\/es\/313001\/","title":{"rendered":"Los golfistas espa\u00f1oles con mayor proyecci\u00f3n de cara a la Ryder Cup 2031 en Girona"},"content":{"rendered":"<p class=\"ft-text ft-helper-align-justify\"><strong>El golf espa\u00f1ol ya cuenta en la actualidad con varios j\u00f3venes profesionales que empujan con fuerza y que han de tomar el relevo pronto de estrellas actuales<\/strong> como Jon Rahm o Sergio Garc\u00eda y que se convierten en el mejor reclamo para el golf espa\u00f1ol en los pr\u00f3ximos a\u00f1os.<\/p>\n<p class=\"ft-text ft-helper-align-justify\"><strong>Un grupo de jugadores plenamente capacitados para estar en lo m\u00e1s alto en los principales circuitos del mundo<\/strong>, y que tambi\u00e9n se han convertido en la esperanza de que alguno de ellos llegue con opciones de disputar la <a class=\"ft-link ft-link--decoration\" href=\"https:\/\/www.sport.es\/es\/noticias\/deportes\/golf\/golf-catalan-celebra-ilusion-llegada-124893789\" rel=\"nofollow noopener\" target=\"_blank\">Ryder Cup 2031 representando a Europa, que se jugar\u00e1 en el resort gerundense de Camiral Gol<\/a>f.<\/p>\n<p class=\"ft-text ft-helper-align-justify\">Son todav\u00eda j\u00f3venes, aunque con una mentalidad ganadora innata, grandes pegadores que les equiparan a los mejores del mundo y con una voracidad por el \u00e9xito, imprescindible en un deporte tan exigente y al mismo tiempo con tantos rivales de calidad en cada competici\u00f3n.<\/p>\n<p><img decoding=\"async\" src=\"https:\/\/www.europesays.com\/es\/wp-content\/uploads\/2025\/12\/d44ce7c0-3c00-4477-9174-e14a25bccd86_alta-libre-aspect-ratio_default_0.jpg\" width=\"1200\" height=\"800\" alt=\"Europa gan\u00f3 la Ryder en Valderrama con la presencia de Ballesteros, Txema Olaz\u00e1bal e Ignacio Garrido\" class=\"ft-helper-img-rd\" loading=\"lazy\"\/><\/p>\n<p class=\"ft-helper-fontColor-quaternary ft-helper-fontSize-body-S ft-helper-spacer-t-xxs\">Europa gan\u00f3 la Ryder en Valderrama con la presencia de Ballesteros, Txema Olaz\u00e1bal e Ignacio Garrido  \/ RYDER<\/p>\n<p>Golfistas a seguir de cerca<\/p>\n<p class=\"ft-text ft-helper-align-justify\"><strong>Son cuatro candidatos que parecen aventajados al resto, en la &#8216;pole position&#8217; para optar a jugar la Ryder en casa<\/strong>, aunque todav\u00eda restan cinco a\u00f1os para la cita en Girona y deben poner la mira en esa cita como uno de sus grandes objetivos de futuro en sus carrera profesioales.<\/p>\n<p class=\"ft-text ft-helper-align-justify\"><a class=\"ft-link ft-link--decoration\" href=\"https:\/\/www.sport.es\/es\/noticias\/deportes\/david-puig-arrancara-temporada-2026-125203433\" rel=\"nofollow noopener\" target=\"_blank\">David Puig es la gran esperanza del golf catal\u00e1n para esa cita<\/a>, aunque a la lista de posible candidatos <a class=\"ft-link ft-link--decoration\" href=\"https:\/\/www.sport.es\/es\/noticias\/deportes\/josele-ballester-labra-estrellato-liv-120540787\" rel=\"nofollow noopener\" target=\"_blank\">hay que a\u00f1adir a un compa\u00f1ero suyo en los \u2018Fireballs\u2019, el castellonense Josele Ballester,<\/a> y otro que ha entrado con fuerza, <strong>el malague\u00f1o, \u00c1ngel Ayora. A esa terna, tambi\u00e9n apunta alto, el madrile\u00f1o Alejandro Del Rey<\/strong>.<\/p>\n<p>David Puig (Barcelona, 2001) <\/p>\n<p class=\"ft-text ft-helper-align-justify\"><strong>El profesional catal\u00e1n ha demostrado su capacidad de pegada y precisi\u00f3n en sus golpes, que le ha llevado muy pronto a la cima<\/strong>. A sus 24 a\u00f1os decidi\u00f3 finalizar su etapa universitaria con Arizona y dio el salto al LIV Golf, en un movimiento arriesgado para un jugador que no hab\u00eda competido con los mejores.<\/p>\n<p><img decoding=\"async\" src=\"https:\/\/www.europesays.com\/es\/wp-content\/uploads\/2025\/12\/df3cfb78-2a94-4995-a5f2-b7ebc93f2b94_alta-libre-aspect-ratio_default_0.jpg\" width=\"1200\" height=\"800\" alt=\"Puig, a pesar de su juventud, ya se codea con los mejores en el LIV y ya ha ganado en el DP World Tour\" class=\"ft-helper-img-rd\" loading=\"lazy\"\/><\/p>\n<p class=\"ft-helper-fontColor-quaternary ft-helper-fontSize-body-S ft-helper-spacer-t-xxs\">Puig, a pesar de su juventud, ya se codea con los mejores en el LIV y ya ha ganado en el DP World Tour  \/ LIV<\/p>\n<p class=\"ft-text ft-helper-align-justify\">Pero su progresi\u00f3n ha sido evidente, y este \u00faltimo a\u00f1o ya se ha colado entre los 10 mejores del circuito saud\u00ed, y cerr\u00f3 el a\u00f1o con una impresionante victoria en el BMW PGA Australian Championship, que le ha abierto las puertas al DP World Tour al tiempo que sigue creciendo en los \u2018Fireballs\u2019 de Sergio Garc\u00eda.<\/p>\n<p class=\"ft-text ft-helper-align-justify\">Ya ha logrado adem\u00e1s victorias en el Asian Tour, en Singapur 2023 y Malasia 2024 y ya ha saboreado las mieles de los Juegos Ol\u00edmpicos, en Par\u00eds. Busca su primer triunfo individual en el LIV Golf, y con la mira puesta en los torneos \u2018Grandes\u2019 y con la ilusi\u00f3n de poder jugar el Masters, el \u00fanico que le falta.<\/p>\n<p>Jose Luis Ballester (Castell\u00f3n, 2003) <\/p>\n<p class=\"ft-text ft-helper-align-justify\">El joven profesional castellonense <strong>tiene el honor de ser el \u00fanico jugador espa\u00f1ol en ganar el prestigioso US Amateur estadounidense en 2024, un trofeo reservado a futuras estrellas del golf,<\/strong> como ya est\u00e1 demostrando este fornido jugador, procedente de la piscina, y que dio el salto al golf tutelado por la familia Garc\u00eda, en Golf Mediterraneo.<\/p>\n<p><img decoding=\"async\" src=\"https:\/\/www.europesays.com\/es\/wp-content\/uploads\/2025\/12\/ee6dce8e-8095-4489-8ab8-f2d470d5c1c2_alta-libre-aspect-ratio_default_0.jpg\" width=\"1200\" height=\"800\" alt=\"Ganar el US Amateur s\u00f3lo es para jugadores privilegiados, y el castellonense lo tiene todo para ser una gran figura en los pr\u00f3ximos a\u00f1os\" class=\"ft-helper-img-rd\" loading=\"lazy\"\/><\/p>\n<p class=\"ft-helper-fontColor-quaternary ft-helper-fontSize-body-S ft-helper-spacer-t-xxs\">Ganar el US Amateur s\u00f3lo es para jugadores privilegiados, y el castellonense lo tiene todo para ser una gran figura en los pr\u00f3ximos a\u00f1os  \/ USAM<\/p>\n<p class=\"ft-text ft-helper-align-justify\">Con una pegada impresionante<strong>, siempre ha sido un aventajado a los de su generaci\u00f3n, triunfando en el Campeonato Amateur espa\u00f1ol (2020).<\/strong> Al igual que Puig, se enrol\u00f3 en Arizona State, por lo que cuenta con una gran relaci\u00f3n con David Puig, y por supuesto, con dos mentores de esa universidad, Jon Rahm y Phil Mickelson.<\/p>\n<p class=\"ft-text ft-helper-align-justify\"><strong>A diferencia de Puig, ha podido competir en el Masters de 2025 acompa\u00f1ado del n\u00famero uno del mundo, Scottie Scheffler, aunque no lograba pasar el corte<\/strong>. Tras lograr el billete para el segundo circuito estadounidense, decidi\u00f3 dar el salto profesional en el LIV Golf con los \u2018Fireballs\u2019. Josele lograba su primer gran triunfo internacional en el PIF Saudi International<\/p>\n<p>\u00c1ngel Ayora (M\u00e1laga, 2004) <\/p>\n<p class=\"ft-text ft-helper-align-justify\"><strong>El joven malague\u00f1o ha llegado pisando fuerte y tomando, incluso decisiones importantes, antes de ganar.<\/strong> Y es que Ayora, en su primer a\u00f1o en el DP World Tour, se ha quedado a las puertas de lograr la tarjeta del PGA Tour, el sue\u00f1o que tiene en mente desde que dio el salto a profesional hace un par de a\u00f1os.<\/p>\n<p><img decoding=\"async\" src=\"https:\/\/www.europesays.com\/es\/wp-content\/uploads\/2025\/12\/8a0b381b-2753-460a-b27c-203cf9fd1573_alta-libre-aspect-ratio_default_0.jpg\" width=\"1200\" height=\"800\" alt=\"El joven malague\u00f1o ha irrumpido con fuerza en el DP World Tour aunque no esconde que su objetivo es alcanzar el PGA Tour lo antes posible\" class=\"ft-helper-img-rd\" loading=\"lazy\"\/><\/p>\n<p class=\"ft-helper-fontColor-quaternary ft-helper-fontSize-body-S ft-helper-spacer-t-xxs\">El joven malague\u00f1o ha irrumpido con fuerza en el DP World Tour aunque no esconde que su objetivo es alcanzar el PGA Tour lo antes posible  \/ DPWT<\/p>\n<p class=\"ft-text ft-helper-align-justify\"><strong>Y se qued\u00f3 en diciembre a las puertas de conseguirlo. Pero lejos de aceptar una suculenta oferta del LIV Golf, como hicieron en su momento Puig y Ballester, <\/strong>ha decidido seguir creciendo en el circuito europeo y trabajar duro al amparo de su impresionante pegada que no ha pasada desapercibida para nadie, como uno de los mejores desde el tee: Rory McIlroy.<\/p>\n<p class=\"ft-text ft-helper-align-justify\">Con su capacidad para darle a la bola<strong> y su juego completo que ya han descubierto los aficionados espa\u00f1oles en el \u00faltimo Open de Espa\u00f1a, le convierten en un gran candidato a jugar en Girona<\/strong>. En este 2026 disputar\u00e1 el Open Brit\u00e1nico, el que ser\u00e1 su primer \u2018Grande\u2019 de los muchos que vendr\u00e1n en su carrera.<\/p>\n<p>Alejandro del Rey (Madrid, 1998) <\/p>\n<p class=\"ft-text ft-helper-align-justify\"><strong>Es el m\u00e1s &#8216;veterano&#8217; de los cuatro jugadores si se puede llamar as\u00ed a este madrile\u00f1o que juega de manera regular el DP World Tour despu\u00e9s de llegar al golf profesional a trav\u00e9s del Alps Tour<\/strong>, logrando su primera victoria en 2020. Al a\u00f1o siguiente, dio el salto al <strong>Challenge Tour, registrando en Suiza el resultado m\u00e1s bajo en el Tour, con una vuelta de 58<\/strong>, siendo la ronda m\u00e1s baja al par (-14).<\/p>\n<p><img decoding=\"async\" src=\"https:\/\/www.europesays.com\/es\/wp-content\/uploads\/2025\/12\/bbd54b75-fec5-43ee-91c3-04ef6f67cfcd_alta-libre-aspect-ratio_default_0.jpg\" width=\"1200\" height=\"800\" alt=\"El Madrile\u00f1o ha ido escalando posiciones en todos los circuitos para llegar al DP World Tour y donde puede ser uno de los referentes muy pronto\" class=\"ft-helper-img-rd\" loading=\"lazy\"\/><\/p>\n<p class=\"ft-helper-fontColor-quaternary ft-helper-fontSize-body-S ft-helper-spacer-t-xxs\">El Madrile\u00f1o ha ido escalando posiciones en todos los circuitos para llegar al DP World Tour y donde puede ser uno de los referentes muy pronto  \/ DPWT<\/p>\n<p class=\"ft-text ft-helper-align-justify\"><strong>Tras unirse al European Tour en 2023, termin\u00f3 tercero en la primera edici\u00f3n del Singapore Classic<\/strong>. Al inicio de la temporada 2024, finali\u00f3 quinto en el Investec South African Open Championship y s\u00e9ptimo en el Alfred Dunhill Championship. Antes que Puig y Ballester, tambi\u00e9n pas\u00f3 por la universidad de Arizona State de 2016 a 2020 y jug\u00f3 con los Sun Devils, donde gan\u00f3 cuatro veces. <strong>Registr\u00f3 26 \u2018eagles\u2019, el segundo en la lista de los \u2018Sun Devils\u2019 en su carrera, solo superado por Jon Rahm. <\/strong><\/p>\n<p class=\"ft-text ft-helper-align-justify\"><strong>Una carrera m\u00e1s ordenada de los circuitos m\u00e1s peque\u00f1os al m\u00e1s grande, y con la ambici\u00f3n intacta de seguir creciendo para ser alg\u00fan d\u00eda<\/strong>, y quiz\u00e1 en Girona, miembro del equipo europeo de la Ryder Cup.<\/p>\n","protected":false},"excerpt":{"rendered":"El golf espa\u00f1ol ya cuenta en la actualidad con varios j\u00f3venes profesionales que empujan con fuerza y que&hellip;\n","protected":false},"author":2,"featured_media":313002,"comment_status":"","ping_status":"","sticky":false,"template":"","format":"standard","meta":{"footnotes":""},"categories":[275],"tags":[73474,73472,73473,168,73475,25,24,11907,329,73471,23,167],"class_list":{"0":"post-313001","1":"post","2":"type-post","3":"status-publish","4":"format-standard","5":"has-post-thumbnail","7":"category-golf","8":"tag-a-la-ryder-cup-2031","9":"tag-con-mayor-proyeccion","10":"tag-de-cara","11":"tag-deportes","12":"tag-en-girona","13":"tag-es","14":"tag-espana","15":"tag-espanoles","16":"tag-golf","17":"tag-los-golfistas","18":"tag-spain","19":"tag-sports"},"share_on_mastodon":{"url":"https:\/\/pubeurope.com\/@es\/115805847838652658","error":""},"_links":{"self":[{"href":"https:\/\/www.europesays.com\/es\/wp-json\/wp\/v2\/posts\/313001","targetHints":{"allow":["GET"]}}],"collection":[{"href":"https:\/\/www.europesays.com\/es\/wp-json\/wp\/v2\/posts"}],"about":[{"href":"https:\/\/www.europesays.com\/es\/wp-json\/wp\/v2\/types\/post"}],"author":[{"embeddable":true,"href":"https:\/\/www.europesays.com\/es\/wp-json\/wp\/v2\/users\/2"}],"replies":[{"embeddable":true,"href":"https:\/\/www.europesays.com\/es\/wp-json\/wp\/v2\/comments?post=313001"}],"version-history":[{"count":0,"href":"https:\/\/www.europesays.com\/es\/wp-json\/wp\/v2\/posts\/313001\/revisions"}],"wp:featuredmedia":[{"embeddable":true,"href":"https:\/\/www.europesays.com\/es\/wp-json\/wp\/v2\/media\/313002"}],"wp:attachment":[{"href":"https:\/\/www.europesays.com\/es\/wp-json\/wp\/v2\/media?parent=313001"}],"wp:term":[{"taxonomy":"category","embeddable":true,"href":"https:\/\/www.europesays.com\/es\/wp-json\/wp\/v2\/categories?post=313001"},{"taxonomy":"post_tag","embeddable":true,"href":"https:\/\/www.europesays.com\/es\/wp-json\/wp\/v2\/tags?post=313001"}],"curies":[{"name":"wp","href":"https:\/\/api.w.org\/{rel}","templated":true}]}}