{"id":313038,"date":"2025-12-30T01:36:15","date_gmt":"2025-12-30T01:36:15","guid":{"rendered":"https:\/\/www.europesays.com\/es\/313038\/"},"modified":"2025-12-30T01:36:15","modified_gmt":"2025-12-30T01:36:15","slug":"arranca-la-operacion-salida-desde-peru-apuntan-a-la-salida-de-pineau-albiazules-es-recre","status":"publish","type":"post","link":"https:\/\/www.europesays.com\/es\/313038\/","title":{"rendered":"Arranca la &#8216;operaci\u00f3n salida&#8217;: desde Per\u00fa apuntan a la salida de Pineau &#8211; Albiazules.es | Recre"},"content":{"rendered":"<p style=\"text-align: center;\">El delantero estar\u00eda cerca de recalar en el FC Cajamarca, club de la Primera Divisi\u00f3n del pa\u00eds sudamericano.<\/p>\n<p><img fetchpriority=\"high\" decoding=\"async\" class=\"aligncenter size-medium\" src=\"https:\/\/www.europesays.com\/es\/wp-content\/uploads\/2025\/12\/55012832655_7878690055_o.jpg\" width=\"792\" height=\"500\"\/><\/p>\n<p>El mercado invernal empieza a moverse en clave recreativista y<strong> todo apunta a que Sebastien Pineau podr\u00eda convertirse en uno de los primeros protagonistas de la necesaria operaci\u00f3n salida en el Recreativo de Huelva<\/strong>. Seg\u00fan ha informado <strong>el periodista peruano Carlos Benavente<\/strong>, responsable del portal ovacion.pe, el delantero chileno-peruano del Decano <strong>estar\u00eda muy cerca de incorporarse al FC Cajamarca<\/strong>, equipo que compite en la m\u00e1xima competici\u00f3n de Per\u00fa. La noticia, difundida posteriormente en redes sociales, ha ido cobrando fuerza en las \u00faltimas horas.<\/p>\n<p>Se tratar\u00eda de un movimiento esperado dentro de la planificaci\u00f3n deportiva, ya que <strong>su marcha permitir\u00eda liberar una ficha sub-23<\/strong>, condici\u00f3n indispensable para que el Recreativo pueda acometer las incorporaciones que tiene en agenda para reforzar posiciones clave en esta segunda parte del campeonato. El club necesita aligerar su n\u00f3mina de jugadores antes de activar las entradas, y <strong>el nombre de Pineau llevaba tiempo se\u00f1alado como una posible salida<\/strong>.<\/p>\n<blockquote class=\"twitter-tweet\">\n<p dir=\"ltr\" lang=\"es\">Parece que FC Cajamarca se convertir\u00e1 en una nueva filial de Alianza Lima, ya que el delantero Sebastien Pineau estar\u00eda muy cerca de sumarse al club cajamarquino para la temporada 2026. Se vienen afinando algunos detalles. <a href=\"https:\/\/t.co\/Q960xj7pp3\" data-wpel-link=\"external\" rel=\"nofollow external noopener noreferrer\">pic.twitter.com\/Q960xj7pp3<\/a><\/p>\n<p>\u2014 Carlos Benavente (@cbenaventep) <a href=\"https:\/\/twitter.com\/cbenaventep\/status\/2005676711271387161?ref_src=twsrc%5Etfw\" data-wpel-link=\"external\" rel=\"nofollow external noopener noreferrer\" target=\"_blank\">December 29, 2025<\/a><\/p>\n<\/blockquote>\n<p><strong>Su paso por el Recre, casi inadvertido<\/strong><\/p>\n<p>El joven atacante<strong> aterriz\u00f3 en el mercado invernal de la temporada pasada como apuesta directa de los inversores vinculados a la propiedad del club<\/strong>, avalado por su potencial y su margen de crecimiento. Sin embargo, su etapa en Huelva no ha tenido el desarrollo esperado.<strong> Entre problemas f\u00edsicos y la competencia en la delantera albiazul, su participaci\u00f3n ha sido testimonial<\/strong>, sin lograr continuidad ni impacto real en el equipo.<\/p>\n<p>Por el momento, no existe confirmaci\u00f3n oficial por parte del club, pero <strong>su futuro parece claramente encaminado lejos del Nuevo Colombino<\/strong>. Su caso simboliza el primer paso de una reestructuraci\u00f3n necesaria para ajustar la plantilla a las exigencias deportivas y abrir paso a los fichajes que se esperan durante este mercado.<\/p>\n<p>As\u00ed, el nombre de Sebastien Pineau marca el inicio de un periodo clave para el Decano. <strong>El mercado ya est\u00e1 en marcha\u2026 y la operaci\u00f3n salida ha comenzado<\/strong>.<\/p>\n<p>Copyright 2009-2025 Albiazules.es.<\/p>\n<p>            <script async src=\"https:\/\/platform.twitter.com\/widgets.js\" charset=\"utf-8\"><\/script><\/p>\n","protected":false},"excerpt":{"rendered":"El delantero estar\u00eda cerca de recalar en el FC Cajamarca, club de la Primera Divisi\u00f3n del pa\u00eds sudamericano.&hellip;\n","protected":false},"author":2,"featured_media":313039,"comment_status":"","ping_status":"","sticky":false,"template":"","format":"standard","meta":{"footnotes":""},"categories":[268],"tags":[168,25,24,280,282,25760,338,63770,73479,281,23,167],"class_list":{"0":"post-313038","1":"post","2":"type-post","3":"status-publish","4":"format-standard","5":"has-post-thumbnail","7":"category-futbol","8":"tag-deportes","9":"tag-es","10":"tag-espana","11":"tag-football","12":"tag-futbol","13":"tag-marcador","14":"tag-portada","15":"tag-real-club-recreativo-de-huelva","16":"tag-sebastien-pineau","17":"tag-soccer","18":"tag-spain","19":"tag-sports"},"share_on_mastodon":{"url":"https:\/\/pubeurope.com\/@es\/115805957940470072","error":""},"_links":{"self":[{"href":"https:\/\/www.europesays.com\/es\/wp-json\/wp\/v2\/posts\/313038","targetHints":{"allow":["GET"]}}],"collection":[{"href":"https:\/\/www.europesays.com\/es\/wp-json\/wp\/v2\/posts"}],"about":[{"href":"https:\/\/www.europesays.com\/es\/wp-json\/wp\/v2\/types\/post"}],"author":[{"embeddable":true,"href":"https:\/\/www.europesays.com\/es\/wp-json\/wp\/v2\/users\/2"}],"replies":[{"embeddable":true,"href":"https:\/\/www.europesays.com\/es\/wp-json\/wp\/v2\/comments?post=313038"}],"version-history":[{"count":0,"href":"https:\/\/www.europesays.com\/es\/wp-json\/wp\/v2\/posts\/313038\/revisions"}],"wp:featuredmedia":[{"embeddable":true,"href":"https:\/\/www.europesays.com\/es\/wp-json\/wp\/v2\/media\/313039"}],"wp:attachment":[{"href":"https:\/\/www.europesays.com\/es\/wp-json\/wp\/v2\/media?parent=313038"}],"wp:term":[{"taxonomy":"category","embeddable":true,"href":"https:\/\/www.europesays.com\/es\/wp-json\/wp\/v2\/categories?post=313038"},{"taxonomy":"post_tag","embeddable":true,"href":"https:\/\/www.europesays.com\/es\/wp-json\/wp\/v2\/tags?post=313038"}],"curies":[{"name":"wp","href":"https:\/\/api.w.org\/{rel}","templated":true}]}}