{"id":313042,"date":"2025-12-30T01:40:11","date_gmt":"2025-12-30T01:40:11","guid":{"rendered":"https:\/\/www.europesays.com\/es\/313042\/"},"modified":"2025-12-30T01:40:11","modified_gmt":"2025-12-30T01:40:11","slug":"aria-descoloco-en-tve-al-expulsar-al-favorito-de-la-noche-que-habia-asombrado-a-juanjo-nunca-escuche-una-voz-asi-eldiario-es","status":"publish","type":"post","link":"https:\/\/www.europesays.com\/es\/313042\/","title":{"rendered":"&#039;Aria&#039; descoloc\u00f3 en TVE al expulsar al favorito de la noche, que hab\u00eda asombrado a Juanjo: &quot;Nunca escuch\u00e9 una voz as\u00ed&quot; &#8211; elDiario.es"},"content":{"rendered":"<ol>\n<li><a href=\"https:\/\/news.google.com\/rss\/articles\/CBMizwFBVV95cUxPSU5iQU5sTVp1S2RUNXdZeXhsbDY0YWFndGtoWkNzQkZsV0loV0RGNjhGNlZfQkJ0MU8xeTRzMTNBeXdkZWFkakhnVnRoZnRXb1llUTdvS0xzbXQyYWM0M1hEVDlIa2ROS3p0VWJOLVhpZHc5UWNKc2gwQzl4ZzFyYTd6LUFCc1lfMWFuS2JSWjBUemN0MG9wNUtOQ1A1RWZoR18yQ1NfZ0JKRUxrdEU1bXFNb21JanJOcW42WU5fZ0NKYkh6Y0l2X0NwSEs2SFXSAdQBQVVfeXFMT0MtOUQ3LTZHbjdFWS1JR2o2OUNYVFd4TzlUTGRaOW5rVDV5ZDhlNnJKV1lTOGNUODBLMTk5d2N4NjZmN1FvYkpqSGpVRmFfN1JfXzMtQmkwc1d5VlRrVEp6c3R1S1JwdW9CLWhXNWRCaFdqWE5xWGRBTlpjNHdveGYtTnZhSGJfT0hSTVIwSjJiV2xxc2tFSGJHS1ViS1RfQnRvVW5qSU05azMtRTlwUzhpRXhVbVBsbVotSHhzU2hwdzFNemwtT3U5MUw4ZmZpWnMtZ3Y?oc=5\" target=\"_blank\" rel=\"nofollow noopener\">&#8216;Aria&#8217; descoloc\u00f3 en TVE al expulsar al favorito de la noche, que hab\u00eda asombrado a Juanjo: \u00abNunca escuch\u00e9 una voz as\u00ed\u00bb<\/a>&nbsp;&nbsp;elDiario.es<\/li>\n<li><a href=\"https:\/\/news.google.com\/rss\/articles\/CBMimwFBVV95cUxOUUxGdVBlbW1LNTEzTWcybDctSUtLbHB5UnFfQzZBSm5aQmIzZUNXWGVUbnRTYmFNWFdZZ09RbFJRX0YzOTFwZ3d6TUkyVjFhYVNmay00a2EzZU1icUI4XzFlZ0Q4UmVmUV8tOTkzQ3NMSVNkZVNBTVZ6VVRHeVVCZDktTGdLYVZhWUlGV3hIMmJISHprY2NVZEI0NA?oc=5\" target=\"_blank\" rel=\"nofollow noopener\">Cinco nuevos aspirantes debutar\u00e1n en &#8216;ARIA, locos por la \u00f3pera&#8217;<\/a>&nbsp;&nbsp;RTVE.es<\/li>\n<li><a href=\"https:\/\/news.google.com\/rss\/articles\/CBMiiAFBVV95cUxONFFUTGY5UW5qeldteWtndkdfUUlLTUU1MEVVdTMwU2NicUZwTlBHbVgwdnNJOHJvQnppWTBLaE05eWFIWll4YjhDa1BZR08yalMyWmtfaWlxRG5Ua19OUnZTV2g3NGdOazIzQXJPRnVRMEpVRDByVWdpVUdXbzl4WlhlZXBOb3ZK?oc=5\" target=\"_blank\" rel=\"nofollow noopener\">Las mejores voces l\u00edricas<\/a>&nbsp;&nbsp;Segre.com<\/li>\n<li><a href=\"https:\/\/news.google.com\/rss\/articles\/CBMipwFBVV95cUxNMDJSS21uNnNaanhONGRUY3hBRXNuSnB6Y2pNTWtaTkFmVGN1a0t5dXl5dkZRTXV6MkZJOGtfQWJJOVV3YnEtakdDM2dvX3NoN2NtN2MyUVE1aHh0MjBUelJuMzlXbndSY0JodXdoYmdqXzlONVVra2VzdlJIQy0zMktrSFU2RlVSYmh3N2E5WDBySWg1Z1FySHlTdEttSTYzQjlyWGYzVdIBrAFBVV95cUxPVnVYQkNvcEROTnRrTU8zQlhSanpTNkZfcDNYYjVReTYtcDlqLWEtcE5Ud2lWQ3d1RkJLY0E4dG5YSWYwTkpuWTRubWcweVBMU18xUkJtZmJweW5wQi1HclJIVEdsYmgydlN2Tjd3c0w1X1JUMXlsTHA5b2ZZYmxwWTBoa256MGcwT184am9halZrcS1oNmNBMkttdXFsM0RxeldhRmR4RDBnVlM5?oc=5\" target=\"_blank\" rel=\"nofollow noopener\">&#8216;Aria, locos por la \u00f3pera&#8217; conquista al p\u00fablico con su apuesta did\u00e1ctica<\/a>&nbsp;&nbsp;Noticias de Navarra<\/li>\n<li><a href=\"https:\/\/news.google.com\/rss\/articles\/CBMiuwFBVV95cUxQUFdJZXljMk4yMjJabEZSb09KUS1tWUpKOWg1dmI2TUJfZndqRDllMWtveUc1bVVFR0tHaGVYOFl1bUZsMk9oZElEZHpiUlYweHdzeDFUQ2NzdGhHN29JR1E4UFJwVVU2UFpfbmQtanFOY0ZISTVLQ0Nmc0xnaVF3SGY1SURON3dqdFpZR0VZOFFRbGRPMlc4OTkzTUdDX3g4YlVEUmJoQWZSbUMzbGJ0eUxGLTMxZGZha1d30gHAAUFVX3lxTFBPcm1mMkVtMGpqS0NqNllvaE16dk1WdE0wX3dvLThCNTJ1SWhuQXFxc1d5LXNBMG9pSzE1bTI3ZE9xczBvbTdhYTR6SXI3ZFlTckZNRzQ3aTI2bEFzN2tqenRjWjJqcFhUWDE4S2Nwd0dEQ0hLRi1Pbl9hZTl6NFlIU2NoQ3hYQzFJOU9mVkI3VENQbnBqUlNEaE80ZDd2cG9RbVNfNVpiTWlhemxqaFEwVlJHMEEwZ3J0MlVhZmh0Mw?oc=5\" target=\"_blank\" rel=\"nofollow noopener\">TVE mantiene su apuesta por &#8216;Aria, locos por la \u00f3pera&#8217;, a pesar de su discreto estreno en el hueco de David Broncano<\/a>&nbsp;&nbsp;El Confidencial<\/li>\n<\/ol>\n","protected":false},"excerpt":{"rendered":"&#8216;Aria&#8217; descoloc\u00f3 en TVE al expulsar al favorito de la noche, que hab\u00eda asombrado a Juanjo: \u00abNunca escuch\u00e9&hellip;\n","protected":false},"author":2,"featured_media":313043,"comment_status":"","ping_status":"","sticky":false,"template":"","format":"standard","meta":{"footnotes":""},"categories":[171],"tags":[67444,73480,50020,146,147,25,73481,24,25160,16900,8732,13443,193,23,214,3156,1447],"class_list":{"0":"post-313042","1":"post","2":"type-post","3":"status-publish","4":"format-standard","5":"has-post-thumbnail","7":"category-tv","8":"tag-aria","9":"tag-asombrado","10":"tag-descoloco","11":"tag-entertainment","12":"tag-entretenimiento","13":"tag-es","14":"tag-escuche","15":"tag-espana","16":"tag-expulsar","17":"tag-favorito","18":"tag-habia","19":"tag-juanjo","20":"tag-noche","21":"tag-spain","22":"tag-tv","23":"tag-tve","24":"tag-voz"},"share_on_mastodon":{"url":"https:\/\/pubeurope.com\/@es\/115805973571138798","error":""},"_links":{"self":[{"href":"https:\/\/www.europesays.com\/es\/wp-json\/wp\/v2\/posts\/313042","targetHints":{"allow":["GET"]}}],"collection":[{"href":"https:\/\/www.europesays.com\/es\/wp-json\/wp\/v2\/posts"}],"about":[{"href":"https:\/\/www.europesays.com\/es\/wp-json\/wp\/v2\/types\/post"}],"author":[{"embeddable":true,"href":"https:\/\/www.europesays.com\/es\/wp-json\/wp\/v2\/users\/2"}],"replies":[{"embeddable":true,"href":"https:\/\/www.europesays.com\/es\/wp-json\/wp\/v2\/comments?post=313042"}],"version-history":[{"count":0,"href":"https:\/\/www.europesays.com\/es\/wp-json\/wp\/v2\/posts\/313042\/revisions"}],"wp:featuredmedia":[{"embeddable":true,"href":"https:\/\/www.europesays.com\/es\/wp-json\/wp\/v2\/media\/313043"}],"wp:attachment":[{"href":"https:\/\/www.europesays.com\/es\/wp-json\/wp\/v2\/media?parent=313042"}],"wp:term":[{"taxonomy":"category","embeddable":true,"href":"https:\/\/www.europesays.com\/es\/wp-json\/wp\/v2\/categories?post=313042"},{"taxonomy":"post_tag","embeddable":true,"href":"https:\/\/www.europesays.com\/es\/wp-json\/wp\/v2\/tags?post=313042"}],"curies":[{"name":"wp","href":"https:\/\/api.w.org\/{rel}","templated":true}]}}