{"id":313054,"date":"2025-12-30T01:47:06","date_gmt":"2025-12-30T01:47:06","guid":{"rendered":"https:\/\/www.europesays.com\/es\/313054\/"},"modified":"2025-12-30T01:47:06","modified_gmt":"2025-12-30T01:47:06","slug":"espana-enfila-otro-ano-de-crecimiento-con-la-inversion-empresarial-como-principal-reto","status":"publish","type":"post","link":"https:\/\/www.europesays.com\/es\/313054\/","title":{"rendered":"Espa\u00f1a enfila otro a\u00f1o de crecimiento, con la inversi\u00f3n empresarial como principal reto"},"content":{"rendered":"<p>\t\t\t\t\t\t\t\t\t\t\t\u00bfQu\u00e9 ocurrir\u00e1 con la econom\u00eda en 2026? Cada a\u00f1o, l<strong>as casas de an\u00e1lisis se hacen esta pregunta e intentan predecir el futuro escudri\u00f1ando los datos<\/strong> por debajo de la niebla de la incertidumbre. El consenso habla de un crecimiento de la econom\u00eda espa\u00f1ola por encima del 2% \u2014de nuevo muy superior al resto de las econom\u00edas desarrolladas\u2014 con una recomposici\u00f3n significativa de los factores que impulsaron el PIB en ejercicios anteriores.<\/p>\n<blockquote><p>\u00abEl consenso habla de un crecimiento de la econom\u00eda espa\u00f1ola por encima del 2%, con una recomposici\u00f3n de los factores que impulsaron el PIB en ejercicios anteriores\u00bb<\/p><\/blockquote>\n<p><strong><a href=\"https:\/\/agendapublica.es\/noticia\/20426\/favor-gentrificacion-contra-turistificacion\" target=\"_blank\" rel=\"nofollow noopener\">El turismo <\/a>y la llegada de mano de obra se ralentizar\u00e1n<\/strong>, suavizando el crecimiento econ\u00f3mico.<strong> Las exportaciones, que hab\u00edan sido en la \u00faltima d\u00e9cada uno de los aceleradores de la actividad en Espa\u00f1a, han comenzado a debilitarse<\/strong>. Tras resistir en el segundo trimestre la andanada de los aranceles de Donald Trump, ha ca\u00eddo de forma \u00abinesperada\u00bb, seg\u00fan BBVA Research, un 1,1% la venta de bienes al exterior durante el trimestre de verano. <strong>La exportaci\u00f3n de los servicios profesionales creci\u00f3 menos de lo previsto<\/strong> y fue la demanda interna la que sali\u00f3 al rescate de la econom\u00eda.<\/p>\n<p>Esto implica un<strong> cambio importante en la tendencia registrada desde la pandemia<\/strong>, en la que el hogar espa\u00f1ol se hab\u00eda enrocado en una alta tasa de ahorro, con un consumo interno que no acababa de despegar. La previsi\u00f3n de los analistas es que sea ahora esta demanda dom\u00e9stica la que salga a jugar en los pr\u00f3ximos trimestres, pivotando <a href=\"https:\/\/agendapublica.es\/noticia\/20237\/carlos-cuerpo-europa-debe-reducir-sus-dependencias-estrategicas-avanzar-con-mas-agilidad-integracion\" target=\"_blank\" rel=\"nofollow noopener\">el crecimiento espa\u00f1ol<\/a> sobre el gasto privado. Tanto es as\u00ed que el Banco de Espa\u00f1a <strong>revis\u00f3 la semana pasada sus previsiones de septiembre, y espera que el consumo privado crezca en Espa\u00f1a en 2026 un 2,8%<\/strong>, frente al 2% que hab\u00eda estimado apenas tres meses antes.<\/p>\n<p>Esta fortaleza del consumo interno <strong>compensar\u00e1 la ca\u00edda de las exportaciones <\/strong>que el Banco prev\u00e9 para el ejercicio que comienza, y que encontrar\u00e1n su suelo en 2027.\u00a0<\/p>\n<p>El hecho de que el ahorro embalsado en a\u00f1os anteriores pueda suplir la demanda exterior <strong>marca un perfil resiliente de la econom\u00eda espa\u00f1ola<\/strong>, que crece de forma mucho m\u00e1s equilibrada de lo que lo hac\u00eda antes de la burbuja inmobiliaria.\u00a0<\/p>\n<blockquote><p>\u00abLa vivienda ahoga el dinamismo econ\u00f3mico espa\u00f1ol y es uno de los principales focos de incertidumbre a la hora de hacer predicciones\u00bb<\/p><\/blockquote>\n<p>Pero la vivienda <a href=\"https:\/\/agendapublica.es\/noticia\/20478\/geografia-vivienda-espana-fractura-desafia-cohesion-territorial\" target=\"_blank\" rel=\"nofollow noopener\">ahoga<\/a> el dinamismo econ\u00f3mico espa\u00f1ol <strong>y es uno de los principales focos de incertidumbre a la hora de hacer predicciones<\/strong>. El Banco de Espa\u00f1a ve signos mixtos en la evoluci\u00f3n de la construcci\u00f3n que no acaba de despegar para cumplir las necesidades del mercado y relajar los precios. Arcano Research anticipa que el precio de la vivienda residencial en Espa\u00f1a aumentar\u00e1 \u00absensiblemente\u00bb en 2026, lo que supondr\u00e1 <a href=\"https:\/\/agendapublica.es\/noticia\/19944\/desigualdad-espana-ue-riqueza-renta-gini-pobreza\" target=\"_blank\" rel=\"nofollow noopener\">el principal reto social<\/a> del pa\u00eds. Los j\u00f3venes y la poblaci\u00f3n migrante son los colectivos m\u00e1s afectados por esta apreciaci\u00f3n que puede suponer un freno al crecimiento al disuadir a estos grupos de moverse a zonas con alta actividad econ\u00f3mica.<\/p>\n<p>Funcas, el think tank de las Cajas de Ahorro, parte de la hip\u00f3tesis de que la dificultad para encontrar vivienda ralentizar\u00e1 <a href=\"https:\/\/agendapublica.es\/noticia\/20458\/caro-director-opina360-espana-cincuenta-millones-necesita-planificacion-no-polarizacion\" target=\"_blank\" rel=\"nofollow noopener\">el flujo migratorio<\/a> y la poblaci\u00f3n activa extranjera aumentar\u00e1 en 875.000 personas durante el trienio 2025-2027, frente a 1.080.000 en el trienio precedente.\u00a0<\/p>\n<p>Si se logra desatascar la <a href=\"https:\/\/agendapublica.es\/noticia\/20460\/45000-millones-municipales-podrian-aliviar-crisis-vivienda\" target=\"_blank\" rel=\"nofollow noopener\">entrega de nuevas viviendas<\/a> durante 2026, podr\u00eda haber una revisi\u00f3n incluso al alza en las previsiones econ\u00f3micas. Pero por el momento, parece que ser\u00e1 en 2027 cuando realmente se perciba en el mercado el efecto de la nueva construcci\u00f3n.<\/p>\n<p>Otro de los factores que aporta incertidumbre a la hora de dibujar c\u00f3mo ser\u00e1 2026 es la progresiva <a href=\"https:\/\/agendapublica.es\/noticia\/20468\/avanzan-pymes-espanolas-proceso-digitalizacion\" target=\"_blank\" rel=\"nofollow noopener\">digitalizaci\u00f3n<\/a> de la econom\u00eda espa\u00f1ola y <a href=\"https:\/\/agendapublica.es\/noticia\/20455\/nos-roba-ia-nuestros-empleos\" target=\"_blank\" rel=\"nofollow noopener\">el impacto de la IA<\/a>. <strong>Las estad\u00edsticas est\u00e1n teniendo dificultades a la hora de recoger la inversi\u00f3n de las empresas en intangibles<\/strong>, lo que ha dado lugar a varias revisiones de las cifras y muestra que es dif\u00edcil monitorear el esfuerzo que est\u00e1n haciendo las empresas. Pese al fuerte crecimiento de la econom\u00eda en 2026 y el<a href=\"https:\/\/agendapublica.es\/noticia\/20453\/dia-despues-se-acaben-fondos-europeos-economia-seguira-exprimiendo\" target=\"_blank\" rel=\"nofollow noopener\"> empuje de los fondos Next Generation<\/a>,<strong> Espa\u00f1a registr\u00f3 uno de los peores resultados de entre los pa\u00edses de la UE en inversi\u00f3n empresarial, a\u00fan muy por debajo de los niveles prepandemia<\/strong>. El ciclo expansivo de la vivienda podr\u00e1 contrarrestar un poco esta anemia inversora. En un reciente estudio publicado por el economista Rafael Dom\u00e9nech en BBVA, se recoge c\u00f3mo las sociedades en las que la inversi\u00f3n privada es mayor crecen m\u00e1s, hasta 1,5 puntos porcentuales (p. p.) de crecimiento a largo plazo por cada 5 p. p. de inversi\u00f3n privada. <strong>El que las empresas inviertan m\u00e1s es un reto de pa\u00eds, con el tama\u00f1o como primer tap\u00f3n a este impulso.\u00a0<\/strong><\/p>\n<blockquote><p>\u00abLa\u00a0posible incorporaci\u00f3n de la IA en diferentes escalas de los procesos productivos abre una ventana de dudas sobre el empleo\u00bb<\/p><\/blockquote>\n<p>Adem\u00e1s de la dificultad por afinar la estad\u00edstica, la posible incorporaci\u00f3n de la IA en diferentes escalas de los procesos productivos abre una ventana de dudas sobre el empleo. Sin duda, <strong>el mercado al que mirar ser\u00e1 EE. UU., que suele anticiparse en dos o tres a\u00f1os a las tendencias en Europa<\/strong>. Los movimientos de reducci\u00f3n de plantillas y de readaptaci\u00f3n de habilidades que se den durante 2026 al otro lado del Atl\u00e1ntico ser\u00e1n el espejo en el que mirarse. A\u00fan hay <a href=\"https:\/\/agendapublica.es\/noticia\/20285\/burbuja-ia-podria-borrar-35-billones-dolares-economia\" target=\"_blank\" rel=\"nofollow noopener\">muchas dudas<\/a> de si la IA aumentar\u00e1 la productividad tanto como auguran sus principales defensores. Si es as\u00ed, <strong>ser\u00e1 un chute tremendo para la econom\u00eda, si bien dejar\u00e1 un reguero de perdedores<\/strong> que los Estados deber\u00e1n compensar r\u00e1pidamente.<\/p>\n<p>En 2025, <strong>una de cada cinco empresas de la UE con al menos diez empleados utiliz\u00f3 tecnolog\u00edas de inteligencia artificial<\/strong>, seg\u00fan BBVA. Parad\u00f3jicamente, la IA es todav\u00eda muy mala leyendo el futuro, as\u00ed que <strong>a\u00fan no nos podemos fiar de c\u00f3mo cambiar\u00e1 la econom\u00eda en 2026<\/strong>.<\/p>\n","protected":false},"excerpt":{"rendered":"\u00bfQu\u00e9 ocurrir\u00e1 con la econom\u00eda en 2026? Cada a\u00f1o, las casas de an\u00e1lisis se hacen esta pregunta e&hellip;\n","protected":false},"author":2,"featured_media":313055,"comment_status":"","ping_status":"","sticky":false,"template":"","format":"standard","meta":{"footnotes":""},"categories":[80],"tags":[4876,247,82,8112,31413,37259,95,94,4269,25,24,1847,73482,32646,66251,23,3633],"class_list":{"0":"post-313054","1":"post","2":"type-post","3":"status-publish","4":"format-standard","5":"has-post-thumbnail","7":"category-economia","8":"tag-agenda-publica","9":"tag-banco-de-espana","10":"tag-business","11":"tag-crecimiento","12":"tag-desigualdad","13":"tag-digitalizacion","14":"tag-economia","15":"tag-economy","16":"tag-empresa","17":"tag-es","18":"tag-espana","19":"tag-inflacion","20":"tag-inversion-social","21":"tag-macroeconomia","22":"tag-pyme","23":"tag-spain","24":"tag-vivienda"},"share_on_mastodon":{"url":"https:\/\/pubeurope.com\/@es\/115806001072699381","error":""},"_links":{"self":[{"href":"https:\/\/www.europesays.com\/es\/wp-json\/wp\/v2\/posts\/313054","targetHints":{"allow":["GET"]}}],"collection":[{"href":"https:\/\/www.europesays.com\/es\/wp-json\/wp\/v2\/posts"}],"about":[{"href":"https:\/\/www.europesays.com\/es\/wp-json\/wp\/v2\/types\/post"}],"author":[{"embeddable":true,"href":"https:\/\/www.europesays.com\/es\/wp-json\/wp\/v2\/users\/2"}],"replies":[{"embeddable":true,"href":"https:\/\/www.europesays.com\/es\/wp-json\/wp\/v2\/comments?post=313054"}],"version-history":[{"count":0,"href":"https:\/\/www.europesays.com\/es\/wp-json\/wp\/v2\/posts\/313054\/revisions"}],"wp:featuredmedia":[{"embeddable":true,"href":"https:\/\/www.europesays.com\/es\/wp-json\/wp\/v2\/media\/313055"}],"wp:attachment":[{"href":"https:\/\/www.europesays.com\/es\/wp-json\/wp\/v2\/media?parent=313054"}],"wp:term":[{"taxonomy":"category","embeddable":true,"href":"https:\/\/www.europesays.com\/es\/wp-json\/wp\/v2\/categories?post=313054"},{"taxonomy":"post_tag","embeddable":true,"href":"https:\/\/www.europesays.com\/es\/wp-json\/wp\/v2\/tags?post=313054"}],"curies":[{"name":"wp","href":"https:\/\/api.w.org\/{rel}","templated":true}]}}