{"id":313068,"date":"2025-12-30T02:00:14","date_gmt":"2025-12-30T02:00:14","guid":{"rendered":"https:\/\/www.europesays.com\/es\/313068\/"},"modified":"2025-12-30T02:00:14","modified_gmt":"2025-12-30T02:00:14","slug":"el-motivo-detras-de-su-posible-cambio-de-vida","status":"publish","type":"post","link":"https:\/\/www.europesays.com\/es\/313068\/","title":{"rendered":"el motivo detr\u00e1s de su posible cambio de vida"},"content":{"rendered":"<p id=\"eKiWLT_Pww\" data-wc=\"100\">Richard y Alejandra Gere, Amber Heard, Josh Hutcherson, Eva Longoria&#8230; Espa\u00f1a tiene algo que atrae a la \u00e9lite de Hollywood. Desde el c\u00e1lido encanto del sur al fren\u00e9tico (pero adictivo) ritmo de la capital, son numerosos los selectos artistas que dejan atr\u00e1s las colinas de Los \u00c1ngeles para venirse a nuestro pa\u00eds. Ya sea por amor, que se quedaran prendados durante alg\u00fan rodaje o familias, las razones que llevan a esta misma decisi\u00f3n es la que es. Esta \u00faltima, por ejemplo, <a class=\"hm-link ho-link\" href=\"https:\/\/www.hola.com\/actualidad\/20250404824440\/te-imaginas-como-ha-celebrado-alec-baldwin-su-67-cumple-con-sus-7-hijos\/\" data-mrf-recirculation=\"article-body-link\" rel=\"nofollow noopener\" target=\"_blank\">es el motivo que podr\u00eda impulsar el cambio de aires de Alec e Hilaria Baldwi<\/a>n que tanto est\u00e1n buscando.\u00a0<\/p>\n<p> <img src=\"https:\/\/www.europesays.com\/es\/wp-content\/uploads\/2025\/12\/e8213a55b16a-gettyimages-2190319689.jpg\"   width=\"1024\" height=\"742\" loading=\"lazy\" decoding=\"async\" alt=\"Alec e Hilaria Baldwin\" fetchpriority=\"auto\" class=\"image ho-image\"\/>\u00a9 Getty Images<\/p>\n<p id=\"edkD8_2XzW\" data-wc=\"62\">Durante una conversaci\u00f3n para el Daily Mail, Hilaria confesaba que ella, su marido, y sus siete hijos estar\u00edan pensando en mudarse porque \u00abnecesitamos un cambio\u00bb, y que Espa\u00f1a es una de las probabilidades debido a la cercan\u00eda a su familia que supondr\u00eda. \u00abTenemos tantos hijos que siento que necesitamos una aventura. No s\u00e9 a d\u00f3nde iremos, pero necesitamos una aventura\u00bb, comentaba divertida.\u00a0<\/p>\n<p> <img src=\"https:\/\/www.europesays.com\/es\/wp-content\/uploads\/2025\/12\/01ea59f66f72-gettyimages-2200112671.jpg\"   width=\"819\" height=\"1024\" loading=\"lazy\" decoding=\"async\" alt=\"Alec e Hilaria Baldwin\" fetchpriority=\"auto\" class=\"image ho-image\"\/>\u00a9 Getty images<\/p>\n<p id=\"eiII4H24xci\" data-wc=\"63\">Mientras que la influencer es una fiel defensora de &#8216;ir fluyendo&#8217;, Alec, por su parte, prefiere \u00abconocer todos aspectos\u00bb de un posible destino, investigando sobre el estilo de vida, la cultura y dem\u00e1s datos importantes de una localidad. Sin embargo, todo est\u00e1 en el aire y es tan solo una posibilidad. \u00abYa veremos qu\u00e9 nos depara el futuro\u00bb, explicaba ante el medio anglosaj\u00f3n.<\/p>\n<p>El motivo de la mudanza<\/p>\n<p id=\"eZtUKO8RTM\" data-wc=\"40\">Este supuesto cambio de aires vendr\u00eda incentivado por la necesidad de Hilaria de querer evolucionar. \u00abCreo que\u00a0<a class=\"hm-link ho-link\" href=\"https:\/\/www.hola.com\/actualidad\/20240606255133\/alec-baldwin-mujer-hijos-reality-show\/\" data-mrf-recirculation=\"article-body-link\" rel=\"nofollow noopener\" target=\"_blank\">hemos estado muy estancados en cierta forma durante los \u00faltimos a\u00f1os<\/a>\u00ab, confesaba, admitiendo que \u00abser\u00e1 muy liberador, simplemente intentar algo nuevo y diferente\u00bb.\u00a0<\/p>\n<p> <img src=\"https:\/\/www.europesays.com\/es\/wp-content\/uploads\/2025\/12\/4eb3aa1d8fe0-hilariabaldwin-1.png\"   width=\"1024\" height=\"931\" loading=\"lazy\" decoding=\"async\" alt=\"Alec e Hilaria Baldwin con sus hijos\" fetchpriority=\"auto\" class=\"image ho-image\"\/>\u00a9 @hilariabaldwin<\/p>\n<p id=\"eB6L4uL8rL\" data-wc=\"41\">Sin embargo, tienen que plantearse esta mudanza con mucho cuidado, debido a sus hijos. \u00abPuedo vivir en muchos sitios diferentes\u00bb, comentaba divertida Hilaria, explicando que otro de los posibles motivos del cambio ser\u00eda sus hijos, quienes \u00abquieren tener sus propias habitaciones\u00bb.\u00a0<\/p>\n<p> <img src=\"https:\/\/www.europesays.com\/es\/wp-content\/uploads\/2025\/12\/17469ee27ee1-gettyimages-2184243539-pix.png\"   width=\"1024\" height=\"819\" loading=\"lazy\" decoding=\"async\" alt=\"Alec e Hilaria Baldwin con sus hijos\" fetchpriority=\"auto\" class=\"image ho-image\"\/>\u00a9 Getty Images<\/p>\n<p id=\"efNKAMC-pB\" data-wc=\"55\">Actualmente, viven a caballo entre la ciudad Nueva York y su mansi\u00f3n en los Hamptons. All\u00ed, sus siete hijos -Carmen (12), Rafael (10), Leonardo (9), Romeo (7), Eduardo (5), Luc\u00eda (4), Ilaria (3)- disfrutan de la tranquilidad de la localidad costera, donde pueden jugar sin estar al tanto del fren\u00e9tico ritmo de la ciudad neoyorquina.\u00a0<\/p>\n<p>\u00bfPor qu\u00e9 Espa\u00f1a?<\/p>\n<p id=\"eIqCSxi_Bn\" data-wc=\"50\">Si bien naci\u00f3 en Boston, Hilaria estuvo gran parte de su vida en Espa\u00f1a. \u00abNac\u00ed en Boston. Viv\u00ed un tiempo en Boston y en Espa\u00f1a. Mi familia ahora vive en Espa\u00f1a. Me mud\u00e9 a Nueva York a los 19 a\u00f1os y he vivido aqu\u00ed desde entonces\u00bb, ha confesado la influencer.\u00a0<\/p>\n<p> <img src=\"https:\/\/www.europesays.com\/es\/wp-content\/uploads\/2025\/12\/fbf04481460e-0390c2707acd-gettyimages-2204642535.jpg\"   width=\"1024\" height=\"682\" loading=\"lazy\" decoding=\"async\" alt=\"Alec e Hilaria Baldwin\" fetchpriority=\"auto\" class=\"image ho-image\"\/>\u00a9 Getty Images<\/p>\n<p id=\"eh5XZVsgaZ\" data-wc=\"37\">Los padres de Hilaria se mudaron a Mallorca en el a\u00f1o 2011, <a class=\"hm-link ho-link\" href=\"https:\/\/www.hola.com\/actualidad\/20250330823232\/alec-baldwin-visita-sorpresa-espana-numerosa-familia\/\" data-mrf-recirculation=\"article-body-link\" rel=\"nofollow noopener\" target=\"_blank\">isla que la influencer y su familia han visitado en numerosas ocasiones<\/a> a lo largo de estos a\u00f1os cuando necesitan desconectar de sus apretadas agendas.\u00a0<\/p>\n<p> <img src=\"https:\/\/www.europesays.com\/es\/wp-content\/uploads\/2025\/12\/ff6f409bee09-hilariabaldwin-2.png\"   width=\"1024\" height=\"1024\" loading=\"lazy\" decoding=\"async\" alt=\"Alec e Hilaria Baldwin con sus hijos\" fetchpriority=\"auto\" class=\"image ho-image\"\/>\u00a9 @hilariabaldwin<\/p>\n<p id=\"e0TjtMZiVR\" data-wc=\"44\">Hace cinco a\u00f1os, Hilaria fue criticada por modificar su acento, siendo acusada de haber mentido acerca de su ascendencia espa\u00f1ola. Sin embargo, ella siempre ha defendido que creci\u00f3 hablando castellano y todo el tiempo que ha pasado en la casa balear de sus padres.\u00a0<\/p>\n<p>Sus hijos, su mayor apoyo<\/p>\n<p id=\"eMayVnOosf\" data-wc=\"63\">Tanto Hilaria como Alec han hablado en m\u00e1s de una ocasi\u00f3n sobre como su familia es lo m\u00e1s importante para ellos. El actor, que ha participado en pel\u00edculas como Pearl Harbor, The Shadow\u00a0o Still Alice, <a class=\"hm-link ho-link\" href=\"https:\/\/www.hola.com\/actualidad\/20251223874575\/la-estremecedora-confesion-de-alec-baldwin-sobre-su-salud-mental-tras-el-caso-rust-no-quiero-despertarme-otro-dia\/\" data-mrf-recirculation=\"article-body-link\" rel=\"nofollow noopener\" target=\"_blank\">ha confesado recientemente el oscuro momento que atraves\u00f3 tras los juicios del caso Rust,<\/a> en 2021, y como sus hijos han sido su red de apoyo emocional.\u00a0<\/p>\n<p> <img src=\"https:\/\/www.europesays.com\/es\/wp-content\/uploads\/2025\/12\/c942143ae81e-gettyimages-2184243851-pix.png\"   width=\"1024\" height=\"682\" loading=\"lazy\" decoding=\"async\" alt=\"Alec e Hilaria Baldwin con sus hijos\" fetchpriority=\"auto\" class=\"image ho-image\"\/>\u00a9 Getty Images<\/p>\n<p id=\"e0lbGmXTseD\" data-wc=\"68\">\u00abTengo 67 a\u00f1os, un beb\u00e9 de 3 a\u00f1os. Tengo muchos hijos en casa, y me salvaron la vida\u00bb, explic\u00f3 el int\u00e9rprete. \u00abTengo mucho amor para dar y tengo a todos estos ni\u00f1os a mi alrededor todo el d\u00eda y realmente no he estado&#8230; haciendo gran cosa en los \u00faltimos tes a\u00f1os y medio. Estuve en casa todo el tiempo y me salvaron. Me salvaron la vida\u00bb; repiti\u00f3 Alec.\u00a0<\/p>\n","protected":false},"excerpt":{"rendered":"Richard y Alejandra Gere, Amber Heard, Josh Hutcherson, Eva Longoria&#8230; Espa\u00f1a tiene algo que atrae a la \u00e9lite&hellip;\n","protected":false},"author":2,"featured_media":313069,"comment_status":"","ping_status":"","sticky":false,"template":"","format":"standard","meta":{"footnotes":""},"categories":[174],"tags":[517,50728,255,146,147,25,24,256,26608,23],"class_list":{"0":"post-313068","1":"post","2":"type-post","3":"status-publish","4":"format-standard","5":"has-post-thumbnail","7":"category-famosos","8":"tag-actualidad","9":"tag-alec-baldwin","10":"tag-celebrities","11":"tag-entertainment","12":"tag-entretenimiento","13":"tag-es","14":"tag-espana","15":"tag-famosos","16":"tag-hilaria-baldwin","17":"tag-spain"},"share_on_mastodon":{"url":"https:\/\/pubeurope.com\/@es\/115806052474112161","error":""},"_links":{"self":[{"href":"https:\/\/www.europesays.com\/es\/wp-json\/wp\/v2\/posts\/313068","targetHints":{"allow":["GET"]}}],"collection":[{"href":"https:\/\/www.europesays.com\/es\/wp-json\/wp\/v2\/posts"}],"about":[{"href":"https:\/\/www.europesays.com\/es\/wp-json\/wp\/v2\/types\/post"}],"author":[{"embeddable":true,"href":"https:\/\/www.europesays.com\/es\/wp-json\/wp\/v2\/users\/2"}],"replies":[{"embeddable":true,"href":"https:\/\/www.europesays.com\/es\/wp-json\/wp\/v2\/comments?post=313068"}],"version-history":[{"count":0,"href":"https:\/\/www.europesays.com\/es\/wp-json\/wp\/v2\/posts\/313068\/revisions"}],"wp:featuredmedia":[{"embeddable":true,"href":"https:\/\/www.europesays.com\/es\/wp-json\/wp\/v2\/media\/313069"}],"wp:attachment":[{"href":"https:\/\/www.europesays.com\/es\/wp-json\/wp\/v2\/media?parent=313068"}],"wp:term":[{"taxonomy":"category","embeddable":true,"href":"https:\/\/www.europesays.com\/es\/wp-json\/wp\/v2\/categories?post=313068"},{"taxonomy":"post_tag","embeddable":true,"href":"https:\/\/www.europesays.com\/es\/wp-json\/wp\/v2\/tags?post=313068"}],"curies":[{"name":"wp","href":"https:\/\/api.w.org\/{rel}","templated":true}]}}