{"id":313076,"date":"2025-12-30T02:05:11","date_gmt":"2025-12-30T02:05:11","guid":{"rendered":"https:\/\/www.europesays.com\/es\/313076\/"},"modified":"2025-12-30T02:05:11","modified_gmt":"2025-12-30T02:05:11","slug":"zack-snyder-muestra-las-primeras-imagenes-de-su-nueva-pelicula-y-es-diferente-a-todo-lo-que-ha-hecho-el-director","status":"publish","type":"post","link":"https:\/\/www.europesays.com\/es\/313076\/","title":{"rendered":"Zack Snyder muestra las primeras im\u00e1genes de su nueva pel\u00edcula y es diferente a todo lo que ha hecho el director"},"content":{"rendered":"<p class=\"\"><a href=\"https:\/\/as.com\/meristation\/cine\/zack-snyder-y-james-gunn-comparten-imagenes-de-su-unico-proyecto-juntos-y-no-deberias-abrirlas-en-el-trabajo-f202512-n\/\" target=\"_blank\" rel=\"nofollow noopener\" title=\"https:\/\/as.com\/meristation\/cine\/zack-snyder-y-james-gunn-comparten-imagenes-de-su-unico-proyecto-juntos-y-no-deberias-abrirlas-en-el-trabajo-f202512-n\/\"><b>Zack Snyder<\/b><\/a> es uno de los directores de cine m\u00e1s reconocidos a nivel mundial, y es que se trata de una figura que no deja indiferente a nadie. Con obras tan destacadas como \u2018Amanecer de los muertos\u2019 y las adaptaciones de \u2018300\u2032 y \u2018Watchmen\u2019, en los \u00faltimos tiempos se dedic\u00f3 por completo a los superh\u00e9roes y la ciencia ficci\u00f3n con obras como \u2018<a href=\"https:\/\/as.com\/meristation\/cine\/zack-snyder-comparte-la-imagen-mas-sorprendente-de-henry-cavill-con-el-traje-clasico-de-superman-f202512-n\/\" target=\"_blank\" rel=\"nofollow noopener\" title=\"https:\/\/as.com\/meristation\/cine\/zack-snyder-comparte-la-imagen-mas-sorprendente-de-henry-cavill-con-el-traje-clasico-de-superman-f202512-n\/\">El hombre de acero<\/a>\u2019, \u2018Batman v Superman\u2019, \u2018Liga de la justicia\u2019 y \u2018Rebel Moon\u2019. <\/p>\n<p class=\"\">Una figura que ha destacado por su gran versatilidad, dirigiendo tambi\u00e9n pel\u00edculas como \u2018Sucker Punch\u2019 y \u2018Ga\u2019Hoole: la leyenda de los guardianes\u2019, pero su pr\u00f3ximo proyecto no tiene nada que ver con lo realizado anteriormente. Se trata de un <b>drama real<\/b>, alejado de la fantas\u00eda, y sus primeras im\u00e1genes demuestran que es diferente a todo lo que ha hecho Snyder hasta el momento.<\/p>\n<blockquote class=\"twitter-tweet\">\n<p lang=\"en\" dir=\"ltr\">First look at Zack Snyder\u2019s next film \u2018THE LAST PHOTOGRAPH\u2019<\/p>\n<p>The film follows man searching for his missing niece &amp; nephew after the murders of their parents. The only man who can help him is a photographer who saw the killers. <a href=\"https:\/\/t.co\/o1YuYagujF\" rel=\"nofollow\">pic.twitter.com\/o1YuYagujF<\/a><\/p>\n<p>\u2014 DiscussingFilm (@DiscussingFilm) <a href=\"https:\/\/twitter.com\/DiscussingFilm\/status\/2005345607955931413?ref_src=twsrc%5Etfw\" rel=\"nofollow noopener\" target=\"_blank\">December 28, 2025<\/a><\/p><\/blockquote>\n<p>Un director que vuelve a demostrar su versatilidad<\/p>\n<p class=\"\">Protagonizada por el actor irland\u00e9s <b>Fra Fee<\/b> y el brit\u00e1nico <b>Stuart Martin<\/b>, se desconoce su fecha de estreno. Un proyecto so\u00f1ado por Zack Snyder desde la primera d\u00e9cada de los 2000, y que muchos a\u00f1os despu\u00e9s est\u00e1 cerca de hacerse realidad.<\/p>\n<p class=\"\">La <b>sinopsis<\/b> de \u2018The Last Photograph\u2019 dice lo siguiente: \u201cUn ex agente de la DEA busca en las monta\u00f1as sudamericanas a los hijos de sus hermanos diplom\u00e1ticos asesinados, ayudado por un fot\u00f3grafo que vio a los asesinos, enfrent\u00e1ndose a los demonios del pasado mientras la realidad se desdibuja en la remota naturaleza\u201d.<\/p>\n<p>Noticias relacionadas<\/p>\n<p class=\"\">Suscr\u00edbete al <a href=\"https:\/\/www.youtube.com\/@meristation\" target=\"_self\" rel=\"nofollow noopener\" title=\"https:\/\/www.youtube.com\/@meristation\">canal de MeriStation en YouTube<\/a>, tu web de videojuegos y entretenimiento para conocer todas las noticias y novedades sobre el mundo del videojuego, cine, series, manga y anime. An\u00e1lisis, entrevistas, tr\u00e1ileres, gameplays, p\u00f3dcast y mucho m\u00e1s. Tambi\u00e9n te animamos a seguir <a href=\"https:\/\/www.tiktok.com\/@meristation\" rel=\"nofollow noopener\" title=\"https:\/\/www.tiktok.com\/@meristation\" target=\"_blank\">nuestra cuenta de TikTok<\/a>. <\/p>\n<p class=\"\">\u00a1S\u00edguenos en ambas y, si est\u00e1s interesado en licenciar este contenido, pincha <a href=\"https:\/\/profesional.elpais.com\/soluciones-sindicacion?utm_medium=interno&amp;utm_source=crosslinking&amp;utm_campaign=sindicacion_as_pie_articulos\" target=\"_blank\" rel=\"nofollow noopener\" title=\"https:\/\/profesional.elpais.com\/soluciones-sindicacion?utm_medium=interno&amp;utm_source=crosslinking&amp;utm_campaign=sindicacion_as_pie_articulos\">aqu\u00ed<\/a>!<\/p>\n<p><script async src=\"https:\/\/platform.twitter.com\/widgets.js\" charset=\"utf-8\"><\/script><script async src=\"\/\/www.tiktok.com\/embed.js\"><\/script><\/p>\n","protected":false},"excerpt":{"rendered":"Zack Snyder es uno de los directores de cine m\u00e1s reconocidos a nivel mundial, y es que se&hellip;\n","protected":false},"author":2,"featured_media":313077,"comment_status":"","ping_status":"","sticky":false,"template":"","format":"standard","meta":{"footnotes":""},"categories":[169],"tags":[177,146,147,25,24,176,175,23],"class_list":{"0":"post-313076","1":"post","2":"type-post","3":"status-publish","4":"format-standard","5":"has-post-thumbnail","7":"category-cine","8":"tag-cine","9":"tag-entertainment","10":"tag-entretenimiento","11":"tag-es","12":"tag-espana","13":"tag-film","14":"tag-movies","15":"tag-spain"},"share_on_mastodon":{"url":"https:\/\/pubeurope.com\/@es\/115806071935669868","error":""},"_links":{"self":[{"href":"https:\/\/www.europesays.com\/es\/wp-json\/wp\/v2\/posts\/313076","targetHints":{"allow":["GET"]}}],"collection":[{"href":"https:\/\/www.europesays.com\/es\/wp-json\/wp\/v2\/posts"}],"about":[{"href":"https:\/\/www.europesays.com\/es\/wp-json\/wp\/v2\/types\/post"}],"author":[{"embeddable":true,"href":"https:\/\/www.europesays.com\/es\/wp-json\/wp\/v2\/users\/2"}],"replies":[{"embeddable":true,"href":"https:\/\/www.europesays.com\/es\/wp-json\/wp\/v2\/comments?post=313076"}],"version-history":[{"count":0,"href":"https:\/\/www.europesays.com\/es\/wp-json\/wp\/v2\/posts\/313076\/revisions"}],"wp:featuredmedia":[{"embeddable":true,"href":"https:\/\/www.europesays.com\/es\/wp-json\/wp\/v2\/media\/313077"}],"wp:attachment":[{"href":"https:\/\/www.europesays.com\/es\/wp-json\/wp\/v2\/media?parent=313076"}],"wp:term":[{"taxonomy":"category","embeddable":true,"href":"https:\/\/www.europesays.com\/es\/wp-json\/wp\/v2\/categories?post=313076"},{"taxonomy":"post_tag","embeddable":true,"href":"https:\/\/www.europesays.com\/es\/wp-json\/wp\/v2\/tags?post=313076"}],"curies":[{"name":"wp","href":"https:\/\/api.w.org\/{rel}","templated":true}]}}