{"id":313093,"date":"2025-12-30T02:21:08","date_gmt":"2025-12-30T02:21:08","guid":{"rendered":"https:\/\/www.europesays.com\/es\/313093\/"},"modified":"2025-12-30T02:21:08","modified_gmt":"2025-12-30T02:21:08","slug":"marino-rodriguez-es-el-nuevo-entrenador-del-lujisa-guadalajara-de-tercera-feb-nuevaalcarria","status":"publish","type":"post","link":"https:\/\/www.europesays.com\/es\/313093\/","title":{"rendered":"Marino Rodriguez es el nuevo entrenador del Lujisa Guadalajara de Tercera FEB | NuevaAlcarria"},"content":{"rendered":"<p>Vuelve al banquillo morado en el que ya estuvo en temporadas anteriores.\u00a0Es un entrenador muy ligado al\u00a0club al igual que al baloncesto de Guadalajara como jugador y como entrenador.<\/p>\n<p>\u00a0<\/p>\n<p>Tiene una extensa trayectoria,con cerca de veinte temporadas, como jugador en ligas FEB. Sus inicios fueron en las categor\u00edas inferiores del CB Guadalajara y del Real Madrid para luego pasar por distintos equipos en Murcia, Plasencia o Alcala de Henares y en equipos alcarre\u00f1os como los extintos CB Guadalajara durante cinco a\u00f1os y tres en Basket Azuqueca.<\/p>\n<p>\u00a0<\/p>\n<p>Como entrenador ha estado en equipos de Guadalajara. En el CEBA de Plata fue segundo de Javier Juarez en la temporada 2013-14 y en la 2014-15 del Primera Nacional y en\u00a0 el basket Azuqueca en la 2015-16 en liga EBA.<\/p>\n<p>\u00a0<\/p>\n<p>En Guadalajara basket ser\u00e1 su s\u00e9ptima temporada. Se estrena en la temporada 2016-17 con el equipo sub 21que se proclama campe\u00f3n de Castilla La Mancha. En la 2018-19 y la 2019-20 toma las riendas del equipo de liga EBA, ahora Tercera FEB. Pasando las tres temporadas siguientes dirigiendo el cadete regional masculino.<\/p>\n<p>\u00a0<\/p>\n<p>Marino asume el reto de luchar por estar entre los cuatro primeros del Grupo BB de Tercera FEB.<\/p>\n","protected":false},"excerpt":{"rendered":"Vuelve al banquillo morado en el que ya estuvo en temporadas anteriores.\u00a0Es un entrenador muy ligado al\u00a0club al&hellip;\n","protected":false},"author":2,"featured_media":313094,"comment_status":"","ping_status":"","sticky":false,"template":"","format":"standard","meta":{"footnotes":""},"categories":[269],"tags":[442,299,73495,298,168,73497,25,24,439,73496,441,3921,73494,73493,443,440,23,167,12270],"class_list":{"0":"post-313093","1":"post","2":"type-post","3":"status-publish","4":"format-standard","5":"has-post-thumbnail","7":"category-baloncesto","8":"tag-actualidad-guadalajara","9":"tag-baloncesto","10":"tag-baloncesto-guadalajara","11":"tag-basketball","12":"tag-deportes","13":"tag-deportes-guadalajara","14":"tag-es","15":"tag-espana","16":"tag-guadalajara","17":"tag-guadalajara-basket","18":"tag-informacion-guadalajara","19":"tag-liga-eba","20":"tag-lujisa-guadalajara","21":"tag-marino-rodriguez","22":"tag-noticias-guadalajara","23":"tag-nueva-alcarria","24":"tag-spain","25":"tag-sports","26":"tag-tercera-feb"},"share_on_mastodon":{"url":"https:\/\/pubeurope.com\/@es\/115806134825025593","error":""},"_links":{"self":[{"href":"https:\/\/www.europesays.com\/es\/wp-json\/wp\/v2\/posts\/313093","targetHints":{"allow":["GET"]}}],"collection":[{"href":"https:\/\/www.europesays.com\/es\/wp-json\/wp\/v2\/posts"}],"about":[{"href":"https:\/\/www.europesays.com\/es\/wp-json\/wp\/v2\/types\/post"}],"author":[{"embeddable":true,"href":"https:\/\/www.europesays.com\/es\/wp-json\/wp\/v2\/users\/2"}],"replies":[{"embeddable":true,"href":"https:\/\/www.europesays.com\/es\/wp-json\/wp\/v2\/comments?post=313093"}],"version-history":[{"count":0,"href":"https:\/\/www.europesays.com\/es\/wp-json\/wp\/v2\/posts\/313093\/revisions"}],"wp:featuredmedia":[{"embeddable":true,"href":"https:\/\/www.europesays.com\/es\/wp-json\/wp\/v2\/media\/313094"}],"wp:attachment":[{"href":"https:\/\/www.europesays.com\/es\/wp-json\/wp\/v2\/media?parent=313093"}],"wp:term":[{"taxonomy":"category","embeddable":true,"href":"https:\/\/www.europesays.com\/es\/wp-json\/wp\/v2\/categories?post=313093"},{"taxonomy":"post_tag","embeddable":true,"href":"https:\/\/www.europesays.com\/es\/wp-json\/wp\/v2\/tags?post=313093"}],"curies":[{"name":"wp","href":"https:\/\/api.w.org\/{rel}","templated":true}]}}