{"id":313156,"date":"2025-12-30T03:13:10","date_gmt":"2025-12-30T03:13:10","guid":{"rendered":"https:\/\/www.europesays.com\/es\/313156\/"},"modified":"2025-12-30T03:13:10","modified_gmt":"2025-12-30T03:13:10","slug":"reaparece-con-cambio-de-look-dark-nueva-mujer","status":"publish","type":"post","link":"https:\/\/www.europesays.com\/es\/313156\/","title":{"rendered":"reaparece con cambio de look &#8216;dark&#8217; \u2013 Nueva Mujer"},"content":{"rendered":"<p class=\"c-paragraph\"><b>\u00c1ngela Aguilar<\/b> vuelve a estar en el centro de la conversaci\u00f3n y, una vez m\u00e1s, demuestra que cada paso que da genera impacto. Esta vez no fue por un lanzamiento musical ni por uno de sus vestidos tradicionales llenos de bordados y colores vibrantes, sino por un giro inesperado en su imagen que marc\u00f3 el cierre de 2026. <\/p>\n<p class=\"c-paragraph\">Su aparici\u00f3n en el exclusivo evento <b>Grammy Celebration of Latin Music<\/b> dej\u00f3 claro que la cantante est\u00e1 lista para reinventarse y explorar territorios est\u00e9ticos completamente nuevos.<\/p>\n<p><img decoding=\"async\" data-chromatic=\"ignore\" alt=\"\u00c1ngela Aguilar\" class=\"c-image\" loading=\"lazy\" src=\"https:\/\/www.europesays.com\/es\/wp-content\/uploads\/2025\/12\/DXJKNANWTRDMNALUOEUTXDOGHM.jpg\"  width=\"800\" height=\"1000\"\/>\u00c1ngela Aguilar Instagram: @ltorresbeauty (Instagram: @ltorresbeauty) <\/p>\n<p class=\"c-paragraph\">Desde el inicio de su carrera, <b>\u00c1ngela Aguilar<\/b> ha sido vista como una embajadora de la cultura mexicana, llevando con orgullo prendas artesanales que honran las ra\u00edces del pa\u00eds. <\/p>\n<p class=\"c-paragraph\">Sin embargo, su presencia en los eventos previos a los Grammys <b>mostr\u00f3 una faceta distinta<\/b>: <b>m\u00e1s arriesgada, sofisticada y con un aire \u201cdark\u201d<\/b> que rompi\u00f3 por completo con lo que el p\u00fablico estaba acostumbrado a ver. Para muchos, fue la se\u00f1al de una transici\u00f3n hacia una etapa m\u00e1s madura, tanto en lo personal como en lo art\u00edstico.<\/p>\n<p><b>\u00c1ngela Aguilar cierra el a\u00f1o con un cambio \u201cradical\u201d de look<\/b><\/p>\n<p class=\"c-paragraph\">El look que eligi\u00f3 no pas\u00f3 desapercibido. <b>\u00c1ngela Aguilar <\/b>opt\u00f3 por un <b>vestido negro de lentejuelas<\/b>, adornado con cintas que aportaban movimiento y un toque vanguardista. <\/p>\n<p class=\"c-paragraph\">El dise\u00f1o, de cuello alto y sin mangas, estiliz\u00f3 su silueta de forma elegante pero atrevida, alej\u00e1ndose radicalmente de los <b>cors\u00e9s y faldas amplias<\/b> que han sido parte de su sello visual durante a\u00f1os. <\/p>\n<p class=\"c-paragraph\">Este contraste confirm\u00f3 que la int\u00e9rprete puede pasar de un vestido artesanal mexicano a un dise\u00f1o de alta costura sin perder identidad.<\/p>\n<p class=\"c-paragraph\">El cambio m\u00e1s comentado lleg\u00f3 con su beauty look. La cantante de <b>\u2018Qu\u00e9 Agon\u00eda\u2019<\/b><b> <\/b>apost\u00f3 por un <b>\u201cwet look\u201d<\/b>, un peinado con efecto h\u00famedo y ligeramente alborotado que reforz\u00f3 la est\u00e9tica g\u00f3tica del conjunto. <\/p>\n<p class=\"c-paragraph\">El maquillaje tambi\u00e9n se transform\u00f3: <b>dej\u00f3 atr\u00e1s los tonos naturales para dar paso a sombras intensas en los ojos y labios en un caf\u00e9 profundo<\/b>, logrando una imagen poderosa y enigm\u00e1tica que dividi\u00f3 opiniones entre sus seguidores.<\/p>\n<p class=\"c-paragraph\">M\u00e1s all\u00e1 de la pol\u00e9mica, la noche tuvo un momento especial sobre el escenario. <b>\u00c1ngela Aguilar<\/b> rindi\u00f3 un emotivo tributo a <b>Linda Ronstadt<\/b> al interpretar el cl\u00e1sico \u2018You\u2019re No Good\u2019. Su potencia vocal, combinada con esta nueva imagen \u2018rockera\u2019, encaj\u00f3 de manera natural con la melod\u00eda, dejando claro que su talento va m\u00e1s all\u00e1 de un solo g\u00e9nero.<\/p>\n<p><b>\u00bf\u00c1ngela Aguilar copi\u00f3 look \u2018dark\u2019 de Cazzu?<\/b><\/p>\n<p class=\"c-paragraph\">Como suele ocurrir en redes sociales, las comparaciones no tardaron en aparecer. Algunos fans de la cantante argentina <b>Cazzu<\/b>, ex pareja de su esposo <b>Christian Nodal<\/b>, se\u00f1alaron que el estilo era similar al de la llamada Nena Trampa. <\/p>\n<p class=\"c-paragraph\">Incluso comentaron que el vestido de lentejuelas negro con cintas recordaba a uno que ella utiliz\u00f3 recientemente. Mientras unos hablaron de inspiraci\u00f3n, otros aplaudieron que<b> \u00c1ngela Aguilar<\/b> se atreviera a experimentar con una est\u00e9tica distinta.<\/p>\n<p class=\"c-paragraph\">En redes sociales, los comentarios reflejaron la diversidad de opiniones sobre su desempe\u00f1o y su evoluci\u00f3n art\u00edstica. <\/p>\n<p class=\"c-paragraph\">Algunos usuarios escribieron: <b>\u201cElla lo hace bien en cualquier estilo, adem\u00e1s un cantante debe atreverse a desafiar cualquier g\u00e9nero. Bien por ella\u201d.<\/b> Otros opinaron: <b>\u201cCant\u00f3 muy bien, pero que no deje el regional mexicano\u201d.<\/b> Tambi\u00e9n se leyeron mensajes como: <\/p>\n<p class=\"c-paragraph\"><b>\u201cFueron dos desaf\u00edos, cant\u00f3 en ingl\u00e9s y con un vestuario totalmente al que acostumbra y lo hizo muy bien. Dejen de criticarla\u201d<\/b>, <b>\u201cSe ve que se desenvuelve muy bien cantando en ingl\u00e9s. Se vio s\u00faper vers\u00e1til y se olvid\u00f3 un momento del ranchero\u201d<\/b> y <b>\u201cSe ve que disfrut\u00f3 cantar la canci\u00f3n y el g\u00e9nero. Lo hizo bien\u201d.<\/b><\/p>\n<p class=\"c-paragraph\">Con este cierre de 2026, <b>\u00c1ngela Aguilar<\/b> deja claro que la evoluci\u00f3n tambi\u00e9n es parte del \u00e9xito. Su cambio de look no solo marca una nueva etapa visual, sino que confirma que est\u00e1 lista para seguir sorprendiendo, incluso cuando eso implique romper con las expectativas.<\/p>\n","protected":false},"excerpt":{"rendered":"\u00c1ngela Aguilar vuelve a estar en el centro de la conversaci\u00f3n y, una vez m\u00e1s, demuestra que cada&hellip;\n","protected":false},"author":2,"featured_media":313157,"comment_status":"","ping_status":"","sticky":false,"template":"","format":"standard","meta":{"footnotes":""},"categories":[170],"tags":[52343,73510,73511,73513,73514,146,147,25,24,73512,184,185,23],"class_list":{"0":"post-313156","1":"post","2":"type-post","3":"status-publish","4":"format-standard","5":"has-post-thumbnail","7":"category-musica","8":"tag-angela-aguilar","9":"tag-angela-aguilar-cambio-de-look","10":"tag-angela-aguilar-grammys-2026","11":"tag-angela-aguilar-homenaje-linda-ronstadt","12":"tag-angela-aguilar-nuevo-look","13":"tag-entertainment","14":"tag-entretenimiento","15":"tag-es","16":"tag-espana","17":"tag-look-dark-angela-aguilar","18":"tag-music","19":"tag-musica","20":"tag-spain"},"share_on_mastodon":{"url":"https:\/\/pubeurope.com\/@es\/115806339276431000","error":""},"_links":{"self":[{"href":"https:\/\/www.europesays.com\/es\/wp-json\/wp\/v2\/posts\/313156","targetHints":{"allow":["GET"]}}],"collection":[{"href":"https:\/\/www.europesays.com\/es\/wp-json\/wp\/v2\/posts"}],"about":[{"href":"https:\/\/www.europesays.com\/es\/wp-json\/wp\/v2\/types\/post"}],"author":[{"embeddable":true,"href":"https:\/\/www.europesays.com\/es\/wp-json\/wp\/v2\/users\/2"}],"replies":[{"embeddable":true,"href":"https:\/\/www.europesays.com\/es\/wp-json\/wp\/v2\/comments?post=313156"}],"version-history":[{"count":0,"href":"https:\/\/www.europesays.com\/es\/wp-json\/wp\/v2\/posts\/313156\/revisions"}],"wp:featuredmedia":[{"embeddable":true,"href":"https:\/\/www.europesays.com\/es\/wp-json\/wp\/v2\/media\/313157"}],"wp:attachment":[{"href":"https:\/\/www.europesays.com\/es\/wp-json\/wp\/v2\/media?parent=313156"}],"wp:term":[{"taxonomy":"category","embeddable":true,"href":"https:\/\/www.europesays.com\/es\/wp-json\/wp\/v2\/categories?post=313156"},{"taxonomy":"post_tag","embeddable":true,"href":"https:\/\/www.europesays.com\/es\/wp-json\/wp\/v2\/tags?post=313156"}],"curies":[{"name":"wp","href":"https:\/\/api.w.org\/{rel}","templated":true}]}}