{"id":313195,"date":"2025-12-30T03:41:15","date_gmt":"2025-12-30T03:41:15","guid":{"rendered":"https:\/\/www.europesays.com\/es\/313195\/"},"modified":"2025-12-30T03:41:15","modified_gmt":"2025-12-30T03:41:15","slug":"anabel-pantoja-vive-su-peor-momento-su-novio-david-y-su-madre-merchi-se-han-negado-en-rotundo-a-pasar-las-navidades-juntos","status":"publish","type":"post","link":"https:\/\/www.europesays.com\/es\/313195\/","title":{"rendered":"Anabel Pantoja vive su peor momento: \u00abSu novio David y su madre Merchi se han negado en rotundo a pasar las Navidades juntos\u00bb"},"content":{"rendered":"<p>No han sido las mejores fechas para <strong>Anabel Pantoja<\/strong>. La sobrina de la tonadillera se ha visto en mitad de una situaci\u00f3n altamente inc\u00f3moda. Su madre, Merchi, y su novio, David, intentan tener el m\u00ednimo contacto posible. La revista Lecturas ha podido saber que <strong>la tensi\u00f3n ha marcado la celebraci\u00f3n de estas fechas<\/strong> tan se\u00f1aladas.<\/p>\n<p>Anabel tuvo que hacer malabares para poder estar con todos sus seres queridos. Instalada en Sevilla para disfrutar de la Nochebuena y el d\u00eda de Navidad, la influencer se ha encontrado con que <strong>su madre y su novio no quieren compartir espacio<\/strong>. La tensi\u00f3n es tal que Anabel durmi\u00f3 en casa de su madre mientras su novio lo hac\u00eda en un piso que l influencer tiene en Sevilla.<\/p>\n<p><img loading=\"lazy\" decoding=\"async\"   src=\"https:\/\/www.europesays.com\/es\/wp-content\/uploads\/2025\/12\/anabel-pantoja_a2e8d9f7_251229172040_1200x1799.webp.webp\" alt=\"Anabel Pantoja\" class=\"lazyload\" width=\"1200\" height=\"1799\" data-aspectratio=\"1200\/1799\"\/>&#13;Gar\u00f3fano<\/p>\n<p><strong>La relaci\u00f3n familiar no est\u00e1 en el mejor momento<\/strong>. A pesar de los esfuerzos de Anabel, no hay punto de encuentro para suegra y yerno. Tal y como ya hab\u00eda avanzado la revista Lecturas, Anabel y su peque\u00f1a no pasaron la Nochebuena con Merchi por expresa petici\u00f3n de David. Optaron por cenar en C\u00f3rdoba con la familia del fisioterapeuta.<\/p>\n<p>Unas Navidades divididas<\/p>\n<p><strong>La peor pesadilla de Anabel vuelve a repetirse<\/strong>. Si ya ha tenido que hacer equilibrios entre su madre y su padre durante a\u00f1os y entre su t\u00eda Isabel y sus primos Kiko e Isa, ahora Anabel vuelve a seguir el mismo patr\u00f3n. Su novio David y su madre Merchi prefieren no coincidir. La relaci\u00f3n est\u00e1 completamente rota.<\/p>\n<p><img loading=\"lazy\" decoding=\"async\"   src=\"https:\/\/www.europesays.com\/es\/wp-content\/uploads\/2025\/12\/anabel-pantoja_e2af1b57_251229172026_1200x669.webp.webp\" alt=\"Anabel Pantoja\" class=\"lazyload\" width=\"1200\" height=\"669\" data-aspectratio=\"1200\/669\"\/>&#13;Lecturas<\/p>\n<p>Anabel se muestra feliz y despreocupada cuando tiene que compartir im\u00e1genes y v\u00eddeos en sus redes sociales, pero la realidad est\u00e1 muy lejos. Triste y preocupada, ha visto como el nacimiento de su hija no ha hecho m\u00e1s que complicar la situaci\u00f3n familia. Su pareja no quiere saber nada de la madre de la influencer.<\/p>\n<p>\u00abMerchi y David <strong>se han negado en rotundo a pasar las Navidades juntos<\/strong>. Anabel y David s\u00ed que disfrutan juntos y Anabel con su madre tambi\u00e9n. Ella pas\u00f3 las Navidades con David y su familia en C\u00f3rdoba. Ya est\u00e1n en Sevilla pero David no se ha dejado ver con este entorno. Esta vez no han dormido en casa de Merchi como s\u00ed hemos visto en otras ocasiones\u00bb, han contado desde el programa &#8216;El tiempo justo&#8217;.<\/p>\n<p>A la espera del archivo<\/p>\n<p>Mientras tanto, <strong>la situaci\u00f3n judicial de Anabel sigue su camino<\/strong>. La pareja conf\u00eda en que la pesadilla que comenz\u00f3 hace un a\u00f1o termine pronto. Con todo, no tienen noticias acerca de lo que pretende hacer el juzgado. La investigaci\u00f3n por un supuesto delito de malos tratos infantil fue el inicio del fin. El origen de la mala relaci\u00f3n entre David Rodr\u00edguez y Merchi. Queda todav\u00eda un tiempo para que puedan saber si la justicia decide archivar la causa.<\/p>\n<p><img loading=\"lazy\" decoding=\"async\"   src=\"https:\/\/www.europesays.com\/es\/wp-content\/uploads\/2025\/12\/anabel-pantoja_c4a5f7de_251229172052_1200x801.webp.webp\" alt=\"Anabel Pantoja\" class=\"lazyload\" width=\"1200\" height=\"801\" data-aspectratio=\"1200\/801\"\/>&#13;GTRES<\/p>\n<p>Fueron los peores meses. La hija de Anabel Pantoja ingresaba grave en el hospital y se tem\u00eda por su vida. La familia de la influencer al completo se trasladaba a Canarias. Isabel Pantoja, Kiko Rivera, Isa y muchos amigos y conocidos arropaban a Anabel y a David. El peor rev\u00e9s todav\u00eda estaba por llegar.<\/p>\n<p>La justicia iniciaba una investigaci\u00f3n para aclarar qu\u00e9 hab\u00eda pasado con la menor. Las declaraciones de Anabel y de David no hac\u00edan m\u00e1s que complicarlo todo y acrecentar los rumores. Fueron meses de dolor e incertidumbre. Ahora, algo m\u00e1s tranquilos, esperan que se resuelva finalmente el caso.<br \/>\u00a0<\/p>\n","protected":false},"excerpt":{"rendered":"No han sido las mejores fechas para Anabel Pantoja. La sobrina de la tonadillera se ha visto en&hellip;\n","protected":false},"author":2,"featured_media":313196,"comment_status":"","ping_status":"","sticky":false,"template":"","format":"standard","meta":{"footnotes":""},"categories":[91],"tags":[146,147,25,24,23],"class_list":{"0":"post-313195","1":"post","2":"type-post","3":"status-publish","4":"format-standard","5":"has-post-thumbnail","7":"category-entretenimiento","8":"tag-entertainment","9":"tag-entretenimiento","10":"tag-es","11":"tag-espana","12":"tag-spain"},"share_on_mastodon":{"url":"https:\/\/pubeurope.com\/@es\/115806449438884329","error":""},"_links":{"self":[{"href":"https:\/\/www.europesays.com\/es\/wp-json\/wp\/v2\/posts\/313195","targetHints":{"allow":["GET"]}}],"collection":[{"href":"https:\/\/www.europesays.com\/es\/wp-json\/wp\/v2\/posts"}],"about":[{"href":"https:\/\/www.europesays.com\/es\/wp-json\/wp\/v2\/types\/post"}],"author":[{"embeddable":true,"href":"https:\/\/www.europesays.com\/es\/wp-json\/wp\/v2\/users\/2"}],"replies":[{"embeddable":true,"href":"https:\/\/www.europesays.com\/es\/wp-json\/wp\/v2\/comments?post=313195"}],"version-history":[{"count":0,"href":"https:\/\/www.europesays.com\/es\/wp-json\/wp\/v2\/posts\/313195\/revisions"}],"wp:featuredmedia":[{"embeddable":true,"href":"https:\/\/www.europesays.com\/es\/wp-json\/wp\/v2\/media\/313196"}],"wp:attachment":[{"href":"https:\/\/www.europesays.com\/es\/wp-json\/wp\/v2\/media?parent=313195"}],"wp:term":[{"taxonomy":"category","embeddable":true,"href":"https:\/\/www.europesays.com\/es\/wp-json\/wp\/v2\/categories?post=313195"},{"taxonomy":"post_tag","embeddable":true,"href":"https:\/\/www.europesays.com\/es\/wp-json\/wp\/v2\/tags?post=313195"}],"curies":[{"name":"wp","href":"https:\/\/api.w.org\/{rel}","templated":true}]}}