{"id":313211,"date":"2025-12-30T03:56:10","date_gmt":"2025-12-30T03:56:10","guid":{"rendered":"https:\/\/www.europesays.com\/es\/313211\/"},"modified":"2025-12-30T03:56:10","modified_gmt":"2025-12-30T03:56:10","slug":"formar-parte-de-mi-familia-siempre-ha-tenido-que-ver-mas-con-los-valores-que-con-los-titulos","status":"publish","type":"post","link":"https:\/\/www.europesays.com\/es\/313211\/","title":{"rendered":"Formar parte de mi familia siempre ha tenido que ver m\u00e1s con los valores que con los t\u00edtulos"},"content":{"rendered":"<p id=\"erRGVFbT_c\" data-wc=\"85\">Ha crecido entre <a class=\"hm-link ho-link\" href=\"https:\/\/www.hola.com\/decoracion\/20221208339977\/palacio-roma-marquesa-violante-guerrieri-gonzaga\/\" data-mrf-recirculation=\"article-body-link\" rel=\"nofollow noopener\" target=\"_blank\">las paredes de uno de los palacios m\u00e1s emblem\u00e1ticos de Roma, el Palazzo Taverna, una fortaleza del siglo XV junto a la \u00abpiazza\u00bb Navona.<\/a> Ah\u00ed se ha empapado del arte de su ciudad, del buen gusto de la historia italiana y tambi\u00e9n se ha convertido, junto a su madre, en la anfitriona m\u00e1s conocida de Italia. \u00a1No hay celebridad que se resista a pasar por su espectacular terraza, con vistas a la bas\u00edlica de San Pedro, para disfrutar de una velada incre\u00edble!<\/p>\n<p>  <img src=\"https:\/\/www.europesays.com\/es\/wp-content\/uploads\/2025\/12\/a230fc9c8e41-20251112holanavidad1218okcmyk.jpg\"   width=\"1080\" height=\"1800\" loading=\"lazy\" decoding=\"async\" alt=\"La princesa italiana porta una corona de adviento con un &quot;look&quot; muy navide\u00f1o: falda de cuadros escoceses de Nina Blanc, jersey de Max Mara, cintur\u00f3n ancho de VSB Joyeros y sandalias de Lili &amp; You, que combina con unos pendientes de Jose Luis Joyer\u00edas y una gargantilla de Perodri\" fetchpriority=\"auto\" class=\"image ho-image\"\/>\u00a9 Borja de La LamaLa princesa italiana porta una corona de adviento con un \u00ablook\u00bb muy navide\u00f1o: falda de cuadros escoceses de Nina Blanc, jersey de Max Mara, cintur\u00f3n ancho de VSB Joyeros y sandalias de Lili &amp; You, que combina con unos pendientes de Jose Luis Joyer\u00edas y una gargantilla de Perodri<\/p>\n<p id=\"ef7Iy9opHYY\" data-wc=\"97\">Pero hace poco m\u00e1s de un a\u00f1o la<strong>\u00a0<\/strong>princesa Lavinia Boncompagni Ludovisi <strong>dej\u00f3 su Roma natal tras contraer matrimonio<\/strong> y mudarse a Londres. En la capital brit\u00e1nica,<a class=\"hm-link ho-link\" href=\"https:\/\/www.hola.com\/realeza\/casa_monaco\/2015040676771\/beatrice-borromeo-familia\/\" data-mrf-recirculation=\"article-body-link\" rel=\"nofollow noopener\" target=\"_blank\">\u00a0la hija de la marquesa Violante Guerrieri Gonzaga y el pr\u00edncipe Francesco Maria Boncompagni Ludovisi ha empezado una nueva vida\u00a0<\/a>donde, adem\u00e1s de seguir colaborando con la marca de vajillas de su madre,\u00a0Vio\u2019s Cooking, quiere llevar su buen gusto en el arte de la mesa a otros lugares. Con ella hablamos de su nuevo proyecto, de moda, y de<strong>\u00a0una de las \u00e9pocas mas importantes del a\u00f1o: la Navidad.<\/strong><\/p>\n<blockquote class=\"ho-bl-1081603 -no-figcaption\" cite=\"\">\n<p id=\"eokQpwG5Unl\">\u00abLlevar un t\u00edtulo es simplemente un recordatorio de mis or\u00edgenes, no algo que defina quien soy. Lo que realmente importa es honrar las tradiciones familiares que he heredado\u00bb<\/p>\n<\/blockquote>\n<p>  <img src=\"https:\/\/www.europesays.com\/es\/wp-content\/uploads\/2025\/12\/f3905706c6ed-20251112holanavidad1457okcmyk.jpg\"   width=\"1080\" height=\"1800\" loading=\"lazy\" decoding=\"async\" alt=\"Mujer con cabello corto, vestido negro, joyas y reloj posando en un entorno urbano.\" fetchpriority=\"auto\" class=\"image ho-image\"\/>\u00a9 Borja de La LamaLavinia viste abrigo de tafet\u00e1n, de The 2nd Skin, que combina con anillo, pulsera y gargantilla, de Perodri; pendientes de Jose Luis Joyer\u00edas, y reloj Rolex modelo \u00abLand Dweller\u00bb, de acero \u00abOystersteel\u00bb y oro blanco<\/p>\n<p>\u2014Lavinia, para quienes no te conocen, \u00bfc\u00f3mo te describir\u00edas?<\/p>\n<p class=\"answer-s1\" id=\"eVEUvhYLLU\" data-wc=\"88\">Soy una <strong>persona muy creativa y curiosa<\/strong>, siempre en busca de nuevas formas de expresarme a trav\u00e9s del dise\u00f1o, el estilo y las experiencias. <strong>Trabajo con mi madre en nuestra marca de vajillas,<\/strong> de la cual soy cofundadora y donde me ocupo de la creatividad, los eventos y las mesas.<strong>\u00a0<\/strong>Tambi\u00e9n tengo una<strong>\u00a0gran pasi\u00f3n por la moda, que inspira gran parte de mi trabajo.<\/strong> Me encanta dar vida a la imaginaci\u00f3n y siempre procuro combinar la elegancia con un toque de diversi\u00f3n en todo lo que hago.<\/p>\n<p>  <img src=\"https:\/\/www.europesays.com\/es\/wp-content\/uploads\/2025\/12\/cfae0c9028c3-20251112holanavidad0989okcmyk.jpg\"   width=\"1080\" height=\"1800\" loading=\"lazy\" decoding=\"async\" alt=\"Mujer con vestido dorado brillante sostiene un bengala encendida en una biblioteca decorada para Navidad.\" fetchpriority=\"auto\" class=\"image ho-image\"\/>\u00a9 Borja de La Lama\u00bbPara m\u00ed, la ropa es mucho m\u00e1s que prendas: es una extensi\u00f3n de quien soy\u00bb, confiesa Lavinia, que posa con minivestido metalizado con mangas abullonadas de Marc Juan y pendientes de Dior<\/p>\n<blockquote class=\"ho-bl-1081603 -no-figcaption\" cite=\"\">\n<p id=\"eZdK-sttZVt\">\u00abCreo sinceramente que la moda debe empoderarte, permiti\u00e9ndote expresar tu personalidad, aumentar tu confianza y sentirte aut\u00e9ntica en cada momento\u00bb, nos cuenta la princesa<\/p>\n<\/blockquote>\n<p>Responsabilidad y respeto\u2014\u00bfQu\u00e9 significa para ti ser miembro de una de las familias m\u00e1s ilustres de Italia?<\/p>\n<p class=\"answer-s1\" id=\"eCltuJrCZ6\" data-wc=\"88\"><strong>Formar parte de mi familia siempre ha tenido m\u00e1s que ver con la herencia<\/strong> y los valores que con los t\u00edtulos. Siempre me han ense\u00f1ado la importancia de la historia, la responsabilidad y el respeto hacia los dem\u00e1s.<strong>\u00a0Para m\u00ed, llevar un t\u00edtulo es simplemente un recordatorio de mis or\u00edgenes, no algo que defina quien soy.<\/strong> Lo que importa es honrar las tradiciones familiares que he heredado de una manera que se sientan aut\u00e9nticas en mi propio camino. Me inspira mantener los valores y tradiciones a mi manera.<\/p>\n<p>\u2014\u00bfQu\u00e9 valores crees que te ha inculcado tu familia?<\/p>\n<p class=\"answer-s1\" id=\"eykUK2i7DE\" data-wc=\"56\">Un <strong>profundo sentido de la responsabilidad y la importancia del respeto hacia los dem\u00e1s<\/strong>. Me han ense\u00f1ado a <strong>afrontar la vida con<\/strong> <strong>integridad y a perseguir mis pasiones con dedicaci\u00f3n y cuidado<\/strong>. Estos valores guian tanto mi trabajo como la manera en la que me relaciono con el mundo y con las personas que me rodean.<\/p>\n<blockquote class=\"ho-bl-1081603 -no-figcaption\" cite=\"\">\n<p id=\"ereUmSXEA4X\">\u00abMe encanta mezclar diferentes piezas, combinando lo antiguo y lo nuevo, lo &#8216;casual&#8217; y lo elegante, para crear mi propio estilo. Mi objetivo es sentirme siempre segura con lo que llevo\u00bb<\/p>\n<\/blockquote>\n<p>  <img src=\"https:\/\/www.europesays.com\/es\/wp-content\/uploads\/2025\/12\/95a312149c41-20251112holanavidad2328okcmyk.jpg\"   width=\"1080\" height=\"1800\" loading=\"lazy\" decoding=\"async\" alt=\"Mujer en vestido brillante con escote alto y flores navide\u00f1as.\" fetchpriority=\"auto\" class=\"image ho-image\"\/>\u00a9 Borja de La LamaLa princesa, que, tras contraer matrimonio el a\u00f1o pasado, ahora reside en Londres junto a su marido, espectacular con vestido negro y plateado de Alfredo Mart\u00ednez, pendientes de Jose Luis Joyer\u00edas y reloj Rolex modelo \u00abOyster Perpetual\u00bb de acero \u00abOystersteel\u00bb y esfera negra<\/p>\n<p>\u2014En este reportaje posas con dise\u00f1os de fiesta. \u00bfTe consideras amante de la moda?\u00a0<\/p>\n<p class=\"answer-s1\" id=\"ekDToh0HQu\" data-wc=\"53\">S\u00ed, mi visi\u00f3n de la moda est\u00e1 basada en la confianza y la expresi\u00f3n personal. Haber estudiado en el Instituto Marangoni, en Mil\u00e1n, donde <strong>obtuve mi licenciatura en\u00a0<\/strong><strong>Fashion Business,<\/strong> despert\u00f3 en m\u00ed una <strong>apreciaci\u00f3n por la moda como una forma de arte<\/strong>, por la creatividad y la narrativa que cada prenda encierra.<\/p>\n<p>\u2014\u00bfC\u00f3mo defines tu estilo al vestir?<\/p>\n<p class=\"answer-s1\" id=\"exAel0vU9s\" data-wc=\"85\">Para m\u00ed, <strong>lo m\u00e1s importante es sentirme segura con lo que llevo.\u00a0<\/strong>Creo sinceramente que la moda debe empoderarte, permiti\u00e9ndote expresar tu personalidad, aumentar tu confianza y sentirte aut\u00e9ntica en cada momento. <strong>Me encanta mezclar diferentes piezas, combinando lo antiguo y lo nuevo, lo\u00a0casual y lo elegante,\u00a0<\/strong>para crear mi propio estilo. Para m\u00ed, la ropa es mucho m\u00e1s que prendas: es una extensi\u00f3n de quien soy, y mi objetivo es sentirme siempre segura, c\u00f3moda y fiel a m\u00ed misma con lo que llevo.<\/p>\n<p>\u2014\u00bfC\u00f3mo sueles vestirte en Nochebuena? \u00bfY en Nochevieja?<\/p>\n<p class=\"answer-s1\" id=\"eLlWOixbz4\" data-wc=\"73\">En<strong>\u00a0<\/strong><strong>Nochebuena suelo\u00a0<\/strong><strong>vestir de manera elegante,<\/strong><a class=\"hm-link ho-link\" href=\"https:\/\/www.hola.com\/fashion\/20251212872531\/vestidos-de-terciopelo-zara-taylor-swift-fiestas\/\" data-mrf-recirculation=\"article-body-link\" rel=\"nofollow noopener\" target=\"_blank\">\u00a0normalmente terciopelo, optando por un vestido largo en negro o rojo, o una falda combinada con un top con un toque festivo y con tacones<\/a>. Me gusta mantener un esp\u00edritu navide\u00f1o en los colores que elijo, es un momento muy especial para mi familia y para m\u00ed. Para<strong>\u00a0Nochevieja, a menudo llevo lentejuelas o prendas brillante<\/strong><strong>s<\/strong>, \u00a1Es la ocasi\u00f3n perfecta para abrazar un poco de\u00a0glamour!<\/p>\n<p>  <img src=\"https:\/\/www.europesays.com\/es\/wp-content\/uploads\/2025\/12\/c8dfa53fb940-20251112holanavidad1993okcmykcut.jpg\"   width=\"1080\" height=\"1800\" loading=\"lazy\" decoding=\"async\" alt=\"Mujer en vestido dorado decorando un \u00e1rbol de Navidad con esferas rojas.\" fetchpriority=\"auto\" class=\"image ho-image\"\/>\u00a9 Borja de La Lama\u00bbSoy una persona muy creativa y curiosa, en busca de nuevas formas de expresarme a trav\u00e9s del dise\u00f1o, el estilo y las experiencias\u00bb, se define Lavinia, a la que vemos, junto a estas l\u00edneas, adornando el \u00e1rbol de Navidad, con vestido de Dior y pendientes de Fernando Rodr\u00edguez<\/p>\n<blockquote class=\"ho-bl-1081603 -no-figcaption\" cite=\"\">\n<p id=\"exkEkfo9C4f\">\u00abEn Nochebuena suelo vestir elegante, normalmente terciopelo, optando por un vestido largo, o una falda combinada con un top con un toque festivo\u00bb<\/p>\n<\/blockquote>\n<p>De Roma a Londres\u2014Justo hace un a\u00f1o te casaste y te mudaste a Londres. \u00bfC\u00f3mo es tu nueva vida en la capital del Reino Unido?<\/p>\n<p class=\"answer-s1\" id=\"exIXK4VHaa\" data-wc=\"64\">S\u00ed,<strong>\u00a0me cas\u00e9 en Roma en el Palazzo Taverna<\/strong>, nuestra casa familiar, un lugar que tiene un significado muy importante para m\u00ed, donde crec\u00ed y donde vive gran parte de mi familia. <strong>Poco despu\u00e9s me mud\u00e9 a Londres, donde mi vida ha sido inspiradora y llena de descubrimientos.<\/strong> Estoy disfrutando del ritmo de la ciudad mientras contin\u00fao enfoc\u00e1ndome en mis proyectos personales y profesionales.<\/p>\n<blockquote class=\"ho-bl-1081603 -no-figcaption\" cite=\"\">\n<p id=\"eZbzyzEmELk\">\u00abMi deseo para el A\u00f1o Nuevo es recibir nuevas oportunidades, mantenerme inspirada y seguir construyendo algo significativo en mi trabajo y en mi vida\u00bb<\/p>\n<\/blockquote>\n<p>\u2014\u00bfNos podr\u00edas adelantar alguno de los que tienes en marcha?<\/p>\n<p class=\"answer-s1\" id=\"evo7yS7z54\" data-wc=\"66\">Ya colaboro con la empresa familiar, Vio\u2019s, en Italia, y ahora estoy creando un nuevo concepto de experiencias que lleva la atm\u00f3sfera refinada de la mesa puesta y el banquete directamente a los hogares o a lugares elegidos por las personas. Todav\u00eda no puedo compartir demasiados detalles, pero estoy muy entusiasmada con su potencial. <strong>Ser\u00eda una extensi\u00f3n natural de nuestro mundo en Roma, trasladado a Londres.<\/strong><\/p>\n<p>\u2014Y para terminar, \u00bfqu\u00e9 deseo pides para el A\u00f1o Nuevo?<\/p>\n<p class=\"answer-s1\" id=\"eiezIMU4BJ\" data-wc=\"17\">Recibir <strong>nuevas oportunidades, mantenerme inspirada<\/strong> y seguir construyendo algo significativo en mi trabajo y en mi vida.<\/p>\n<p>  <img src=\"https:\/\/www.europesays.com\/es\/wp-content\/uploads\/2025\/12\/1e2e6dc07b14-20251112holanavidad2151okcmyk.jpg\"   width=\"1080\" height=\"1800\" loading=\"lazy\" decoding=\"async\" alt=\"La princesa lleva vestido dorado de Silvia Tcherassi, pendientes XXL de Aimer Gil y reloj Rolex modelo &quot;Datejust&quot;, de oro amarillo, esfera roja sombreada y bisel engastado de diamantes\" fetchpriority=\"auto\" class=\"image ho-image\"\/>\u00a9 Borja de La LamaLa princesa lleva vestido dorado de Silvia Tcherassi, pendientes XXL de Aimer Gil y reloj Rolex modelo \u00abDatejust\u00bb, de oro amarillo, esfera roja sombreada y bisel engastado de diamantes<\/p>\n","protected":false},"excerpt":{"rendered":"Ha crecido entre las paredes de uno de los palacios m\u00e1s emblem\u00e1ticos de Roma, el Palazzo Taverna, una&hellip;\n","protected":false},"author":2,"featured_media":313212,"comment_status":"","ping_status":"","sticky":false,"template":"","format":"standard","meta":{"footnotes":""},"categories":[174],"tags":[3900,255,3899,146,147,25,24,256,1023,23],"class_list":{"0":"post-313211","1":"post","2":"type-post","3":"status-publish","4":"format-standard","5":"has-post-thumbnail","7":"category-famosos","8":"tag-hola","9":"tag-celebrities","10":"tag-contenido-sensible","11":"tag-entertainment","12":"tag-entretenimiento","13":"tag-es","14":"tag-espana","15":"tag-famosos","16":"tag-moda","17":"tag-spain"},"share_on_mastodon":{"url":"https:\/\/pubeurope.com\/@es\/115806508547380055","error":""},"_links":{"self":[{"href":"https:\/\/www.europesays.com\/es\/wp-json\/wp\/v2\/posts\/313211","targetHints":{"allow":["GET"]}}],"collection":[{"href":"https:\/\/www.europesays.com\/es\/wp-json\/wp\/v2\/posts"}],"about":[{"href":"https:\/\/www.europesays.com\/es\/wp-json\/wp\/v2\/types\/post"}],"author":[{"embeddable":true,"href":"https:\/\/www.europesays.com\/es\/wp-json\/wp\/v2\/users\/2"}],"replies":[{"embeddable":true,"href":"https:\/\/www.europesays.com\/es\/wp-json\/wp\/v2\/comments?post=313211"}],"version-history":[{"count":0,"href":"https:\/\/www.europesays.com\/es\/wp-json\/wp\/v2\/posts\/313211\/revisions"}],"wp:featuredmedia":[{"embeddable":true,"href":"https:\/\/www.europesays.com\/es\/wp-json\/wp\/v2\/media\/313212"}],"wp:attachment":[{"href":"https:\/\/www.europesays.com\/es\/wp-json\/wp\/v2\/media?parent=313211"}],"wp:term":[{"taxonomy":"category","embeddable":true,"href":"https:\/\/www.europesays.com\/es\/wp-json\/wp\/v2\/categories?post=313211"},{"taxonomy":"post_tag","embeddable":true,"href":"https:\/\/www.europesays.com\/es\/wp-json\/wp\/v2\/tags?post=313211"}],"curies":[{"name":"wp","href":"https:\/\/api.w.org\/{rel}","templated":true}]}}