{"id":313213,"date":"2025-12-30T03:57:16","date_gmt":"2025-12-30T03:57:16","guid":{"rendered":"https:\/\/www.europesays.com\/es\/313213\/"},"modified":"2025-12-30T03:57:16","modified_gmt":"2025-12-30T03:57:16","slug":"amparo-roig-arquitecta-de-mercadona-disena-la-nueva-sede-de-la-multinacional-de-mobiliario-andreu-world","status":"publish","type":"post","link":"https:\/\/www.europesays.com\/es\/313213\/","title":{"rendered":"Amparo Roig, arquitecta de Mercadona, dise\u00f1a la nueva sede de la multinacional de mobiliario Andreu World"},"content":{"rendered":"<p>ERRE Arquitectura, el estudio cofundado por <strong>Amparo Roig<\/strong>, hija del presidente de <strong>Mercadona<\/strong>, <strong>Juan Roig<\/strong>, junto a los arquitectos Jos\u00e9 Mart\u00ed y M. \u00c1ngeles Ros, ha completado el dise\u00f1o arquitect\u00f3nico de la ampliaci\u00f3n y transformaci\u00f3n de la sede central de Andreu World en Valencia. El proyecto comprende un conjunto de oficinas y espacios expositivos que suman <strong>6.500 metros cuadrados<\/strong>, destinados a consolidar la presencia global de la marca como referente del dise\u00f1o de mobiliario.<\/p>\n<p>El nuevo edificio se articula en torno a la integraci\u00f3n del volumen existente con una ampliaci\u00f3n contempor\u00e1nea, configurando espacios vers\u00e1tiles que combinan \u00e1reas de trabajo, exposici\u00f3n de producto y zonas de reuni\u00f3n. La intervenci\u00f3n resalta por su armon\u00eda con el contexto urbano inmediato mediante vol\u00famenes de escala dom\u00e9stica conectados por un eje central que favorece la circulaci\u00f3n y la relaci\u00f3n entre los distintos usos del programa.<\/p>\n<p>Uno de los elementos determinantes del proyecto es su materialidad: la fachada se compone de <strong>bloque Rudolph<\/strong> de textura rugosa y colores sobrios, combinado con paneles transl\u00facidos de chapa microperforada que filtran la luz natural y generan un ambiente interior luminoso y confortable. Esta estrategia proyecta una presencia sobria y atemporal, coherente con los valores de precisi\u00f3n, funcionalidad y calidad por los que se conoce a Andreu World.<\/p>\n<p>La sostenibilidad ha sido otro pilar del dise\u00f1o por parte del estudio de Amparo Roig, orientado a la certificaci\u00f3n Breeam -uno de los est\u00e1ndares m\u00e1s exigentes de edificaci\u00f3n sostenible- e incluye la incorporaci\u00f3n de soluciones como <strong>paneles fotovoltaicos en cubierta<\/strong> y puntos de recarga para veh\u00edculos el\u00e9ctricos, contribuyendo a reducir la huella ambiental de la operaci\u00f3n.<\/p>\n<p>El nuevo <strong>showroom y sede central<\/strong> no solo responde a las necesidades corporativas de Andreu World, sino que tambi\u00e9n act\u00faa como espacio de recepci\u00f3n de clientes internacionales y escaparate de sus productos m\u00e1s emblem\u00e1ticos, reafirmando la posici\u00f3n de la compa\u00f1\u00eda en el competitivo mercado global del dise\u00f1o de mobiliario.<\/p>\n<p>Andreu World, el Roig Arena y Mercadona<\/p>\n<p>Este no es el \u00fanico proyecto que une a la familia Roig con la multinacional de mobiliario ubicada en la localidad valenciana de Chiva. Tal y como cont\u00f3 ElEconomista, las valencianas Viccarbe y Andreu World fueron las encargadas de amueblar el Roig Arena.<\/p>\n<p>El\u00a0<strong>Roig Arena<\/strong>\u00a0en Valencia, impulsado por Juan Roig,\u00a0es un macrorecinto multiusos con una inversi\u00f3n final de 400 millones de euros, que busca ser un motor econ\u00f3mico, proyectando un impacto anual de 150 millones para la ciudad y atrayendo turismo y eventos de gran escala, desde baloncesto hasta conciertos, consolidando a Valencia como un centro de entretenimiento.<\/p>\n<p>Adem\u00e1s de esta colaboraci\u00f3n, la relaci\u00f3n de Andreu World con el entorno empresarial de Mercadona tiene otro importante precedente. La firma valenciana de mobiliario ha participado como proveedor en el equipamiento de <a href=\"https:\/\/www.economiadigital.es\/valencia\/empresas\/nuevas-oficinas-centrales-mercadona.html\" rel=\"nofollow noopener\" target=\"_blank\">las <strong>oficinas centrales de Mercadona<\/strong> en Albalat dels Sorells<\/a>, tambi\u00e9n lideradas por Erre Arquitectura.<\/p>\n","protected":false},"excerpt":{"rendered":"ERRE Arquitectura, el estudio cofundado por Amparo Roig, hija del presidente de Mercadona, Juan Roig, junto a los&hellip;\n","protected":false},"author":2,"featured_media":313214,"comment_status":"","ping_status":"","sticky":false,"template":"","format":"standard","meta":{"footnotes":""},"categories":[173],"tags":[73526,229,233,231,230,232,234,146,147,73527,25,24,8973,4973,2915,23],"class_list":{"0":"post-313213","1":"post","2":"type-post","3":"status-publish","4":"format-standard","5":"has-post-thumbnail","7":"category-arte-y-diseno","8":"tag-amparo-roig","9":"tag-arte","10":"tag-arte-y-diseno","11":"tag-arts","12":"tag-arts-and-design","13":"tag-design","14":"tag-diseno","15":"tag-entertainment","16":"tag-entretenimiento","17":"tag-erre-arquitectura","18":"tag-es","19":"tag-espana","20":"tag-juan-roig","21":"tag-mercadona","22":"tag-roig-arena","23":"tag-spain"},"share_on_mastodon":{"url":"https:\/\/pubeurope.com\/@es\/115806512292100030","error":""},"_links":{"self":[{"href":"https:\/\/www.europesays.com\/es\/wp-json\/wp\/v2\/posts\/313213","targetHints":{"allow":["GET"]}}],"collection":[{"href":"https:\/\/www.europesays.com\/es\/wp-json\/wp\/v2\/posts"}],"about":[{"href":"https:\/\/www.europesays.com\/es\/wp-json\/wp\/v2\/types\/post"}],"author":[{"embeddable":true,"href":"https:\/\/www.europesays.com\/es\/wp-json\/wp\/v2\/users\/2"}],"replies":[{"embeddable":true,"href":"https:\/\/www.europesays.com\/es\/wp-json\/wp\/v2\/comments?post=313213"}],"version-history":[{"count":0,"href":"https:\/\/www.europesays.com\/es\/wp-json\/wp\/v2\/posts\/313213\/revisions"}],"wp:featuredmedia":[{"embeddable":true,"href":"https:\/\/www.europesays.com\/es\/wp-json\/wp\/v2\/media\/313214"}],"wp:attachment":[{"href":"https:\/\/www.europesays.com\/es\/wp-json\/wp\/v2\/media?parent=313213"}],"wp:term":[{"taxonomy":"category","embeddable":true,"href":"https:\/\/www.europesays.com\/es\/wp-json\/wp\/v2\/categories?post=313213"},{"taxonomy":"post_tag","embeddable":true,"href":"https:\/\/www.europesays.com\/es\/wp-json\/wp\/v2\/tags?post=313213"}],"curies":[{"name":"wp","href":"https:\/\/api.w.org\/{rel}","templated":true}]}}