{"id":313215,"date":"2025-12-30T03:59:14","date_gmt":"2025-12-30T03:59:14","guid":{"rendered":"https:\/\/www.europesays.com\/es\/313215\/"},"modified":"2025-12-30T03:59:14","modified_gmt":"2025-12-30T03:59:14","slug":"el-canal-mas-famoso-del-mundo-dejara-de-transmitir-desde-el-31-de-diciembre","status":"publish","type":"post","link":"https:\/\/www.europesays.com\/es\/313215\/","title":{"rendered":"el canal m\u00e1s famoso del mundo dejar\u00e1 de transmitir desde el 31 de diciembre"},"content":{"rendered":"<p>En esta noticia<\/p>\n<ul class=\"article-body__title-index__list\">\n<li class=\"\"><a class=\"link\" href=\"#mtv-se-despide-de-la-tv-musical-y-cierra-sus-se\u00f1ales-hist\u00f3ricas\" target=\"_self\">MTV se despide de la TV musical y cierra sus se\u00f1ales hist\u00f3ricas<\/a><\/li>\n<li class=\"\"><a class=\"link\" href=\"#\u00bfpor-qu\u00e9-mtv-abandona-la-m\u00fasica-en-la-televisi\u00f3n-tradicional?\" target=\"_self\">\u00bfPor qu\u00e9 MTV abandona la m\u00fasica en la televisi\u00f3n tradicional?<\/a><\/li>\n<\/ul>\n<p class=\"article-body__paragraph\">Durante d\u00e9cadas fue sin\u00f3nimo de juventud, m\u00fasica y rebeld\u00eda. Su logo marc\u00f3 generaciones y su programaci\u00f3n defini\u00f3 h\u00e1bitos culturales en todo el planeta. Sin embargo, tras m\u00e1s de 44 a\u00f1os en la TV, se despide de todos sus seguidores.<\/p>\n<p class=\"article-body__paragraph\"><b>A partir del 31 de diciembre<\/b>, una se\u00f1al hist\u00f3rica dejar\u00e1 de emitir como se la conoci\u00f3 durante las \u00faltimas cuatro d\u00e9cadas. La noticia gener\u00f3 sorpresa entre fan\u00e1ticos y abri\u00f3 interrogantes sobre el futuro de uno de los nombres m\u00e1s influyentes de la TV internacional.<\/p>\n<p class=\"article-body__paragraph\">Se trata del fin de una etapa para muchos ciudadanos alrededor del globo. Si bien el canal continuar\u00e1 existiendo en otro formato, desaparecer\u00e1 para siempre una hist\u00f3rica se\u00f1al y una manera de consumir m\u00fasica y televisi\u00f3n.<\/p>\n<p>MTV se despide de la TV musical y cierra sus se\u00f1ales hist\u00f3ricas<\/p>\n<p class=\"article-body__paragraph\">La compa\u00f1\u00eda Paramount Skydance Corporation confirm\u00f3 que a partir del 31 de diciembre de 2025 se despide para siempre las se\u00f1ales de <b>MTV<\/b>, tras 44 a\u00f1os de historia ligada al videoclip y la m\u00fasica.<\/p>\n<p><img alt=\"A partir del 31 de diciembre, MTV dejar\u00e1 de emitir sus se\u00f1ales hist\u00f3ricas de m\u00fasica de la TV. (Foto: Shutterstock)\" class=\"global-image\" decoding=\"async\"  src=\"https:\/\/www.europesays.com\/es\/wp-content\/uploads\/2025\/12\/mtv-canal-6MBBVYDIRVD2JA6SPHS337MUKY.jpg\"  fetchpriority=\"low\" loading=\"lazy\"\/>A partir del 31 de diciembre, MTV dejar\u00e1 de emitir sus se\u00f1ales hist\u00f3ricas de m\u00fasica de la TV. (Foto: Shutterstock)<\/p>\n<p class=\"article-body__paragraph\">Si bien la decisi\u00f3n no afecta al canal principal de MTV, que continuar\u00e1 al aire, se trata de una transformaci\u00f3n profunda que afectar\u00e1 a sus canales de m\u00fasica, dejando de ser el eje central y para trasladarse a las plataformas digitales y servicios de streaming vinculados a la marca.<\/p>\n<p>\u00bfCu\u00e1les son los canales que se despiden de la TV?<\/p>\n<p class=\"article-body__paragraph\">Entre los <b>canales de MTV que dir\u00e1n adi\u00f3s<\/b> al formato televisivo a partir de 2026, se encuentran:<\/p>\n<ul class=\"article-body__list article-body__list-ul \">\n<li class=\"article-body__list-item\"><b>MTV Music<\/b><\/li>\n<li class=\"article-body__list-item\"><b>MTV 80s<\/b><\/li>\n<li class=\"article-body__list-item\"><b>MTV 90s<\/b><\/li>\n<li class=\"article-body__list-item\"><b>Club MTV<\/b><\/li>\n<li class=\"article-body__list-item\"><b>MTV Live<\/b>.<\/li>\n<\/ul>\n<p>\u00bfPor qu\u00e9 MTV abandona la m\u00fasica en la televisi\u00f3n tradicional?<\/p>\n<p class=\"article-body__paragraph\">Seg\u00fan explic\u00f3 la empresa, el cierre responde a razones econ\u00f3micas. Los canales musicales han dejado de ser rentables en un contexto donde el consumo de videoclips ha migrado de forma masiva al Internet. Se trata de un plan de ajuste que busca recortar 500 millones de d\u00f3lares en gastos operativos. <\/p>\n<p class=\"article-body__paragraph\"><b>MTV <\/b>naci\u00f3 en <b>1981<\/b>, y revolucion\u00f3 el \u00e1mbito televisivo al unir imagen y m\u00fasica. Impuls\u00f3 a artistas como <b>Madonna<\/b>, <b>Michael Jackson<\/b> y <b>Nirvana<\/b>, y convirti\u00f3 a los VJ en figuras globales. Programas como \u201cMTV Unplugged\u201d o \u201cYo! MTV Raps\u201d fueron algunos de los destacados en esta revoluci\u00f3n de la industria.<\/p>\n<p class=\"article-body__paragraph\">Con el tiempo, la se\u00f1al mut\u00f3. En los a\u00f1os 2000, los reality shows desplazaron al videoclip por ser m\u00e1s econ\u00f3micos y atraer nuevas audiencias. Producciones como \u201cThe Real World\u201d, \u201cJersey Shore\u201d o \u201cCatfish\u201d marcaron ese giro definitivo.<\/p>\n<p class=\"article-body__paragraph\">Hoy, el cierre de las se\u00f1ales musicales de MTV confirma el final de una era en la TV. Sin embargo, su legado seguir\u00e1 disponible a trav\u00e9s de la plataforma Paramount+.<\/p>\n","protected":false},"excerpt":{"rendered":"En esta noticia MTV se despide de la TV musical y cierra sus se\u00f1ales hist\u00f3ricas \u00bfPor qu\u00e9 MTV&hellip;\n","protected":false},"author":2,"featured_media":313216,"comment_status":"","ping_status":"","sticky":false,"template":"","format":"standard","meta":{"footnotes":""},"categories":[171],"tags":[10529,146,147,25,24,1906,23,214],"class_list":{"0":"post-313215","1":"post","2":"type-post","3":"status-publish","4":"format-standard","5":"has-post-thumbnail","7":"category-tv","8":"tag-canales","9":"tag-entertainment","10":"tag-entretenimiento","11":"tag-es","12":"tag-espana","13":"tag-mexico","14":"tag-spain","15":"tag-tv"},"share_on_mastodon":{"url":"https:\/\/pubeurope.com\/@es\/115806520137816954","error":""},"_links":{"self":[{"href":"https:\/\/www.europesays.com\/es\/wp-json\/wp\/v2\/posts\/313215","targetHints":{"allow":["GET"]}}],"collection":[{"href":"https:\/\/www.europesays.com\/es\/wp-json\/wp\/v2\/posts"}],"about":[{"href":"https:\/\/www.europesays.com\/es\/wp-json\/wp\/v2\/types\/post"}],"author":[{"embeddable":true,"href":"https:\/\/www.europesays.com\/es\/wp-json\/wp\/v2\/users\/2"}],"replies":[{"embeddable":true,"href":"https:\/\/www.europesays.com\/es\/wp-json\/wp\/v2\/comments?post=313215"}],"version-history":[{"count":0,"href":"https:\/\/www.europesays.com\/es\/wp-json\/wp\/v2\/posts\/313215\/revisions"}],"wp:featuredmedia":[{"embeddable":true,"href":"https:\/\/www.europesays.com\/es\/wp-json\/wp\/v2\/media\/313216"}],"wp:attachment":[{"href":"https:\/\/www.europesays.com\/es\/wp-json\/wp\/v2\/media?parent=313215"}],"wp:term":[{"taxonomy":"category","embeddable":true,"href":"https:\/\/www.europesays.com\/es\/wp-json\/wp\/v2\/categories?post=313215"},{"taxonomy":"post_tag","embeddable":true,"href":"https:\/\/www.europesays.com\/es\/wp-json\/wp\/v2\/tags?post=313215"}],"curies":[{"name":"wp","href":"https:\/\/api.w.org\/{rel}","templated":true}]}}