{"id":313252,"date":"2025-12-30T04:28:15","date_gmt":"2025-12-30T04:28:15","guid":{"rendered":"https:\/\/www.europesays.com\/es\/313252\/"},"modified":"2025-12-30T04:28:15","modified_gmt":"2025-12-30T04:28:15","slug":"las-mentiras-de-gabriel-destrozan-a-begona-capitulo-467-martes-30-de-diciembre","status":"publish","type":"post","link":"https:\/\/www.europesays.com\/es\/313252\/","title":{"rendered":"Las mentiras de Gabriel destrozan a Bego\u00f1a (cap\u00edtulo 467, martes 30 de diciembre)"},"content":{"rendered":"<p class=\"entrada\">Isabel, herida por el enga\u00f1o de Gabriel, se presenta en casa de los De la Reina para abrirle los ojos a Bego\u00f1a en \u201cSue\u00f1os de libertad\u201d, el martes 30 de diciembre a las 15:45 en Antena 3.<\/p>\n<p>\t\t\t\t\t\t\t<img class=\"mimg\" src=\"https:\/\/www.europesays.com\/es\/wp-content\/uploads\/2025\/12\/16383_xxl_1.jpg\" width=\"649\" height=\"423\" alt=\"Isabel se sincera con Bego\u00f1a en Sue\u00f1os de libertad\" title=\"Isabel se sincera con Bego\u00f1a en Sue\u00f1os de libertad\" fetchpriority=\"high\" decoding=\"async\" oncontextmenu=\"return false\"\/><\/p>\n<p>\t\t\t\t\t\t\tIsabel y Bego\u00f1a en \u00abSue\u00f1os de libertad\u00bb &#8211; Antena 3\/vemosTV<\/p>\n<p>\u201cSue\u00f1os de libertad\u201d est\u00e1 teniendo<strong> un maravilloso fin de a\u00f1o.<\/strong> La serie de Antena 3 est\u00e1 super\u00e1ndose a s\u00ed misma. Sin ir m\u00e1s lejos, el pasado martes consigui\u00f3 firmar su cap\u00edtulo m\u00e1s visto desde abril de 2024 con <strong>m\u00e1s de 1,3 millones de seguidores y un 15,2% de cuota de pantalla.<\/strong><\/p>\n<p>Por si necesitas refrescar la memoria, en el cap\u00edtulo anterior de \u201cSue\u00f1os de libertad\u201d, el estado de Gema preocup\u00f3 a Bego\u00f1a, Marta fue testigo del \u00e9xito profesional de Joaqu\u00edn, Gaspar recibi\u00f3 los resultados de sus ex\u00e1menes m\u00e9dicos, Claudia despidi\u00f3 a Mari Paz y Pelayo negoci\u00f3 con C\u00e1rdenas. Por \u00faltimo, <a href=\"https:\/\/www.vemostv.com\/noticias\/16370\/suenos-de-libertad-capitulo-466-lunes-29-diciembre\" id=\"posRelAnchor1-16370\" class=\"link_dotted\" rel=\"nofollow noopener\" target=\"_blank\">Dami\u00e1n visit\u00f3 a Remedios en prisi\u00f3n<\/a> y se dio cuenta de que Andr\u00e9s ten\u00eda raz\u00f3n.<\/p>\n<p>Si quieres descubrir todo lo que ocurrir\u00e1 en el siguiente episodio, te lo contamos en el <strong>avance exclusivo que te ofrecemos en vemosTV del cap\u00edtulo 467<\/strong>, que se emitir\u00e1 el <strong>martes 30 de diciembre<\/strong> a las 15:45 horas en Antena 3.<\/p>\n<p>Avance de lo que pasar\u00e1 el martes 30 de diciembre en el cap\u00edtulo 467 de \u201cSue\u00f1os de libertad\u201d<\/p>\n<p>El episodio del martes arranca en casa de los Merino. <strong>Dami\u00e1n acude a ver a Digna<\/strong> para contarle de primera mano <strong>lo que ha averiguado sobre Gabriel<\/strong>. La noticia causa conmoci\u00f3n inmediata en Digna que ve c\u00f3mo, de nuevo, <strong>su nieta ha acabado en manos de un desalmado.<\/strong><\/p>\n<p>\t\t\t\t\t\t\t<img loading=\"lazy\" decoding=\"async\" class=\"mimg lazy\" src=\"https:\/\/www.europesays.com\/es\/wp-content\/uploads\/2025\/12\/16383_xxl_2.jpg\" width=\"650\" height=\"433\" alt=\"Luis le cuenta a Luz todas las sospechas sobre Gabriel en Sue\u00f1os de libertad\" title=\"Luis le cuenta a Luz todas las sospechas sobre Gabriel en Sue\u00f1os de libertad\" oncontextmenu=\"return false\"\/><\/p>\n<p>\t\t\t\t\t\t\tLuis y Luz &#8211; Antena 3<\/p>\n<p>Mientras tanto, en la tienda, <strong>Claudia se desahoga con Carmen y Gema <\/strong>en lo relativo a lo sucedido con Mari Paz. Mientras, en el invernadero, <strong>Luz le reprocha a su marido que est\u00e9 conspirando con Andr\u00e9s<\/strong> en contra de Gabriel. Sin embargo, cuando escucha los argumentos que le da Luis, enseguida cambia de opini\u00f3n.<\/p>\n<p>M\u00e1s tarde, <strong>Pelayo le cuenta a Dami\u00e1n que va a dimitir de su puesto<\/strong>, as\u00ed como todas las cosas que lo han llevado a estar en dicha situaci\u00f3n. Con tal panorama, el patriarca se queda muy preocupado por lo que pueda sucederle a Marta, pero, a pesar de todo, contin\u00faa <strong>brindando su apoyo a su yerno<\/strong>.<\/p>\n<p>\t\t\t\t\t\t\t<img loading=\"lazy\" decoding=\"async\" class=\"mimg lazy\" src=\"https:\/\/www.europesays.com\/es\/wp-content\/uploads\/2025\/12\/16383_xxl_3.jpg\" width=\"650\" height=\"427\" alt=\"Dami\u00e1n ofrece su apoyo a Pelayo en Sue\u00f1os de libertad\" title=\"Dami\u00e1n ofrece su apoyo a Pelayo en Sue\u00f1os de libertad\" oncontextmenu=\"return false\"\/><\/p>\n<p>\t\t\t\t\t\t\tDami\u00e1n y Pelayo &#8211; Antena 3<\/p>\n<p>En otro orden de cosas, <strong>Cloe se pasa por la f\u00e1brica de Joaqu\u00edn <\/strong>para ver de primera mano c\u00f3mo utiliza su ingenioso producto. Lejos de all\u00ed, Bego\u00f1a, preocupada por el estado de Gema, decide<strong> hablar con ella del asunto<\/strong>, lo que da pie a <strong>una emotiva charla entre las dos<\/strong>.<\/p>\n<p>En la cantina, <strong>Carmen y Tasio tienen, por fin, la oportunidad de hablar<\/strong> a solas<strong> <\/strong>sobre sus sentimientos y<strong> consiguen reconciliarse <\/strong>tras todo lo sucedido. Mientras, Gaspar se encuentra con Manuela y le cuenta con alegr\u00eda <strong>el resultado de sus pruebas. <\/strong>A modo de agradecimiento,<strong> le propone ir a cenar juntos, pero ella lo rechaza.<\/strong><\/p>\n<p>\t\t\t\t\t\t\t<img loading=\"lazy\" decoding=\"async\" class=\"mimg lazy\" src=\"https:\/\/www.europesays.com\/es\/wp-content\/uploads\/2025\/12\/16383_xxl_4.jpg\" width=\"650\" height=\"433\" alt=\"Gaspar le da las gracias a Manuela en Sue\u00f1os de libertad\" title=\"Gaspar le da las gracias a Manuela en Sue\u00f1os de libertad\" oncontextmenu=\"return false\"\/><\/p>\n<p>\t\t\t\t\t\t\tGaspar y Manuela &#8211; Antena 3<\/p>\n<p>En la colonia, Cristina regresa de sus d\u00edas de descanso en Madrid y <strong>se reencuentra con Claudia<\/strong>. Despu\u00e9s, las dos entran en la habitaci\u00f3n y descubren una terrible estampa, <strong>alguien ha saqueado las pertenencias de Claudia<\/strong> y todo apunta a que ha sido Mari Paz.<\/p>\n<p>En otro frente, Pelayo llama a <a href=\"https:\/\/www.vemostv.com\/noticias\/14599\/actor-pedro-freijeiro-personaje-dario-suenos-de-libertad\" id=\"posRelAnchor3-14599\" class=\"link_dotted\" rel=\"nofollow noopener\" target=\"_blank\">Dar\u00edo, su amor de juventud<\/a>, pero le es imposible contactar con \u00e9l. Posteriormente, una inesperada visita llega a la mansi\u00f3n: <strong>Isabel<\/strong>. La prometida de Gabriel irrumpe en el hogar de los De la Reina para<strong> hablar con Bego\u00f1a<\/strong>. La enfermera la recibe con sorpresa y acepta sentarse a hablar con ella <strong>sin saber lo que se le viene encima.<\/strong><\/p>\n<p>Paralelamente, en la f\u00e1brica, <strong>Dami\u00e1n trata de interceder ante Miguel \u00c1ngel Vaca <\/strong>para revertir la situaci\u00f3n de su yerno, pero es in\u00fatil. Despu\u00e9s, el patriarca se re\u00fane con su hijo para hablar sobre <strong>sus opciones para acabar con Gabriel. <\/strong>Adem\u00e1s, llegan a la conclusi\u00f3n de que <strong>Mar\u00eda est\u00e1 compinchada con \u00e9l<\/strong>, as\u00ed que deber\u00e1n extremar las precauciones con ella.<\/p>\n<p>En la casa grande, <strong>el testimonio de Isabel deja en <\/strong><strong>shock<\/strong><strong> a Bego\u00f1a<\/strong> que, por un momento, se resiste a creer que lo que le cuenta puede ser verdad. Despu\u00e9s, la enfermera echa a la mujer de su casa mientras <strong>empieza a encontrarse cada vez peor&#8230;<\/strong><\/p>\n<p>Si quieres saber en detalle todo lo que est\u00e1 pasando esta semana en la serie, te invitamos a leer el <a href=\"https:\/\/www.vemostv.com\/noticias\/16367\/suenos-de-libertad-avance-semanal-29-diciembre-al-2-enero-2026\" id=\"posRelAnchor2-16367\" class=\"link_dotted\" rel=\"nofollow noopener\" target=\"_blank\">avance semanal de \u201cSue\u00f1os de libertad\u201d del 29 al 2 de enero<\/a> que te ofrecemos en vemosTV.<\/p>\n","protected":false},"excerpt":{"rendered":"Isabel, herida por el enga\u00f1o de Gabriel, se presenta en casa de los De la Reina para abrirle&hellip;\n","protected":false},"author":2,"featured_media":313253,"comment_status":"","ping_status":"","sticky":false,"template":"","format":"standard","meta":{"footnotes":""},"categories":[91],"tags":[146,147,25,24,23],"class_list":{"0":"post-313252","1":"post","2":"type-post","3":"status-publish","4":"format-standard","5":"has-post-thumbnail","7":"category-entretenimiento","8":"tag-entertainment","9":"tag-entretenimiento","10":"tag-es","11":"tag-espana","12":"tag-spain"},"share_on_mastodon":{"url":"https:\/\/pubeurope.com\/@es\/115806634573694150","error":""},"_links":{"self":[{"href":"https:\/\/www.europesays.com\/es\/wp-json\/wp\/v2\/posts\/313252","targetHints":{"allow":["GET"]}}],"collection":[{"href":"https:\/\/www.europesays.com\/es\/wp-json\/wp\/v2\/posts"}],"about":[{"href":"https:\/\/www.europesays.com\/es\/wp-json\/wp\/v2\/types\/post"}],"author":[{"embeddable":true,"href":"https:\/\/www.europesays.com\/es\/wp-json\/wp\/v2\/users\/2"}],"replies":[{"embeddable":true,"href":"https:\/\/www.europesays.com\/es\/wp-json\/wp\/v2\/comments?post=313252"}],"version-history":[{"count":0,"href":"https:\/\/www.europesays.com\/es\/wp-json\/wp\/v2\/posts\/313252\/revisions"}],"wp:featuredmedia":[{"embeddable":true,"href":"https:\/\/www.europesays.com\/es\/wp-json\/wp\/v2\/media\/313253"}],"wp:attachment":[{"href":"https:\/\/www.europesays.com\/es\/wp-json\/wp\/v2\/media?parent=313252"}],"wp:term":[{"taxonomy":"category","embeddable":true,"href":"https:\/\/www.europesays.com\/es\/wp-json\/wp\/v2\/categories?post=313252"},{"taxonomy":"post_tag","embeddable":true,"href":"https:\/\/www.europesays.com\/es\/wp-json\/wp\/v2\/tags?post=313252"}],"curies":[{"name":"wp","href":"https:\/\/api.w.org\/{rel}","templated":true}]}}