{"id":31326,"date":"2025-08-07T10:09:17","date_gmt":"2025-08-07T10:09:17","guid":{"rendered":"https:\/\/www.europesays.com\/es\/31326\/"},"modified":"2025-08-07T10:09:17","modified_gmt":"2025-08-07T10:09:17","slug":"ciudad-real-referente-mundial-en-el-balonmano-playa","status":"publish","type":"post","link":"https:\/\/www.europesays.com\/es\/31326\/","title":{"rendered":"Ciudad Real, referente mundial en el Balonmano Playa"},"content":{"rendered":"<p>Los equipos Infantil Femenino y el Cadete Masculino del Beach Caser\u00edo Ciudad Real conquistaron la medalla de oro en el Campeonato de Espa\u00f1a 2025, celebrado del 31 de julio al 3 de agosto en Laredo (Cantabria), una brillante actuaci\u00f3n que ha sido reconocida en la ma\u00f1ana de este mi\u00e9rcoles, acto que ha tenido lugar en el Palacio de la Diputaci\u00f3n Provincial y en el que tambi\u00e9n se ha homenajeado, a Jimena Laguna, Campeona de Europa con la Selecci\u00f3n Espa\u00f1ola Absoluta, a Jes\u00fas S\u00e1nchez, Campe\u00f3n del Mundo con la Selecci\u00f3n Espa\u00f1ola Juvenil Masculina, y a Elena Alfaro, Campeona del Mundo con la Selecci\u00f3n Espa\u00f1ola Juvenil Femenina.<\/p>\n<p>El concejal de Deportes, Pau Beltr\u00e1n, ha felicitado a los protagonistas por sus logros, &#8216;triunfos que ponen de manifiesto el gran trabajo que est\u00e1 haciendo el BM Caser\u00edo desde la base y en concreto, con los equipos femeninos, vosotras&#8217;, afirma, &#8216;que hoy est\u00e1is aqu\u00ed con estas medallas y trofeos, sois un referente para muchas ni\u00f1as que quieren jugar a balonmano&#8217;. Beltr\u00e1n reconoce &#8216;que la temporada 2024\/25 ha sido espectacular&#8217; y hace part\u00edcipes de estos \u00e9xitos, &#8216;a las familias por su apoyo constante, y a la Diputaci\u00f3n por su compromiso con los clubes de la provincia&#8217;.<\/p>\n<p>Luis Alberto Mar\u00edn, vicepresidente del \u00c1rea de Deportes, ha destacado en su intervenci\u00f3n que &#8216;el balonmano provincial nos hace so\u00f1ar, un deporte que nos ha situado como referentes a nivel nacional, europeo y mundial&#8217;.<\/p>\n<p><img decoding=\"async\" loading=\"lazy\" src=\"https:\/\/www.europesays.com\/es\/wp-content\/uploads\/2025\/08\/777C1804-6BF7-4B2C-9229B0D31D21F521.JPG\" alt=\"Ciudad Real, referente mundial en el Balonmano Playa\" border=\"0\"\/>Ciudad Real, referente mundial en el Balonmano Playa &#8211; Foto: LT<\/p>\n<p>Por su parte el presidente de la Federaci\u00f3n de Balonmano de CLM, Jes\u00fas Rodr\u00edguez, ha centrado sus felicitaciones en la figura de su hom\u00f3logo en el BM Caser\u00edo, Juli\u00e1n Amores, y le ha agradecido &#8216;todo lo que est\u00e1 haciendo por el balonmano&#8217;.<\/p>\n<p>Finalmente el vicepresidente de Organizaci\u00f3n Interna de la Diputaci\u00f3n, Adri\u00e1n Fern\u00e1ndez, ha hablado del compromiso y de la capacidad de superaci\u00f3n de los protagonistas y reconoce, &#8216;que actos como este, engrandecen el deporte&#8217;.<\/p>\n<p>Estos logros del Beach Caser\u00edo Ciudad Real vienen a demostrar el gran trabajo que se est\u00e1 haciendo en el club capitalino apostando por una disciplina que ha ido a m\u00e1s en los \u00faltimos a\u00f1os, de hecho, casi todos sus equipos, est\u00e1n situados entre los mejores del pa\u00eds. El presidente del Club, Juli\u00e1n Amores, agradece el &#8216;apoyo continuo del Ayuntamiento y de la Diputaci\u00f3n, respaldo institucional fundamental que les est\u00e1 permitiendo seguir creciendo&#8217;.<\/p>\n","protected":false},"excerpt":{"rendered":"Los equipos Infantil Femenino y el Cadete Masculino del Beach Caser\u00edo Ciudad Real conquistaron la medalla de oro&hellip;\n","protected":false},"author":2,"featured_media":31327,"comment_status":"","ping_status":"","sticky":false,"template":"","format":"standard","meta":{"footnotes":""},"categories":[278],"tags":[16083,376,1944,2771,1940,168,25,24,375,16084,3233,16082,10250,23,167],"class_list":{"0":"post-31326","1":"post","2":"type-post","3":"status-publish","4":"format-standard","5":"has-post-thumbnail","7":"category-balonmano","8":"tag-adrian-fernandez-herguido","9":"tag-balonmano","10":"tag-balonmano-caserio","11":"tag-cantabria","12":"tag-ciudad-real","13":"tag-deportes","14":"tag-es","15":"tag-espana","16":"tag-handball","17":"tag-jimena-laguna","18":"tag-mundial-de-balonmano","19":"tag-palacio-de-la-diputacion","20":"tag-pau-beltran","21":"tag-spain","22":"tag-sports"},"share_on_mastodon":{"url":"","error":""},"_links":{"self":[{"href":"https:\/\/www.europesays.com\/es\/wp-json\/wp\/v2\/posts\/31326","targetHints":{"allow":["GET"]}}],"collection":[{"href":"https:\/\/www.europesays.com\/es\/wp-json\/wp\/v2\/posts"}],"about":[{"href":"https:\/\/www.europesays.com\/es\/wp-json\/wp\/v2\/types\/post"}],"author":[{"embeddable":true,"href":"https:\/\/www.europesays.com\/es\/wp-json\/wp\/v2\/users\/2"}],"replies":[{"embeddable":true,"href":"https:\/\/www.europesays.com\/es\/wp-json\/wp\/v2\/comments?post=31326"}],"version-history":[{"count":0,"href":"https:\/\/www.europesays.com\/es\/wp-json\/wp\/v2\/posts\/31326\/revisions"}],"wp:featuredmedia":[{"embeddable":true,"href":"https:\/\/www.europesays.com\/es\/wp-json\/wp\/v2\/media\/31327"}],"wp:attachment":[{"href":"https:\/\/www.europesays.com\/es\/wp-json\/wp\/v2\/media?parent=31326"}],"wp:term":[{"taxonomy":"category","embeddable":true,"href":"https:\/\/www.europesays.com\/es\/wp-json\/wp\/v2\/categories?post=31326"},{"taxonomy":"post_tag","embeddable":true,"href":"https:\/\/www.europesays.com\/es\/wp-json\/wp\/v2\/tags?post=31326"}],"curies":[{"name":"wp","href":"https:\/\/api.w.org\/{rel}","templated":true}]}}