{"id":313373,"date":"2025-12-30T06:10:33","date_gmt":"2025-12-30T06:10:33","guid":{"rendered":"https:\/\/www.europesays.com\/es\/313373\/"},"modified":"2025-12-30T06:10:33","modified_gmt":"2025-12-30T06:10:33","slug":"el-supremo-avala-las-condenas-de-entre-20-y-24-anos-de-prision-a-los-tres-autores-del-asesinato-de-samuel-luiz","status":"publish","type":"post","link":"https:\/\/www.europesays.com\/es\/313373\/","title":{"rendered":"El Supremo avala las condenas de entre 20 y 24 a\u00f1os de prisi\u00f3n a los tres autores del asesinato de Samuel Luiz"},"content":{"rendered":"<p class=\"article-text\">\n        El Supremo ha confirmado las condenas de entre 20 y 24 a\u00f1os de prisi\u00f3n impuestas a los tres autores del asesinato a golpes de Samuel Luiz Mu\u00f1iz, perpetrado en la madrugada del 3 de julio de 2021 en A Coru\u00f1a, reafirmando de igual forma la absoluci\u00f3n del cuarto condenado.\n    <\/p>\n<p class=\"article-text\">\n        En una sentencia, recogida por Europa Press, la Sala Penal del alto tribunal desestima los recursos de casaci\u00f3n tanto de las defensas de los tres condenados como de la Fiscal\u00eda y la acusaci\u00f3n particular, estos \u00faltimos en contra de la absoluci\u00f3n del cuarto condenado como c\u00f3mplice del asesinato por falta de prueba.\n    <\/p>\n<p class=\"article-text\">\n        Las condenas confirmadas son de 24 a\u00f1os de prisi\u00f3n para Diego M.M. por delito de asesinato con la agravante de discriminaci\u00f3n por motivo de orientaci\u00f3n sexual; de 20 a\u00f1os para Alejandro F.G., por delito de asesinato; y de 20 a\u00f1os y medio para Kaio A.S.C. (17 a\u00f1os por asesinato y 3 a\u00f1os y medio por robo con violencia por la sustracci\u00f3n del m\u00f3vil de la v\u00edctima). Los tres condenados tendr\u00e1n adem\u00e1s que indemnizar a familiares de la v\u00edctima en m\u00e1s de 300.000 euros.\n    <\/p>\n<p class=\"article-text\">\n        Seg\u00fan los hechos probados, la agresi\u00f3n grupal se desencaden\u00f3 en las inmediaciones de un pub casi a las 3 de la ma\u00f1ana, cuando Diego M., que estaba con su entonces pareja, crey\u00f3 que la v\u00edctima les estaba grabando con un tel\u00e9fono m\u00f3vil. Se dirigi\u00f3 a \u00e9l y le dijo: \u201cDeja de grabarnos\u201d. Samuel, por su parte, contest\u00f3 que estaba realizando una videollamada.\n    <\/p>\n<p class=\"article-text\">\n        Tambi\u00e9n se considera probado que Diego le dijo: \u201cDeja de grabar, a ver si te voy a matar maric\u00f3n\u201d, y que inici\u00f3 de forma sorpresiva y repentina los pu\u00f1etazos y patadas, sobre todo en la cabeza y la cara, \u201cpor su animadversi\u00f3n hacia la condici\u00f3n sexual homosexual que le atribuy\u00f3\u201d. Los otros dos acusados se sumaron a la agresi\u00f3n.\n    <\/p>\n<p class=\"article-text\">\n        Entre otros argumentos, para rechazar los recursos de las defensas, la Sala comparte que en el caso concurrieron todos los requisitos para apreciar la agravante de alevos\u00eda, que configura el delito como asesinato.\n    <\/p>\n<p>    <strong>Un ataque \u201csorpresivo\u201d<\/strong><\/p>\n<p class=\"article-text\">\n        El fallo explica que el ataque a golpes de la entidad y violencia del producido resultaba imprevisible. \u201cFue un ataque sorpresivo (la interacci\u00f3n previa fue meramente anecd\u00f3tica por la irrelevancia de la supuesta ofensa), que desde el primer momento deja indefensa a la v\u00edctima, en una suerte de inexplicable linchamiento\u201d, indica la Sala.\n    <\/p>\n<p class=\"article-text\">\n        A\u00f1ade que fue \u201calgo m\u00e1s que un abuso de superioridad, el desequilibrio era abrumador y la defensa fue anulada desde el primer momento\u201d. Y destaca que la postrera ayuda de dos ciudadanos senegaleses a la v\u00edctima no supone que no se aplique la alevos\u00eda, que exigir\u00eda una defensa del ofendido, no de terceras personas.\n    <\/p>\n<p class=\"article-text\">\n        La sentencia tambi\u00e9n confirma la agravante de discriminaci\u00f3n por motivo de orientaci\u00f3n sexual a Diego M., y rechaza que pueda aplicarse la atenuante de haberse cometido el hecho bajo la influencia de bebidas alcoh\u00f3licas.\n    <\/p>\n<p class=\"article-text\">\n        En cuanto a los dos coautores del asesinato junto a Diego M., la Sala considera que su participaci\u00f3n tiene base razonable y se ha construido sobre un conjunto de pruebas que permiten alcanzar esa convicci\u00f3n.\n    <\/p>\n<p>    <a href=\"https:\/\/www.eldiario.es\/galicia\/samuel-luiz-murio-hora-media-intentos-reanimacion-ocasiones-le-paro-corazon_1_11793028.html\" data-mrf-recirculation=\"saber-mas-abajo\" data-dl-event=\"saber-mas-abajo\" rel=\"nofollow noopener\" target=\"_blank\"><\/p>\n<p class=\"know-more__title\">Samuel Luiz muri\u00f3 tras hora y media de intentos de reanimaci\u00f3n: \u201cEn varias ocasiones se le par\u00f3 su coraz\u00f3n\u201d\n<\/p>\n<p>            <img decoding=\"async\" class=\"lazy\" loading=\"lazy\" data-src=\"https:\/\/static.eldiario.es\/clip\/ca7f1520-3579-4799-bda3-9fda5fcc0bc3_16-9-aspect-ratio_default_0.jpg\" src=\"data:image\/svg+xml,%3Csvg xmlns=\" http:=\"\" viewbox=\"0 0 880 495\" alt=\"Samuel Luiz muri\u00f3 tras hora y media de intentos de reanimaci\u00f3n: &quot;En varias ocasiones se le par\u00f3 su coraz\u00f3n&quot;\"\/><\/p>\n<p>                        <\/a><\/p>\n<p class=\"article-text\">\n        El Supremo desestima tambi\u00e9n los recursos de la Fiscal\u00eda y la acusaci\u00f3n particular respecto a la absoluci\u00f3n de quien la Audiencia de A Coru\u00f1a consider\u00f3 c\u00f3mplice. La Sala considera razonable y no arbitraria la conclusi\u00f3n absolutoria del Tribunal Superior de Galicia, que explic\u00f3 que ni en el v\u00eddeo reproducido en el juicio ni en las testificales se aprecia una intervenci\u00f3n de tipo colaborador en los hechos de dicho acusado, en el sentido de facilitar la agresi\u00f3n y dificultar la huida.\n    <\/p>\n","protected":false},"excerpt":{"rendered":"El Supremo ha confirmado las condenas de entre 20 y 24 a\u00f1os de prisi\u00f3n impuestas a los tres&hellip;\n","protected":false},"author":2,"featured_media":313374,"comment_status":"","ping_status":"","sticky":false,"template":"","format":"standard","meta":{"footnotes":""},"categories":[8],"tags":[517,1705,17,18,25,24,13,14,816,11,7386,19,20,7318,9,10,15,16,1925,7387,1146,23,12,21,22],"class_list":{"0":"post-313373","1":"post","2":"type-post","3":"status-publish","4":"format-standard","5":"has-post-thumbnail","7":"category-espana","8":"tag-actualidad","9":"tag-analisis","10":"tag-breaking-news","11":"tag-breakingnews","12":"tag-es","13":"tag-espana","14":"tag-featured-news","15":"tag-featurednews","16":"tag-galicia","17":"tag-headlines","18":"tag-la-coruna","19":"tag-latest-news","20":"tag-latestnews","21":"tag-lugo","22":"tag-news","23":"tag-noticias","24":"tag-noticias-destacadas","25":"tag-noticiasdestacadas","26":"tag-opinion","27":"tag-orense","28":"tag-pontevedra","29":"tag-spain","30":"tag-titulares","31":"tag-ultimas-noticias","32":"tag-ultimasnoticias"},"share_on_mastodon":{"url":"https:\/\/pubeurope.com\/@es\/115807035319332228","error":""},"_links":{"self":[{"href":"https:\/\/www.europesays.com\/es\/wp-json\/wp\/v2\/posts\/313373","targetHints":{"allow":["GET"]}}],"collection":[{"href":"https:\/\/www.europesays.com\/es\/wp-json\/wp\/v2\/posts"}],"about":[{"href":"https:\/\/www.europesays.com\/es\/wp-json\/wp\/v2\/types\/post"}],"author":[{"embeddable":true,"href":"https:\/\/www.europesays.com\/es\/wp-json\/wp\/v2\/users\/2"}],"replies":[{"embeddable":true,"href":"https:\/\/www.europesays.com\/es\/wp-json\/wp\/v2\/comments?post=313373"}],"version-history":[{"count":0,"href":"https:\/\/www.europesays.com\/es\/wp-json\/wp\/v2\/posts\/313373\/revisions"}],"wp:featuredmedia":[{"embeddable":true,"href":"https:\/\/www.europesays.com\/es\/wp-json\/wp\/v2\/media\/313374"}],"wp:attachment":[{"href":"https:\/\/www.europesays.com\/es\/wp-json\/wp\/v2\/media?parent=313373"}],"wp:term":[{"taxonomy":"category","embeddable":true,"href":"https:\/\/www.europesays.com\/es\/wp-json\/wp\/v2\/categories?post=313373"},{"taxonomy":"post_tag","embeddable":true,"href":"https:\/\/www.europesays.com\/es\/wp-json\/wp\/v2\/tags?post=313373"}],"curies":[{"name":"wp","href":"https:\/\/api.w.org\/{rel}","templated":true}]}}