{"id":313410,"date":"2025-12-30T06:43:08","date_gmt":"2025-12-30T06:43:08","guid":{"rendered":"https:\/\/www.europesays.com\/es\/313410\/"},"modified":"2025-12-30T06:43:08","modified_gmt":"2025-12-30T06:43:08","slug":"roma-genoa-en-directo","status":"publish","type":"post","link":"https:\/\/www.europesays.com\/es\/313410\/","title":{"rendered":"Roma &#8211; Genoa en directo"},"content":{"rendered":"<p> Sigue el minuto a minuto del Roma-Genoa<\/p>\n<p class=\"ue-c-article__paragraph \"><strong>\u00a1Bueeeeeeenaaaaaaas taaaaaaaaaaardeeeeeeeeees!<\/strong> Bienvenid@s al \u00faltimo partido de la<strong> jornada 17<\/strong> de la Serie A. En el d\u00eda de hoy la <strong>Roma<\/strong> recibe al <strong>Genoa<\/strong> de &#8216;su&#8217; <strong>Daniele De Rossi<\/strong>, para cerrar el a\u00f1o en el Estadio Ol\u00edmpico de Roma. <\/p>\n<p class=\"ue-c-article__paragraph \">La<strong> &#8216;loba&#8217; <\/strong>llega al \u00faltimo partido del a\u00f1o con la necesidad de sumar para mantenerse en la lucha por el &#8216;Scudetto&#8217;. <strong>Los de Gasperini vienen de caer ante la Juventus (2-1)<\/strong>, y en caso de derrota perder\u00edan la cuarta plaza y se descolgar\u00edan de <strong>Inter, N\u00e1poles y Milan<\/strong>. El conjunto &#8216;giallorosso&#8217; atraviesa su peor din\u00e1mica del curso, con solo tres puntos de los \u00faltimos 12 posibles, y empieza a generar dudas en torno a su capacidad para sostener el ritmo de la zona alta.<\/p>\n<p class=\"ue-c-article__paragraph \">Por otro lado<strong>, el Genoa ha mejorado desde la llegada de Daniele De Rossi como t\u00e9cnico del conjunto &#8216;rossobl\u00f9&#8217;. En sus \u00faltimos dos compromisos han obtenido dos derrotas ante Atalanta e Inter, <\/strong>pero acabaron el mes de noviembre invictos<strong> y actualmente con 14 puntos en la tabla ocupan la d\u00e9cima s\u00e9ptima posici\u00f3n. <\/strong>Ante la Roma afrontan un partido muy especial para su t\u00e9cnico, que vuelve al Ol\u00edmpico tras su \u00faltima etapa en el conjunto &#8216;giallorosso&#8217;.<\/p>\n<p class=\"ue-c-article__paragraph \">Empezamos ya con la toda la previa, y cuando el bal\u00f3n eche a rodar a las <strong>20:45<\/strong>, podr\u00e9is seguir el partido en<strong> Dazn<\/strong> y el minuto a minuto del partido, aqu\u00ed en <strong>Marca.com<\/strong>. <strong>\u00a1ARRRRRRAAAAANCAAAAMOOOOOS!<\/strong><\/p>\n","protected":false},"excerpt":{"rendered":"Sigue el minuto a minuto del Roma-Genoa \u00a1Bueeeeeeenaaaaaaas taaaaaaaaaaardeeeeeeeeees! Bienvenid@s al \u00faltimo partido de la jornada 17 de&hellip;\n","protected":false},"author":2,"featured_media":313411,"comment_status":"","ping_status":"","sticky":false,"template":"","format":"standard","meta":{"footnotes":""},"categories":[268],"tags":[59264,168,25,24,280,282,1698,39316,4523,281,23,167],"class_list":{"0":"post-313410","1":"post","2":"type-post","3":"status-publish","4":"format-standard","5":"has-post-thumbnail","7":"category-futbol","8":"tag-as-roma","9":"tag-deportes","10":"tag-es","11":"tag-espana","12":"tag-football","13":"tag-futbol","14":"tag-futbol-internacional","15":"tag-genoa","16":"tag-serie-a","17":"tag-soccer","18":"tag-spain","19":"tag-sports"},"share_on_mastodon":{"url":"https:\/\/pubeurope.com\/@es\/115807165010306619","error":""},"_links":{"self":[{"href":"https:\/\/www.europesays.com\/es\/wp-json\/wp\/v2\/posts\/313410","targetHints":{"allow":["GET"]}}],"collection":[{"href":"https:\/\/www.europesays.com\/es\/wp-json\/wp\/v2\/posts"}],"about":[{"href":"https:\/\/www.europesays.com\/es\/wp-json\/wp\/v2\/types\/post"}],"author":[{"embeddable":true,"href":"https:\/\/www.europesays.com\/es\/wp-json\/wp\/v2\/users\/2"}],"replies":[{"embeddable":true,"href":"https:\/\/www.europesays.com\/es\/wp-json\/wp\/v2\/comments?post=313410"}],"version-history":[{"count":0,"href":"https:\/\/www.europesays.com\/es\/wp-json\/wp\/v2\/posts\/313410\/revisions"}],"wp:featuredmedia":[{"embeddable":true,"href":"https:\/\/www.europesays.com\/es\/wp-json\/wp\/v2\/media\/313411"}],"wp:attachment":[{"href":"https:\/\/www.europesays.com\/es\/wp-json\/wp\/v2\/media?parent=313410"}],"wp:term":[{"taxonomy":"category","embeddable":true,"href":"https:\/\/www.europesays.com\/es\/wp-json\/wp\/v2\/categories?post=313410"},{"taxonomy":"post_tag","embeddable":true,"href":"https:\/\/www.europesays.com\/es\/wp-json\/wp\/v2\/tags?post=313410"}],"curies":[{"name":"wp","href":"https:\/\/api.w.org\/{rel}","templated":true}]}}