{"id":313427,"date":"2025-12-30T06:55:08","date_gmt":"2025-12-30T06:55:08","guid":{"rendered":"https:\/\/www.europesays.com\/es\/313427\/"},"modified":"2025-12-30T06:55:08","modified_gmt":"2025-12-30T06:55:08","slug":"sin-boric-no-habria-kast","status":"publish","type":"post","link":"https:\/\/www.europesays.com\/es\/313427\/","title":{"rendered":"Sin Boric no habr\u00eda Kast"},"content":{"rendered":"<p class=\"\">La victoria de <a href=\"https:\/\/elpais.com\/chile\/2025-12-14\/kast-vence-en-chile-y-la-extrema-derecha-alcanza-la-presidencia-por-primera-vez-en-democracia.html\" target=\"_self\" rel=\"nofollow noopener\" title=\"https:\/\/elpais.com\/chile\/2025-12-14\/kast-vence-en-chile-y-la-extrema-derecha-alcanza-la-presidencia-por-primera-vez-en-democracia.html\">Jos\u00e9 Antonio Kast<\/a> no es un accidente hist\u00f3rico. Tampoco el reflejo de una reconfiguraci\u00f3n duradera hacia la derecha. La explicaci\u00f3n es m\u00e1s simple: es consecuencia directa del <a href=\"https:\/\/elpais.com\/chile\/2025-12-15\/boric-y-kast-apuestan-por-una-transicion-ordenada-tras-el-triunfo-de-la-extrema-derecha-en-chile.html\" target=\"_self\" rel=\"nofollow noopener\" title=\"https:\/\/elpais.com\/chile\/2025-12-15\/boric-y-kast-apuestan-por-una-transicion-ordenada-tras-el-triunfo-de-la-extrema-derecha-en-chile.html\">Gobierno de Gabriel Boric<\/a>. Kast gobierna porque Boric estabiliz\u00f3 Chile despu\u00e9s de un desborde institucional que pudo haber tenido consecuencias tan graves como las de 1973. Ocupar\u00e1 La Moneda en marzo pr\u00f3ximo porque su antecesor <a href=\"https:\/\/elpais.com\/chile\/2025-12-13\/gabriel-boric-comienza-a-despedirse-de-la-moneda.html\" target=\"_self\" rel=\"nofollow noopener\" title=\"https:\/\/elpais.com\/chile\/2025-12-13\/gabriel-boric-comienza-a-despedirse-de-la-moneda.html\">reconstruy\u00f3 las condiciones m\u00ednimas <\/a>de gobernabilidad. Sin Boric y su Gobierno de emergencia, el actual Kast no habr\u00eda sido viable.<\/p>\n<p class=\"\">Boric asumi\u00f3 un pa\u00eds al borde de una fractura, algo que pocos hab\u00edan aquilatado en su verdadera magnitud. La <a href=\"https:\/\/elpais.com\/chile\/2022-10-18\/boric-a-tres-anos-del-estallido-social-chileno-fue-un-clamor-por-mayor-justicia-igualdad-y-el-fin-de-los-abusos.html\" target=\"_self\" rel=\"nofollow noopener\" title=\"https:\/\/elpais.com\/chile\/2022-10-18\/boric-a-tres-anos-del-estallido-social-chileno-fue-un-clamor-por-mayor-justicia-igualdad-y-el-fin-de-los-abusos.html\">revuelta de 2019<\/a> hab\u00eda pulverizado certezas, debilitado al Estado y desordenado la cultura pol\u00edtica. La Convenci\u00f3n Constitucional \u2014concebida como remedio\u2014 termin\u00f3 <a href=\"https:\/\/elpais.com\/internacional\/2021-07-12\/la-primera-semana-de-la-convencion-de-chile-marcada-por-el-ensayo-y-error.html\" target=\"_self\" rel=\"nofollow noopener\" title=\"https:\/\/elpais.com\/internacional\/2021-07-12\/la-primera-semana-de-la-convencion-de-chile-marcada-por-el-ensayo-y-error.html\">amplificando el caos<\/a>: maximalismo ret\u00f3rico, identitarismo perform\u00e1tico, desconexi\u00f3n con la mayor\u00eda social. El <a href=\"https:\/\/elpais.com\/chile\/2022-09-05\/chile-rechaza-rotundamente-la-nueva-constitucion.html\" target=\"_self\" rel=\"nofollow noopener\" title=\"https:\/\/elpais.com\/chile\/2022-09-05\/chile-rechaza-rotundamente-la-nueva-constitucion.html\">rechazo del texto en 2022<\/a> clausur\u00f3 el sue\u00f1o refundacional, pero no fij\u00f3 una ruta clara de salida.<\/p>\n<p class=\"\">En ese vac\u00edo tuvo que gobernar Boric. Los gestos que dieron origen a la \u201cboricman\u00eda\u201d perdieron sentido de inmediato. Debi\u00f3 renunciar a buena parte de su programa. Recondujo el proceso constitucional hasta desembocar en la <a href=\"https:\/\/elpais.com\/chile\/2023-12-19\/chile-cierra-el-proceso-constitucional-tras-rechazar-la-propuesta-de-las-derechas.html\" target=\"_self\" rel=\"nofollow noopener\" title=\"https:\/\/elpais.com\/chile\/2023-12-19\/chile-cierra-el-proceso-constitucional-tras-rechazar-la-propuesta-de-las-derechas.html\">legitimaci\u00f3n pr\u00e1ctica de la Constituci\u00f3n de 1980<\/a> reformada; normaliz\u00f3 la econom\u00eda con pragmatismo, dejando atr\u00e1s el deseo de enterrar el neoliberalismo; reforz\u00f3 las fronteras, aceptando que un Estado que no las protege no es tal; actu\u00f3 en la macrozona sur para contener a grupos armados que hab\u00edan impuesto su propia ley. Dej\u00f3 atr\u00e1s la \u00e9pica octubrista y asumi\u00f3 una <a href=\"https:\/\/elpais.com\/chile\/2024-09-30\/boric-presenta-el-presupuesto-para-2025-y-pone-el-foco-en-la-seguridad-publica.html\" target=\"_self\" rel=\"nofollow noopener\" title=\"https:\/\/elpais.com\/chile\/2024-09-30\/boric-presenta-el-presupuesto-para-2025-y-pone-el-foco-en-la-seguridad-publica.html\">agenda impuesta por las circunstancias<\/a>: seguridad, control de fronteras, disciplina fiscal, restablecimiento del orden institucional.<\/p>\n<p class=\"\">Ese giro lo alej\u00f3 de corrientes de su propio sector y tampoco le gan\u00f3 la benevolencia de la oposici\u00f3n, que lo atac\u00f3 sin tregua por \u201ctravestismo\u201d y por no resolver problemas de fondo \u2014como si eso alguna vez fuera posible desde un solo Gobierno\u2014. Con todo, logr\u00f3 reformas socialdem\u00f3cratas relevantes: pensiones, 40 horas, sueldo m\u00ednimo y la alianza Codelco\u2013SQM para el <a href=\"https:\/\/elpais.com\/chile\/2023-04-21\/gabriel-boric-lanza-su-nueva-politica-del-litio-con-una-apuesta-por-el-control-estatal-no-mas-una-mineria-para-unos-pocos.html\" target=\"_self\" rel=\"nofollow noopener\" title=\"https:\/\/elpais.com\/chile\/2023-04-21\/gabriel-boric-lanza-su-nueva-politica-del-litio-con-una-apuesta-por-el-control-estatal-no-mas-una-mineria-para-unos-pocos.html\">litio en el Salar de Atacama<\/a>.<\/p>\n<p class=\"\">La estabilizaci\u00f3n institucional y la descompresi\u00f3n social produjeron un efecto pol\u00edtico inmediato: redujeron el costo de votar por Kast. En un pa\u00eds en llamas, Kast habr\u00eda sido confinado al nicho de <a href=\"https:\/\/elpais.com\/chile\/2025-11-16\/kaiser-el-libertario-que-mira-a-milei.html\" target=\"_self\" rel=\"nofollow noopener\" title=\"https:\/\/elpais.com\/chile\/2025-11-16\/kaiser-el-libertario-que-mira-a-milei.html\">Kaiser<\/a>. En un pa\u00eds fatigado pero nuevamente operativo, pudo distanciarse de la ultraderecha y <a href=\"https:\/\/elpais.com\/chile\/2025-11-17\/jose-antonio-kast-el-ultraderechista-que-no-quiere-parecerlo.html\" target=\"_self\" rel=\"nofollow noopener\" title=\"https:\/\/elpais.com\/chile\/2025-11-17\/jose-antonio-kast-el-ultraderechista-que-no-quiere-parecerlo.html\">ensayar un mensaje m\u00e1s pragm\u00e1tico<\/a>, centrado en la autoridad, la disciplina, las certezas y el crecimiento. No tan distinto al de Boric, pero con m\u00e1s credenciales para hablar de orden y sin el desgaste que implica sacar a un pa\u00eds de la emergencia.<\/p>\n<p class=\"\">Kast no es simplemente un adversario de Boric: es beneficiario de su tr\u00e1nsito forzado al realismo. Se alimenta del desencanto con las ilusiones transformadoras que el Gobierno no pudo cumplir, pero tambi\u00e9n de la <a href=\"https:\/\/elpais.com\/chile\/2024-06-01\/cuenta-publica-2024-de-gabriel-boric-en-chile-ultimas-noticias-en-vivo.html\" target=\"_self\" rel=\"nofollow noopener\" title=\"https:\/\/elpais.com\/chile\/2024-06-01\/cuenta-publica-2024-de-gabriel-boric-en-chile-ultimas-noticias-en-vivo.html\">estabilidad que \u00e9ste restaur\u00f3<\/a>. Kast crece donde Boric retrocedi\u00f3 y gracias a lo que Boric logr\u00f3 contener.<\/p>\n<p class=\"\">Adem\u00e1s, Kast expresa un recambio profundo dentro de la <a href=\"https:\/\/elpais.com\/chile\/2025-11-16\/las-tres-derechas-de-chile-y-un-electorado-complejo.html\" target=\"_self\" rel=\"nofollow noopener\" title=\"https:\/\/elpais.com\/chile\/2025-11-16\/las-tres-derechas-de-chile-y-un-electorado-complejo.html\">derecha<\/a>. Marca el fin del <a href=\"https:\/\/elpais.com\/chile\/2025-12-14\/el-empuje-de-la-extrema-derecha-mide-la-institucionalidad-de-chile.html\" target=\"_self\" rel=\"nofollow noopener\" title=\"https:\/\/elpais.com\/chile\/2025-12-14\/el-empuje-de-la-extrema-derecha-mide-la-institucionalidad-de-chile.html\">ciclo tecnocr\u00e1tico<\/a> que domin\u00f3 ese sector desde mediados de la dictadura. No se gu\u00eda por f\u00f3rmulas ni ecuaciones ni equilibrios autom\u00e1ticos, sino por <a href=\"https:\/\/elpais.com\/chile\/2025-11-17\/chile-allana-a-la-ultraderecha-el-camino-hacia-la-moneda.html\" target=\"_self\" rel=\"nofollow noopener\" title=\"https:\/\/elpais.com\/chile\/2025-11-17\/chile-allana-a-la-ultraderecha-el-camino-hacia-la-moneda.html\">principios morales absolutos<\/a>. En este sentido, no es tan distinto de Boric: ambos est\u00e1n m\u00e1s cerca de la \u00e9tica que de la tecnocracia; solo que uno se form\u00f3 en P\u00edo Nono y el otro en Derecho de la UC.<\/p>\n<p class=\"\">La alternancia entre Boric y Kast responde, as\u00ed, a una secuencia l\u00f3gica. Boric contuvo la crisis; Kast capitaliza sus l\u00edmites. Boric reconstruy\u00f3 la gobernabilidad; Kast promete reforzarla con autoridad. <a href=\"https:\/\/elpais.com\/chile\/2025-12-23\/la-economia-que-heredara-kast-una-inflacion-controlada-pero-con-estrechez-fiscal-y-desempleo-alto.html\" target=\"_self\" rel=\"nofollow noopener\" title=\"https:\/\/elpais.com\/chile\/2025-12-23\/la-economia-que-heredara-kast-una-inflacion-controlada-pero-con-estrechez-fiscal-y-desempleo-alto.html\">Boric contuvo la inflaci\u00f3n; Kast promete crecimiento<\/a>. Boric desactiv\u00f3 la \u00e9pica de 2019; Kast ofrece su reverso: la restituci\u00f3n del orden.<\/p>\n<p class=\"\">Pero hay algo m\u00e1s: <a href=\"https:\/\/elpais.com\/chile\/2025-03-09\/gabriel-boric-retrato-de-un-presidente-que-se-retirara-a-los-40-anos-de-la-moneda.html\" target=\"_self\" rel=\"nofollow noopener\" title=\"https:\/\/elpais.com\/chile\/2025-03-09\/gabriel-boric-retrato-de-un-presidente-que-se-retirara-a-los-40-anos-de-la-moneda.html\">Boric <\/a>y Kast, desde veredas opuestas, comparten una misma visi\u00f3n de la pol\u00edtica, basada en la voluntad y las normas, no en los automatismos del mercado ni en el autoritarismo antidemocr\u00e1tico. Uno super\u00f3 a la tecnocracia concertacionista; el otro, a la <a href=\"https:\/\/elpais.com\/internacional\/2017\/11\/21\/america\/1511287863_821821.html\" target=\"_self\" rel=\"nofollow noopener\" title=\"https:\/\/elpais.com\/internacional\/2017\/11\/21\/america\/1511287863_821821.html\">tecnocracia pi\u00f1erista<\/a>. Con Boric y Kast el p\u00e9ndulo oscila, pero sobre el mismo eje, y en esa estabilidad del eje radica tanto la alternancia como su continuidad profunda.<\/p>\n<p class=\"\">La pregunta ahora es si Kast abrir\u00e1 un nuevo ciclo pol\u00edtico o si su Gobierno ser\u00e1 un par\u00e9ntesis sostenido por condiciones heredadas. No debe olvidarse: <a href=\"https:\/\/elpais.com\/chile\/2025-12-15\/kast-visita-a-boric-en-la-moneda-este-gobierno-de-emergencia-tiene-que-verse-reflejado-en-un-gobierno-de-unidad-nacional.html\" target=\"_self\" rel=\"nofollow noopener\" title=\"https:\/\/elpais.com\/chile\/2025-12-15\/kast-visita-a-boric-en-la-moneda-este-gobierno-de-emergencia-tiene-que-verse-reflejado-en-un-gobierno-de-unidad-nacional.html\">Kast gobierna sobre la normalidad<\/a> que produjo su adversario. Y esa normalidad sigue siendo fr\u00e1gil. Si decide actuar como cruzado moral en vez de administrador responsable, puede reactivar la polarizaci\u00f3n que su propio ascenso buscaba clausurar. Kast debe aprender de Boric.<\/p>\n<p class=\"\">El punto esencial permanece: la llegada de Kast no es el fracaso de Boric; es su consecuencia. Boric estabiliz\u00f3 un pa\u00eds que pudo haberse ido al abismo. Kast explota la fatiga de ese mismo pa\u00eds, ya de vuelta del borde del precipicio. El primero reconstruy\u00f3 el tablero; <a href=\"https:\/\/elpais.com\/chile\/2025-12-18\/las-10-senales-politicas-de-kast-en-sus-primeras-72-horas-como-presidente-electo.html\" target=\"_self\" rel=\"nofollow noopener\" title=\"https:\/\/elpais.com\/chile\/2025-12-18\/las-10-senales-politicas-de-kast-en-sus-primeras-72-horas-como-presidente-electo.html\">el segundo juega sobre \u00e9l<\/a>.<\/p>\n<p class=\"\">Sin Boric no habr\u00eda Kast. Porque para que un pa\u00eds elija orden, primero necesita haber evitado el colapso. Y eso, con todos sus errores y contradicciones, lo hizo Boric.<\/p>\n<p><strong>Eugenio Tironi <\/strong>es doctor en sociolog\u00eda y autor de &#8216;La sociedad impaciente&#8217; (Ariel, 2023)<\/p>\n","protected":false},"excerpt":{"rendered":"La victoria de Jos\u00e9 Antonio Kast no es un accidente hist\u00f3rico. Tampoco el reflejo de una reconfiguraci\u00f3n duradera&hellip;\n","protected":false},"author":2,"featured_media":313428,"comment_status":"","ping_status":"","sticky":false,"template":"","format":"standard","meta":{"footnotes":""},"categories":[42],"tags":[889,17,18,2047,61429,13,14,73561,10204,11,61,62,63,64,60494,19,20,1804,9,10,15,16,12,21,22,4247,65,66,67],"class_list":{"0":"post-313427","1":"post","2":"type-post","3":"status-publish","4":"format-standard","5":"has-post-thumbnail","7":"category-internacional","8":"tag-america","9":"tag-breaking-news","10":"tag-breakingnews","11":"tag-chile","12":"tag-elecciones-chile","13":"tag-featured-news","14":"tag-featurednews","15":"tag-frente-amplio-chile","16":"tag-gabriel-boric","17":"tag-headlines","18":"tag-internacional","19":"tag-international","20":"tag-international-news","21":"tag-internationalnews","22":"tag-jose-antonio-kast","23":"tag-latest-news","24":"tag-latestnews","25":"tag-latinoamerica","26":"tag-news","27":"tag-noticias","28":"tag-noticias-destacadas","29":"tag-noticiasdestacadas","30":"tag-titulares","31":"tag-ultimas-noticias","32":"tag-ultimasnoticias","33":"tag-ultraderecha","34":"tag-world","35":"tag-world-news","36":"tag-worldnews"},"share_on_mastodon":{"url":"https:\/\/pubeurope.com\/@es\/115807212180738329","error":""},"_links":{"self":[{"href":"https:\/\/www.europesays.com\/es\/wp-json\/wp\/v2\/posts\/313427","targetHints":{"allow":["GET"]}}],"collection":[{"href":"https:\/\/www.europesays.com\/es\/wp-json\/wp\/v2\/posts"}],"about":[{"href":"https:\/\/www.europesays.com\/es\/wp-json\/wp\/v2\/types\/post"}],"author":[{"embeddable":true,"href":"https:\/\/www.europesays.com\/es\/wp-json\/wp\/v2\/users\/2"}],"replies":[{"embeddable":true,"href":"https:\/\/www.europesays.com\/es\/wp-json\/wp\/v2\/comments?post=313427"}],"version-history":[{"count":0,"href":"https:\/\/www.europesays.com\/es\/wp-json\/wp\/v2\/posts\/313427\/revisions"}],"wp:featuredmedia":[{"embeddable":true,"href":"https:\/\/www.europesays.com\/es\/wp-json\/wp\/v2\/media\/313428"}],"wp:attachment":[{"href":"https:\/\/www.europesays.com\/es\/wp-json\/wp\/v2\/media?parent=313427"}],"wp:term":[{"taxonomy":"category","embeddable":true,"href":"https:\/\/www.europesays.com\/es\/wp-json\/wp\/v2\/categories?post=313427"},{"taxonomy":"post_tag","embeddable":true,"href":"https:\/\/www.europesays.com\/es\/wp-json\/wp\/v2\/tags?post=313427"}],"curies":[{"name":"wp","href":"https:\/\/api.w.org\/{rel}","templated":true}]}}