{"id":313437,"date":"2025-12-30T07:12:08","date_gmt":"2025-12-30T07:12:08","guid":{"rendered":"https:\/\/www.europesays.com\/es\/313437\/"},"modified":"2025-12-30T07:12:08","modified_gmt":"2025-12-30T07:12:08","slug":"fer-fraga-rondallas-mi-abuela-maruja-de-82-anos-fue-al-cine-por-primera-vez-en-su-vida-para-ver-mi-pelicula-al-salir-me-dijo-estas-muy-bien-has-cenado-ella-es","status":"publish","type":"post","link":"https:\/\/www.europesays.com\/es\/313437\/","title":{"rendered":"Fer Fraga (Rondallas): \u201cMi abuela Maruja, de 82 a\u00f1os, fue al cine por primera vez en su vida para ver mi pel\u00edcula. Al salir me dijo: \u2018Est\u00e1s muy bien. \u00bfHas cenado?\u2019 Ella es quien me arraiga a la tierra\u00bb"},"content":{"rendered":"<p><strong>Usted se cri\u00f3 en una aldea llamada Dorr\u00f3n, \u00bften\u00eda alg\u00fan referente cinematogr\u00e1fico de ni\u00f1o?<\/strong><\/p>\n<p>No, no, para nada. Yo no me he criado en un ambiente intelectual ni cultural, me he criado en un ambiente del d\u00eda a d\u00eda y eso a uno le da mucha humanidad porque sabes el valor del trabajo y entiendes la ausencia de una figura materna o paterna porque est\u00e1n trabajando sin parar. Creo que eso me ha dado una sensibilidad especial y me hace valorar m\u00e1s lo que tengo y voy consiguiendo. En mi casa no \u00edbamos al cine. Imag\u00ednate que mi abuela Maruja fue al cine por primera vez en su vida, y tiene 82 a\u00f1os, hace una semana cuando hicimos un pase de Rondallas en Vigo.<\/p>\n<p><strong>\u00a1Y encima a ver a su nieto!<\/strong><\/p>\n<p>Uf, me emociono mucho con esto (se le entrecorta la voz). Yo durante muchos a\u00f1os me he preguntado si todo esto merec\u00eda la pena, cuando me iba de su casa, cuando estaba en Mil\u00e1n o en Ibiza\u2026 Y te juro que el otro d\u00eda en sus ojos vi que merec\u00eda la pena.<\/p>\n<p><strong>\u00bfQu\u00e9 te dijo ella despu\u00e9s de ver la pel\u00edcula?<\/strong><\/p>\n<p>Ella es la number one absoluta. Mi abuela me dijo: \u201cEst\u00e1s ben. Que cenaches?\u201d (est\u00e1s bien, \u00bfqu\u00e9 has cenado?\u201d, en gallego) (risas) \u00a1Eso me encanta! Darle la importancia justa a lo que hacemos. Ella se preocupa m\u00e1s por lo que como, si he dormido bien. Me arraiga mucho a la tierra y a las cosas importantes. Aprendo much\u00edsimo de ella en ese aspecto, me baja del cielo a la tierra.<\/p>\n<p><strong>\u00bfHay algo que ella le haya dicho que siempre lleva como consejo?<\/strong><\/p>\n<p>Ella siempre me dice que haga lo que me haga feliz y que siga a mi coraz\u00f3n. \u00a1Y eso que es una mujer ruda, eh! No es de expresar mucho sus emociones. Es una mujer del sur de Galicia, trabajadora en una f\u00e1brica, cuidaba la casa de los m\u00e9dicos, vive sola desde que se muri\u00f3 mi abuelo. Para m\u00ed es un ejemplo.<\/p>\n<p><strong>Cuando vuelve a su casa, \u00bfqu\u00e9 es lo que le gusta hacer con su abuela Maruja?<\/strong><\/p>\n<p>Lo que m\u00e1s: \u00a1comer huevos fritos con patatas con las manos! (risas).<\/p>\n<p><strong>\u00bfY le deja hacerlo?<\/strong><\/p>\n<p>Ella tambi\u00e9n lo hace conmigo mientras nadie nos ve (risas).<\/p>\n<p><strong>\u00bfPasar\u00e1 all\u00ed las navidades?<\/strong><\/p>\n<p>S\u00ed, con ella y con mi t\u00eda Lisa, que para m\u00ed es como una hermana mayor. Ella tiene un poder de sacrificio brutal, trabaja en una panader\u00eda desde hace 20 a\u00f1os y es esa figura que a veces te dice lo que no quieres escuchar pero que necesitas escuchar. Estoy bien arropado all\u00ed.<\/p>\n","protected":false},"excerpt":{"rendered":"Usted se cri\u00f3 en una aldea llamada Dorr\u00f3n, \u00bften\u00eda alg\u00fan referente cinematogr\u00e1fico de ni\u00f1o? No, no, para nada.&hellip;\n","protected":false},"author":2,"featured_media":313438,"comment_status":"","ping_status":"","sticky":false,"template":"","format":"standard","meta":{"footnotes":""},"categories":[174],"tags":[255,12374,28494,146,147,2958,25,24,256,23],"class_list":{"0":"post-313437","1":"post","2":"type-post","3":"status-publish","4":"format-standard","5":"has-post-thumbnail","7":"category-famosos","8":"tag-celebrities","9":"tag-cine-espanol","10":"tag-cine-y-tv","11":"tag-entertainment","12":"tag-entretenimiento","13":"tag-entrevistas","14":"tag-es","15":"tag-espana","16":"tag-famosos","17":"tag-spain"},"share_on_mastodon":{"url":"https:\/\/pubeurope.com\/@es\/115807279068658610","error":""},"_links":{"self":[{"href":"https:\/\/www.europesays.com\/es\/wp-json\/wp\/v2\/posts\/313437","targetHints":{"allow":["GET"]}}],"collection":[{"href":"https:\/\/www.europesays.com\/es\/wp-json\/wp\/v2\/posts"}],"about":[{"href":"https:\/\/www.europesays.com\/es\/wp-json\/wp\/v2\/types\/post"}],"author":[{"embeddable":true,"href":"https:\/\/www.europesays.com\/es\/wp-json\/wp\/v2\/users\/2"}],"replies":[{"embeddable":true,"href":"https:\/\/www.europesays.com\/es\/wp-json\/wp\/v2\/comments?post=313437"}],"version-history":[{"count":0,"href":"https:\/\/www.europesays.com\/es\/wp-json\/wp\/v2\/posts\/313437\/revisions"}],"wp:featuredmedia":[{"embeddable":true,"href":"https:\/\/www.europesays.com\/es\/wp-json\/wp\/v2\/media\/313438"}],"wp:attachment":[{"href":"https:\/\/www.europesays.com\/es\/wp-json\/wp\/v2\/media?parent=313437"}],"wp:term":[{"taxonomy":"category","embeddable":true,"href":"https:\/\/www.europesays.com\/es\/wp-json\/wp\/v2\/categories?post=313437"},{"taxonomy":"post_tag","embeddable":true,"href":"https:\/\/www.europesays.com\/es\/wp-json\/wp\/v2\/tags?post=313437"}],"curies":[{"name":"wp","href":"https:\/\/api.w.org\/{rel}","templated":true}]}}