{"id":313519,"date":"2025-12-30T08:22:07","date_gmt":"2025-12-30T08:22:07","guid":{"rendered":"https:\/\/www.europesays.com\/es\/313519\/"},"modified":"2025-12-30T08:22:07","modified_gmt":"2025-12-30T08:22:07","slug":"el-emotivo-momento-que-vivio-maria-belen-luduena-en-mar-del-plata-espectaculo-el-intransigente","status":"publish","type":"post","link":"https:\/\/www.europesays.com\/es\/313519\/","title":{"rendered":"el emotivo momento que vivi\u00f3 Mar\u00eda Bel\u00e9n Ludue\u00f1a en Mar del Plata ESPECT\u00c1CULO El Intransigente"},"content":{"rendered":"<p><strong><a href=\"https:\/\/elintransigente.com\/tag\/maria-belen-luduena\/\" rel=\"nofollow noopener\" target=\"_blank\">Mar\u00eda Bel\u00e9n Ludue\u00f1a<\/a><\/strong> vive un verano muy especial. En Mar del Plata, la conductora se abraza a su avanzado embarazo en la v\u00edspera del A\u00f1o Nuevo. Desde all\u00ed, la comunicadora se entrevist\u00f3 con Teleshow para contar c\u00f3mo vive estos tiempos que cambiar\u00e1n su vida para siempre.<\/p>\n<p>\u201cPas\u00e9 Navidad junto a mi familia en Mar del Plata.\u00a0Ustedes saben, yo soy marplatense, as\u00ed que lo pasamos en la casa de mi hermana menor, Josefina, con Jorge y toda mi familia.\u00a0Disfrut\u00e9 tambi\u00e9n de la playa, de las altas temperaturas, del mar\u201d, revel\u00f3 <strong><a href=\"https:\/\/elintransigente.com\/2025\/12\/lujo-en-las-fiestas-asi-pasa-los-ultimos-dias-del-ano-maria-belen-luduena-alejada-de-la-television\/\" rel=\"nofollow noopener\" target=\"_blank\">Mar\u00eda Bel\u00e9n Ludue\u00f1a<\/a><\/strong>.<\/p>\n<p>En este punto, la periodista quiso comentar que, al lado de Jorge Macri, vivi\u00f3 un momento especial. \u201cFuimos con Jorge a agradecer a la gruta de Lourdes porque hab\u00edamos ido a pedirle\u00a0en su momento varias veces para\u00a0<strong>que nos diera la posibilidad de tener un hijo y eso se concret\u00f3<\/strong>. As\u00ed que somos muy agradecidos y cada vez que vamos a Mar del Plata pasamos por ah\u00ed tambi\u00e9n dese\u00e1ndoles un gran a\u00f1o 2026 para todos\u201d, coment\u00f3 <strong><a href=\"https:\/\/www.instagram.com\/mariabelenluduena\/?hl=es\" rel=\"nofollow noopener\" target=\"_blank\">Mar\u00eda Bel\u00e9n Ludue\u00f1a<\/a><\/strong>.<\/p>\n<blockquote class=\"instagram-media\" data-instgrm-permalink=\"https:\/\/www.instagram.com\/reel\/DSqQYSIEfq1\/?utm_source=ig_embed&amp;utm_campaign=loading\" data-instgrm-version=\"14\" style=\" background:#FFF; border:0; border-radius:3px; box-shadow:0 0 1px 0 rgba(0,0,0,0.5),0 1px 10px 0 rgba(0,0,0,0.15); margin: 1px; max-width:540px; min-width:326px; padding:0; width:99.375%; width:-webkit-calc(100% - 2px); width:calc(100% - 2px);\"\/><p>  Lo que viene para Mar\u00eda Bel\u00e9n Ludue\u00f1a<\/p>\n<p>\u201cAhora estoy terminando\u00a0Tarde o temprano\u00a0en Canal Trece. Termino la primera semana de enero y\u00a0a partir de ese momento ya me empiezo a dedicar de lleno y a poner toda mi energ\u00eda en este embarazo que ya lleva cinco meses\u201d, sostuvo la comunicadora. \u201cEsperamos el beb\u00e9 para fines de abril, as\u00ed que quiero estar con todas las energ\u00edas,\u00a0concentrada en lo m\u00e1s importante de mi vida, que es ser mam\u00e1. Me llega esta maternidad a mis casi 40 a\u00f1os, as\u00ed que preparando todo para la llegada de este gran beb\u00e9 y concentrada en eso. Seguramente me tomar\u00e9 un tiempo para dar mis primeros pasos como mam\u00e1 y\u00a0cuando me sienta lista volver\u00e9 a la TV\u201d, reconoci\u00f3.<\/p>\n<blockquote class=\"instagram-media\" data-instgrm-permalink=\"https:\/\/www.instagram.com\/p\/DS0zQWRERFK\/?utm_source=ig_embed&amp;utm_campaign=loading\" data-instgrm-version=\"14\" style=\" background:#FFF; border:0; border-radius:3px; box-shadow:0 0 1px 0 rgba(0,0,0,0.5),0 1px 10px 0 rgba(0,0,0,0.15); margin: 1px; max-width:540px; min-width:326px; padding:0; width:99.375%; width:-webkit-calc(100% - 2px); width:calc(100% - 2px);\"\/><p>  <script async src=\"\/\/www.instagram.com\/embed.js\"><\/script><\/p>\n","protected":false},"excerpt":{"rendered":"Mar\u00eda Bel\u00e9n Ludue\u00f1a vive un verano muy especial. En Mar del Plata, la conductora se abraza a su&hellip;\n","protected":false},"author":2,"featured_media":313520,"comment_status":"","ping_status":"","sticky":false,"template":"","format":"standard","meta":{"footnotes":""},"categories":[174],"tags":[255,146,147,25,24,256,73573,23],"class_list":{"0":"post-313519","1":"post","2":"type-post","3":"status-publish","4":"format-standard","5":"has-post-thumbnail","7":"category-famosos","8":"tag-celebrities","9":"tag-entertainment","10":"tag-entretenimiento","11":"tag-es","12":"tag-espana","13":"tag-famosos","14":"tag-maria-belen-luduena","15":"tag-spain"},"share_on_mastodon":{"url":"https:\/\/pubeurope.com\/@es\/115807554287617533","error":""},"_links":{"self":[{"href":"https:\/\/www.europesays.com\/es\/wp-json\/wp\/v2\/posts\/313519","targetHints":{"allow":["GET"]}}],"collection":[{"href":"https:\/\/www.europesays.com\/es\/wp-json\/wp\/v2\/posts"}],"about":[{"href":"https:\/\/www.europesays.com\/es\/wp-json\/wp\/v2\/types\/post"}],"author":[{"embeddable":true,"href":"https:\/\/www.europesays.com\/es\/wp-json\/wp\/v2\/users\/2"}],"replies":[{"embeddable":true,"href":"https:\/\/www.europesays.com\/es\/wp-json\/wp\/v2\/comments?post=313519"}],"version-history":[{"count":0,"href":"https:\/\/www.europesays.com\/es\/wp-json\/wp\/v2\/posts\/313519\/revisions"}],"wp:featuredmedia":[{"embeddable":true,"href":"https:\/\/www.europesays.com\/es\/wp-json\/wp\/v2\/media\/313520"}],"wp:attachment":[{"href":"https:\/\/www.europesays.com\/es\/wp-json\/wp\/v2\/media?parent=313519"}],"wp:term":[{"taxonomy":"category","embeddable":true,"href":"https:\/\/www.europesays.com\/es\/wp-json\/wp\/v2\/categories?post=313519"},{"taxonomy":"post_tag","embeddable":true,"href":"https:\/\/www.europesays.com\/es\/wp-json\/wp\/v2\/tags?post=313519"}],"curies":[{"name":"wp","href":"https:\/\/api.w.org\/{rel}","templated":true}]}}