{"id":313521,"date":"2025-12-30T08:25:06","date_gmt":"2025-12-30T08:25:06","guid":{"rendered":"https:\/\/www.europesays.com\/es\/313521\/"},"modified":"2025-12-30T08:25:06","modified_gmt":"2025-12-30T08:25:06","slug":"el-llanto-de-romina-uhrig-al-hablar-por-primera-vez-de-su-adiccion-despues-de-gran-hermano-fue-un-momento-de-caida-infobae","status":"publish","type":"post","link":"https:\/\/www.europesays.com\/es\/313521\/","title":{"rendered":"El llanto de Romina Uhrig al hablar por primera vez de su adicci\u00f3n despu\u00e9s de Gran Hermano: \u201cFue un momento de ca\u00edda\u201d &#8211; Infobae"},"content":{"rendered":"<ol>\n<li><a href=\"https:\/\/news.google.com\/rss\/articles\/CBMi8AFBVV95cUxPa1Z4ZUkzbk9VdjBPWFRnQTZ3VDRsODRIWm4ycm9wV0wxZ0hYeHRtdW1hOVJVMDRSaVcyV2NrelMxVmctYmU3dnl5d3pJTWk5YTVETzA5N203YWZlNk5lSHVKWmtOLU1SbW1ESk5TeUxoM3laa2FaZHFzNW9FVmtvRURRSzRVZXpzeHI1RnpJWWhMczZvLXRFMWI1SFE4SFlxbDVIY3FDRHlzZUs3aEE5cVlTMTJ0SDN5VUhIOHNlQ2UwclZjbkJiVHN3YWhVVXRiYlpweFltdnpZXzI5UVJ3TElGQVBGMmthWUttbjZZQVPSAYsCQVVfeXFMTm0yQzdTZHFYSnZPSHlfRjh2T0pWYk1kSWdJeWpNMnZRODlGbUstNUktZENkSmhkSDZLUTByTVUtSnBtd1g1RGFYR1dDS0NSZ1A2MGJndWZjWEUxUGJ5LUtDRWQxY2xUVnl3ZVhNRGJoZmxjbnc1R0lfanNlekVhOW1ZSmtqRkFqbWp1QUg2UEJsM2R6aWlBYVBibWlBclJlZm9pMzl2SjRWZXFJb2MwODM2YzFVUWZ1Y0E0N29Pd1BUYnZBSzlWNF9Dd1lfN0dnYVE4MnJLTUluV1BHd0pmdEJKeF9Va3liY1Ytbmt2UHpvcjVVcnJwemF4SENvR1V3U0dmQlhOUDYzSy1N?oc=5\" target=\"_blank\" rel=\"nofollow noopener\">El llanto de Romina Uhrig al hablar por primera vez de su adicci\u00f3n despu\u00e9s de Gran Hermano: \u201cFue un momento de ca\u00edda\u201d<\/a>&nbsp;&nbsp;Infobae<\/li>\n<li><a href=\"https:\/\/news.google.com\/rss\/articles\/CBMitwFBVV95cUxORXhmQWRVR29ES0VoNnJ6blBmV0txc0EwUmVZOWtQYlpfUWZEcnZiN1VLQTFlNE9SdlkySzZRYlZiU3YzVmNGZlAyaER5V0ZMUjhTc1FzclltcUI1Wm9naEdYUUFCQ0N2amRMdzVTd0diRm9ERWpXYms5UXhnNzRhWkRyV2FuekpRRnhWQ1VpVXFJUkRjVXV0QTVyOS03TWk0RHUxeUhSd0lvUUhYRWxSRFNqcm8tV2M?oc=5\" target=\"_blank\" rel=\"nofollow noopener\">Una ex Gran Hermano rompi\u00f3 el silencio sobre su problema de adicciones<\/a>&nbsp;&nbsp;La Gaceta<\/li>\n<li><a href=\"https:\/\/news.google.com\/rss\/articles\/CBMiyAFBVV95cUxPSVF4eWZnWkZOd1NYM1dOM0VHZjFQeHR6ZFdmQkZVLThKQWF3WkdPUURyZk9CZHQ3NktCcmh1SlZhd2plQkFrb2hzRlpaNElHU1ZZTGlERjZjY2dpU0VyQkY2TUdIRjI3bG9vUUNpeWRKSjlqbjZmQVZ1VmdKcDJLWHdrQ3o3N2hqY3ZQRDZuNWpBcWRFX0gwTm1Qei1COVZiVG91SW1ubGVMT254WHk5cEZhaV93U3UyLXdaTExoSHE4OUxUQzFxeg?oc=5\" target=\"_blank\" rel=\"nofollow noopener\">Romina Uhrig habl\u00f3 del consumo problem\u00e1tico de sustancias: \u00abNo pod\u00eda salir si no ten\u00eda eso\u00bb<\/a>&nbsp;&nbsp;Filo News<\/li>\n<li><a href=\"https:\/\/news.google.com\/rss\/articles\/CBMivgFBVV95cUxNcVZIYTdmRjBucWt2ZUF0cFRJcXgzVS1UTzl0dFV0OGZYNGZrSUFzS1otZTBwcHhFdHBPUHJqZjJVM2FkaVM3N1BYdkFxS0sxYkxnaldac1RUbEVTWXI0UjNZQ3UwNmE4QWZaVjNnbC1BeFdCb2REcDQyVUdwcFFSSjhEZjVEVlE4UXk3NmktTl90OTdQRlhwUy05cUcyTWpBeGk5V19LQkFaSl9NY3FwbEZXc21STVJXTU1oMXFB?oc=5\" target=\"_blank\" rel=\"nofollow noopener\">Romina Uhrig cont\u00f3 c\u00f3mo termin\u00f3 tras su separaci\u00f3n tras salir de Gran Hermano<\/a>&nbsp;&nbsp;La Plata 1<\/li>\n<li><a href=\"https:\/\/news.google.com\/rss\/articles\/CBMi1AFBVV95cUxOSm1xSFJHS2E3TUwyZi0yUjlmdDFoRlEtZHJISWpaWVhlV2hUaV9ibThGY3JaOWRGTEZxMGNpaGdfOXE2ajZpYks0SWtpNGozWUxudERFTGVuek5pdGg0Vlg1alV2bUVGbUg5SHB5WG9TRmx5RlpVTmpaaENGVEpqWnRsRDVSdVJ2ZkprSmtMbXdxaE15M0JCMU1KT0pZVHM4ZFdaMkU0TTZ1dEs5M1BqT0s0U2NJNkk3N1lPMzVYbTRqUXZZM013UEw2S1k2TDlidVdiTA?oc=5\" target=\"_blank\" rel=\"nofollow noopener\">Romina Uhrig habl\u00f3 de sus adicciones y dej\u00f3 una estremecedora confesi\u00f3n: \u201cNo lo pude manejar\u201d<\/a>&nbsp;&nbsp;Radio Mitre<\/li>\n<\/ol>\n","protected":false},"excerpt":{"rendered":"El llanto de Romina Uhrig al hablar por primera vez de su adicci\u00f3n despu\u00e9s de Gran Hermano: \u201cFue&hellip;\n","protected":false},"author":2,"featured_media":297172,"comment_status":"","ping_status":"","sticky":false,"template":"","format":"standard","meta":{"footnotes":""},"categories":[171],"tags":[146,147,25,24,23,214],"class_list":{"0":"post-313521","1":"post","2":"type-post","3":"status-publish","4":"format-standard","5":"has-post-thumbnail","7":"category-tv","8":"tag-entertainment","9":"tag-entretenimiento","10":"tag-es","11":"tag-espana","12":"tag-spain","13":"tag-tv"},"share_on_mastodon":{"url":"https:\/\/pubeurope.com\/@es\/115807566109277300","error":""},"_links":{"self":[{"href":"https:\/\/www.europesays.com\/es\/wp-json\/wp\/v2\/posts\/313521","targetHints":{"allow":["GET"]}}],"collection":[{"href":"https:\/\/www.europesays.com\/es\/wp-json\/wp\/v2\/posts"}],"about":[{"href":"https:\/\/www.europesays.com\/es\/wp-json\/wp\/v2\/types\/post"}],"author":[{"embeddable":true,"href":"https:\/\/www.europesays.com\/es\/wp-json\/wp\/v2\/users\/2"}],"replies":[{"embeddable":true,"href":"https:\/\/www.europesays.com\/es\/wp-json\/wp\/v2\/comments?post=313521"}],"version-history":[{"count":0,"href":"https:\/\/www.europesays.com\/es\/wp-json\/wp\/v2\/posts\/313521\/revisions"}],"wp:featuredmedia":[{"embeddable":true,"href":"https:\/\/www.europesays.com\/es\/wp-json\/wp\/v2\/media\/297172"}],"wp:attachment":[{"href":"https:\/\/www.europesays.com\/es\/wp-json\/wp\/v2\/media?parent=313521"}],"wp:term":[{"taxonomy":"category","embeddable":true,"href":"https:\/\/www.europesays.com\/es\/wp-json\/wp\/v2\/categories?post=313521"},{"taxonomy":"post_tag","embeddable":true,"href":"https:\/\/www.europesays.com\/es\/wp-json\/wp\/v2\/tags?post=313521"}],"curies":[{"name":"wp","href":"https:\/\/api.w.org\/{rel}","templated":true}]}}