{"id":313542,"date":"2025-12-30T08:50:09","date_gmt":"2025-12-30T08:50:09","guid":{"rendered":"https:\/\/www.europesays.com\/es\/313542\/"},"modified":"2025-12-30T08:50:09","modified_gmt":"2025-12-30T08:50:09","slug":"hablamos-con-ella-tras-su-ultimo-sueno-hecho-realidad","status":"publish","type":"post","link":"https:\/\/www.europesays.com\/es\/313542\/","title":{"rendered":"hablamos con ella tras su \u00faltimo \u00absue\u00f1o hecho realidad\u00bb"},"content":{"rendered":"<p id=\"eHTPkFiR9p\" data-wc=\"105\">Con su 40 cumplea\u00f1os a la vuelta de la esquina, Irina Shayk, asegura que ya no le tiene miedo al cambio. \u00ab<strong>A veces no nos gusta el cambio porque nos asusta<\/strong>\u00ab, confiesa en una entrevista exclusiva con HELLO!. \u00abPero siento que todos lo necesitamos\u00bb, dice la top de origen ruso y residente en Nueva York. La modelo, que ha desfilado para marcas como Givenchy, Bottega Veneta, Chanel y Burberry, ha disfrutado de una carrera estelar, pero cierra este a\u00f1o con un proyecto que, en sus propias palabras, es un \u00ab<strong>sue\u00f1o hecho realidad<\/strong>\u00ab. Y es que, por primera vez, Irina Shayk aparece en el Calendario Pirelli.\u00a0<\/p>\n<p> <img src=\"https:\/\/www.europesays.com\/es\/wp-content\/uploads\/2025\/12\/d4ed994410bb-irina-shayk-04.jpg\"   width=\"1024\" height=\"768\" loading=\"lazy\" decoding=\"async\" alt=\"Irina Shayk para el calendario Pirelli 2026\" fetchpriority=\"auto\" class=\"image ho-image\"\/>\u00a9 Pirelli<\/p>\n<p id=\"eX2BHUV4TY7\" data-wc=\"75\">Lo hace con otras estrellas de la talla de la cantante FKA Twigs, la actriz Gwendoline Christie y la deportista Venus Williams, quienes representan la tierra, el \u00e9ter y el fuego, respectivamente. Las impactantes im\u00e1genes, tomadas por el fot\u00f3grafo noruego S\u00f8lve Sundsb\u00f8, fueron creadas para representar el viento y la modelo aparece luciendo <strong>un espectacular vestido de gasa en tono coral<\/strong> mientras varios miembros del equipo de producci\u00f3n contribuyen a crear este efecto visual \u00fanico.\u00a0<\/p>\n<p> <img src=\"https:\/\/www.europesays.com\/es\/wp-content\/uploads\/2025\/12\/dacb1b4bcde3-irina-shayk-03.jpg\"   width=\"1024\" height=\"768\" loading=\"lazy\" decoding=\"async\" alt=\"Irina Shayk para el calendario Pirelli 2026\" fetchpriority=\"auto\" class=\"image ho-image\"\/>\u00a9 Pirelli<\/p>\n<p id=\"esAD61iU7P\" data-wc=\"79\">En cada toma de esta sesi\u00f3n fotogr\u00e1fica de otro mundo, el vestido <strong>fluye de manera et\u00e9rea<\/strong>, mostrando la delicadeza de la tela y d\u00e1ndole movimiento para que Sundsb\u00f8 pudiera conseguir el resultado que buscaba. \u00abEstaba de vacaciones en Turqu\u00eda con mi familia, comiendo kebabs durante tres semanas seguidas, y recib\u00ed una llamada (ofreci\u00e9ndome el trabajo). Literalmente, grit\u00e9. <strong>Siempre fue mi sue\u00f1o<\/strong> y siempre estuvo en mi lista de cosas por hacer. Es un gran honor para m\u00ed\u00bb, confiesa emocionada.<\/p>\n<p> <img src=\"https:\/\/www.europesays.com\/es\/wp-content\/uploads\/2025\/12\/1552493a107d-irina-shayk-02.jpg\"   width=\"768\" height=\"1024\" loading=\"lazy\" decoding=\"async\" alt=\"Irina Shayk para el calendario Pirelli 2026\" fetchpriority=\"auto\" class=\"image ho-image\"\/>\u00a9 Pirelli<br \/>\nVIENTOS DE CAMBIO<\/p>\n<p id=\"eLnK4x1PLCR\" data-wc=\"60\">Irina compara el elemento del viento con los giros inesperados que su vida ha dado desde que alcanz\u00f3 la fama en 2007 como rostro de la marca de lencer\u00eda Intimissimi y en la portada de la revista Sports Illustrated. \u00ab<strong>Nunca sabes en qu\u00e9 direcci\u00f3n va a soplar tu vida, hoy o ma\u00f1ana<\/strong>, <strong>la pr\u00f3xima semana o el pr\u00f3ximo a\u00f1o<\/strong>\u00ab, reflexiona.<\/p>\n<p id=\"e57dW5_6VFY\" data-wc=\"55\">Desde su ruptura en 2019 con el actor Bradley Cooper, padre de su hija Lea de Seine Shayk Cooper, de 8 a\u00f1os, la modelo ha intentado mantener su vida personal fuera del foco p\u00fablico. Sin embargo, le dice a HELLO! que: \u00ab<strong>La vida es movimiento. Trae muchos cambios, y a m\u00ed me encantan los cambios<\/strong>\u00ab.\u00a0<\/p>\n<p> <img src=\"https:\/\/www.europesays.com\/es\/wp-content\/uploads\/2025\/12\/a4c10e15ff9f-irina-shayk-01.jpg\"   width=\"1024\" height=\"768\" loading=\"lazy\" decoding=\"async\" alt=\"Irina Shayk para el calendario Pirelli 2026\" fetchpriority=\"auto\" class=\"image ho-image\"\/>\u00a9 Pirelli<\/p>\n<p id=\"ekCvZqlMGvl\" data-wc=\"78\">Shayk defiende que el Calendario Pirelli tambi\u00e9n ha experimentado un cambio porque, en su opini\u00f3n, \u00abha evolucionado para <strong>celebrar la diversidad, el empoderamiento femenino y la belleza interior<\/strong>\u00ab. De sus compa\u00f1eras de este a\u00f1o, que tambi\u00e9n incluyen a la actriz Isabella Rossellini y la modelo Eva Herzigov\u00e1, Irina comenta: \u00abEstar en la compa\u00f1\u00eda de todas esas mujeres es un sue\u00f1o hecho realidad. La sesi\u00f3n de fotos fue algo m\u00e1gico. <strong>Cuando vi el resultado final, me qued\u00e9 sin palabras<\/strong>\u00ab.\u00a0<\/p>\n<p> <img src=\"https:\/\/www.europesays.com\/es\/wp-content\/uploads\/2025\/12\/0adfdd7c4841-22irina-shayk-cp26.jpg\"   width=\"1024\" height=\"641\" loading=\"lazy\" decoding=\"async\" alt=\"Irina Shayk, espectacular en el calendario Pirelli\" fetchpriority=\"auto\" class=\"image ho-image\"\/>\u00a9 S\u00f8lve Sundsb\u00f8 &#8211; Pirelli<\/p>\n<p id=\"eSFOjigyMTj\" data-wc=\"60\">A punto de cumplir 40 el pr\u00f3ximo 6 de enero, Irina est\u00e1 adoptando un enfoque positivo hacia el futuro. \u00abEstoy muy emocionada por las vacaciones. <strong>Estoy en Nueva York y hace mucho viento, pero estoy lista para el clima soleado<\/strong>\u00ab, nos confiesa. Y es que la pr\u00f3xima d\u00e9cada de la modelo podr\u00eda ser, sin duda, la m\u00e1s brillante de todas.<\/p>\n","protected":false},"excerpt":{"rendered":"Con su 40 cumplea\u00f1os a la vuelta de la esquina, Irina Shayk, asegura que ya no le tiene&hellip;\n","protected":false},"author":2,"featured_media":313543,"comment_status":"","ping_status":"","sticky":false,"template":"","format":"standard","meta":{"footnotes":""},"categories":[174],"tags":[517,255,146,147,25,24,256,18572,23],"class_list":{"0":"post-313542","1":"post","2":"type-post","3":"status-publish","4":"format-standard","5":"has-post-thumbnail","7":"category-famosos","8":"tag-actualidad","9":"tag-celebrities","10":"tag-entertainment","11":"tag-entretenimiento","12":"tag-es","13":"tag-espana","14":"tag-famosos","15":"tag-irina-shayk","16":"tag-spain"},"share_on_mastodon":{"url":"https:\/\/pubeurope.com\/@es\/115807664627618170","error":""},"_links":{"self":[{"href":"https:\/\/www.europesays.com\/es\/wp-json\/wp\/v2\/posts\/313542","targetHints":{"allow":["GET"]}}],"collection":[{"href":"https:\/\/www.europesays.com\/es\/wp-json\/wp\/v2\/posts"}],"about":[{"href":"https:\/\/www.europesays.com\/es\/wp-json\/wp\/v2\/types\/post"}],"author":[{"embeddable":true,"href":"https:\/\/www.europesays.com\/es\/wp-json\/wp\/v2\/users\/2"}],"replies":[{"embeddable":true,"href":"https:\/\/www.europesays.com\/es\/wp-json\/wp\/v2\/comments?post=313542"}],"version-history":[{"count":0,"href":"https:\/\/www.europesays.com\/es\/wp-json\/wp\/v2\/posts\/313542\/revisions"}],"wp:featuredmedia":[{"embeddable":true,"href":"https:\/\/www.europesays.com\/es\/wp-json\/wp\/v2\/media\/313543"}],"wp:attachment":[{"href":"https:\/\/www.europesays.com\/es\/wp-json\/wp\/v2\/media?parent=313542"}],"wp:term":[{"taxonomy":"category","embeddable":true,"href":"https:\/\/www.europesays.com\/es\/wp-json\/wp\/v2\/categories?post=313542"},{"taxonomy":"post_tag","embeddable":true,"href":"https:\/\/www.europesays.com\/es\/wp-json\/wp\/v2\/tags?post=313542"}],"curies":[{"name":"wp","href":"https:\/\/api.w.org\/{rel}","templated":true}]}}