{"id":313575,"date":"2025-12-30T09:14:07","date_gmt":"2025-12-30T09:14:07","guid":{"rendered":"https:\/\/www.europesays.com\/es\/313575\/"},"modified":"2025-12-30T09:14:07","modified_gmt":"2025-12-30T09:14:07","slug":"doble-expo-en-la-galeria-la-central","status":"publish","type":"post","link":"https:\/\/www.europesays.com\/es\/313575\/","title":{"rendered":"Doble expo en la galer\u00eda La Central"},"content":{"rendered":"<p>La galer\u00eda La Central present\u00f3 hace unos d\u00edas la exposici\u00f3n Loturak. Una colectiva de ocho artistas muy vinculados a la galer\u00eda y que est\u00e1n presentes  &#8230; de forma continua en su espacio de expositores permanentes. <\/p>\n<p class=\"v-p\">Entre ellos est\u00e1<strong> Adriana Ibargoyen<\/strong>, que al acabar sus estudios de Bellas Artes combin\u00f3 su faceta did\u00e1ctica como profesora de pintura en su taller (Taller Mihise) con la de pintora. La luz y el color es lo que m\u00e1s destaca en su obra, y el paisaje donostiarra es uno de los que m\u00e1s se repite. <strong>Antonio Pe\u00f1a<\/strong> plasma su formaci\u00f3n filos\u00f3fica en sus cuadros, de estilo abstracto con trazos figurativos. El cromatismo suele ser muy variado, con colores c\u00e1lidos. <strong>Dorleta D\u00edaz<\/strong>, tras sus estudios de Bellas Artes, se inici\u00f3 como profesora en Hondarribia. Actualmente est\u00e1 volcada en la pintura y en la cer\u00e1mica, que combina con sus talleres para ni\u00f1os.<\/p>\n<p class=\"v-p\"><strong>Iker S\u00e1nchez<\/strong> es artista pl\u00e1stico y m\u00fasico (director de orquesta). Su trabajo pict\u00f3rico se caracteriza por un uso audaz de colores y formas abstractas, que reflejan una conexi\u00f3n profunda con la m\u00fasica.<\/p>\n<p class=\"v-p\"><strong>Mar\u00eda Castilla<\/strong>, profesora de Historia del Arte y artista con un inter\u00e9s particular en la pintura de paisaje, centr\u00f3 su tesis doctoral en la obra paisaj\u00edstica de Paret y Alc\u00e1zar.<\/p>\n<p class=\"v-p\"><strong>Martxe Arana<\/strong>, formada en la Academia Pe\u00f1a y la Escuela de Artes y Oficios de Madrid, destaca por su trabajo del paisaje, que se convierte en un espacio de s\u00edntesis entre la observaci\u00f3n y la emoci\u00f3n. <\/p>\n<p class=\"v-p\">La formaci\u00f3n art\u00edstica de <strong>Nora Pilarte <\/strong>comenz\u00f3 con I\u00f1aki \u00c1lvarez en el Club de Arte Catalina de Erauso, donde aprendi\u00f3 los fundamentos del color, los materiales y la creatividad. <\/p>\n<p class=\"v-p\">Dentro de un aparente caos, la obra de <strong>Rosco<\/strong> fluye como un proceso creativo que se alimenta de una b\u00fasqueda incansable de materiales gr\u00e1ficos en cualquiera de sus formas.<\/p>\n<p class=\"v-p\">Asistieron a la inauguraci\u00f3n: <strong>Jos\u00e9 Manuel Ibargoyen<\/strong> y<strong> M\u00aa Jos\u00e9 Bianchi<\/strong>; <strong>Jos\u00e9 Sobrino<\/strong> y <strong>Mertxe Ortuzar<\/strong>; <strong>Judith Ubarrechena<\/strong>; Aroa Garmendia;<strong> Izaro Aramburu<\/strong>; <strong>Alicia Abad<\/strong>; <strong>Elena Gil<\/strong>;<strong> Lander Vivanco<\/strong>; <strong>Mikel Aguirre<\/strong>; <strong>Lizzy Arbide<\/strong>; <strong>Marga Soto<\/strong>; <strong>Jos\u00e9 Ignacio Hern\u00e1ndez <\/strong>e <strong>I\u00f1igo Aparicio<\/strong>. <\/p>\n<p>Pedro Formariz<\/p>\n<p class=\"v-p\">Escultor autodidacta, atra\u00eddo desde joven por el arte, no fue hasta que termin\u00f3 su actividad laboral cuando se dedic\u00f3 a tiempo completo a su capacidad art\u00edstica. Fundamentalmente trabaja el acero corten y su oxidaci\u00f3n, con l\u00edneas rectas y curvas y figuras geom\u00e9tricas. Sus obras est\u00e1n pensadas para ser construidas en gran formato.<\/p>\n<p class=\"v-p\">En la inauguraci\u00f3n de su exposici\u00f3n estaban presentes <strong>Sebas Agirretxe<\/strong>, <strong>Montse Fornels <\/strong>y <strong>Aitor Mendizabal<\/strong>, que tomaron la palabra. Tambi\u00e9n su esposa <strong>Karin Schoeder<\/strong>; <strong>Javier Urgoiti<\/strong> y <strong>Maiete Otazua<\/strong>; <strong>Gerardo Formariz<\/strong>;<strong> Jos\u00e9 Luis Larumbe<\/strong>; <strong>Enrique P\u00e9rez Moso<\/strong> y <strong>Arantxa<\/strong>; el fot\u00f3grafo <strong>Jos\u00e9 Ignacio Hern\u00e1ndez<\/strong>; <strong>Inaxio Muguruza <\/strong>y <strong>Maria Candelas<\/strong>; <strong>Vitorio Urresti <\/strong>e <strong>Ina Arregui<\/strong>; <strong>Miguel Angel Sierra<\/strong> y <strong>Manuela Huici<\/strong>; <strong>I\u00f1aki Heras<\/strong> y <strong>Carmen Alvaro<\/strong>; <strong>Jorge Flamme<\/strong>; <strong>Ferm\u00edn Otaegui<\/strong>; <strong>Libe Alcorta<\/strong>; <strong>Paco Alcaide <\/strong>y <strong>Eva Luis<\/strong>; <strong>Adolfo Herrero<\/strong>; <strong>Jes\u00fas M\u00aa Ros\u00f3n <\/strong>y <strong>Montse<\/strong>; y <strong>Luis Artamendi<\/strong>.<\/p>\n","protected":false},"excerpt":{"rendered":"La galer\u00eda La Central present\u00f3 hace unos d\u00edas la exposici\u00f3n Loturak. Una colectiva de ocho artistas muy vinculados&hellip;\n","protected":false},"author":2,"featured_media":313576,"comment_status":"","ping_status":"","sticky":false,"template":"","format":"standard","meta":{"footnotes":""},"categories":[173],"tags":[229,233,231,230,1512,232,234,7537,146,147,25,24,12172,9192,23],"class_list":{"0":"post-313575","1":"post","2":"type-post","3":"status-publish","4":"format-standard","5":"has-post-thumbnail","7":"category-arte-y-diseno","8":"tag-arte","9":"tag-arte-y-diseno","10":"tag-arts","11":"tag-arts-and-design","12":"tag-central","13":"tag-design","14":"tag-diseno","15":"tag-doble","16":"tag-entertainment","17":"tag-entretenimiento","18":"tag-es","19":"tag-espana","20":"tag-expo","21":"tag-galeria","22":"tag-spain"},"share_on_mastodon":{"url":"https:\/\/pubeurope.com\/@es\/115807758741574970","error":""},"_links":{"self":[{"href":"https:\/\/www.europesays.com\/es\/wp-json\/wp\/v2\/posts\/313575","targetHints":{"allow":["GET"]}}],"collection":[{"href":"https:\/\/www.europesays.com\/es\/wp-json\/wp\/v2\/posts"}],"about":[{"href":"https:\/\/www.europesays.com\/es\/wp-json\/wp\/v2\/types\/post"}],"author":[{"embeddable":true,"href":"https:\/\/www.europesays.com\/es\/wp-json\/wp\/v2\/users\/2"}],"replies":[{"embeddable":true,"href":"https:\/\/www.europesays.com\/es\/wp-json\/wp\/v2\/comments?post=313575"}],"version-history":[{"count":0,"href":"https:\/\/www.europesays.com\/es\/wp-json\/wp\/v2\/posts\/313575\/revisions"}],"wp:featuredmedia":[{"embeddable":true,"href":"https:\/\/www.europesays.com\/es\/wp-json\/wp\/v2\/media\/313576"}],"wp:attachment":[{"href":"https:\/\/www.europesays.com\/es\/wp-json\/wp\/v2\/media?parent=313575"}],"wp:term":[{"taxonomy":"category","embeddable":true,"href":"https:\/\/www.europesays.com\/es\/wp-json\/wp\/v2\/categories?post=313575"},{"taxonomy":"post_tag","embeddable":true,"href":"https:\/\/www.europesays.com\/es\/wp-json\/wp\/v2\/tags?post=313575"}],"curies":[{"name":"wp","href":"https:\/\/api.w.org\/{rel}","templated":true}]}}