{"id":313599,"date":"2025-12-30T09:31:07","date_gmt":"2025-12-30T09:31:07","guid":{"rendered":"https:\/\/www.europesays.com\/es\/313599\/"},"modified":"2025-12-30T09:31:07","modified_gmt":"2025-12-30T09:31:07","slug":"era-bulimico-e-intentaba-acabar-con-mi-vida","status":"publish","type":"post","link":"https:\/\/www.europesays.com\/es\/313599\/","title":{"rendered":"Era bul\u00edmico e intentaba acabar con mi vida"},"content":{"rendered":"<p class=\"ft-text\">Muchos ni\u00f1os sue\u00f1an con ser tenistas, aunque no todos lo consiguen. Algunos se enfrentan a <strong>lesiones que detienen su progreso, otros sufren una presi\u00f3n constante<\/strong>, y algunos <strong>se enfrentan a batallas internas como la ansiedad o la depresi\u00f3n.<\/strong><\/p>\n<p class=\"ft-text\"><strong>Pepe Imaz<\/strong> fue uno de esos ni\u00f1os. Desde peque\u00f1o so\u00f1aba con convertirse en un gran tenista, pero la<strong> presi\u00f3n de cumplir con lo que otros esperaban de \u00e9l lo llev\u00f3 a un lugar oscuro a los 18 a\u00f1os: \u00abEso, sostenido, lleva a lo que se llama depresi\u00f3n. <\/strong>Esa depresi\u00f3n se acentu\u00f3 al punto en el cual ya no quieres vivir. <strong>Yo era bul\u00edmico e intentaba acabar con mi vida a trav\u00e9s de la comida\u00bb.<\/strong><\/p>\n<p class=\"ft-text\">Al verse en esa situaci\u00f3n, <strong>busc\u00f3 ayuda primero en los libros, y m\u00e1s tarde, en profesionales,<\/strong> aunque lo mantuvo en secreto: <strong>\u00abSiempre con el miedo de que supieran lo que me estaba ocurriendo, porque a\u00fan me iba a sentir m\u00e1s fracasado. <\/strong>Entonces, todo lo viv\u00ed en soledad, en silencio\u00bb.<\/p>\n<p class=\"ft-text\">Fue entonces cuando entendi\u00f3 <strong>lo que realmente necesitaba: amor propio.<\/strong> \u00abYo lo que estoy buscando y necesitando es amor. <strong>Quiero ganar para ser amado, para ser respetado <\/strong>(&#8230;) Yo era juzgado y lo sigo siendo porque <strong>en un deporte de competici\u00f3n que\u00a0hables del amor, de respetarte y aceptarte<\/strong>, en vez de ponerte un cuchillo y pensar a hierro y a matar; <strong>era de raro\u00bb,<\/strong> confes\u00f3 en una entrevista para &#8216;Infobae&#8217;.<\/p>\n<p class=\"ft-text\">Este cambio transform\u00f3 su vida y su manera de jugar al tenis: <strong>\u00abEmpec\u00e9 a hablarme con m\u00e1s respeto.<\/strong> Antes enjuiciaba cada golpe\u2026 Y despu\u00e9s me repet\u00eda en cada golpe &#8216;me amo&#8217; y<strong> todos los d\u00edas escrib\u00eda m\u00ednimo diez cosas que me agradaban de m\u00ed\u00bb.<\/strong><\/p>\n<p class=\"ft-text\">Tras estos cambios, Pepe mejor\u00f3 en la pista, pero pronto se dio cuenta de que <strong>ganar no era suficiente:<\/strong> \u00abEmpec\u00e9 a jugar am\u00e1ndome a m\u00ed y eso hizo que empezara a ganar. Cuando empiezo a ganar, yo ya no me sent\u00eda bien, porque <strong>cuanto m\u00e1s ganaba, la gente m\u00e1s ven\u00eda a darme ese falso amor.<\/strong> Y me di cuenta de que\u00a0<strong>yo no estaba preparado\u00a0para seguir\u00a0ganando y vivir en ese teatro,\u00a0porque eso me hac\u00eda da\u00f1o\u00bb. <\/strong><\/p>\n<p class=\"ft-text\"><strong>A los 23 a\u00f1os decidi\u00f3 colgar la raqueta y dedicarse a la gesti\u00f3n emocional, <\/strong>aunque sin alejarse del tenis. Comenz\u00f3 a entrenar a diferentes deportistas, combinando t\u00e9cnica y trabajo emocional. Su enfoque llam\u00f3 la atenci\u00f3n de Marko Djokovic, quien buscaba apoyo emocional, y m\u00e1s tarde<strong> se interes\u00f3 Novak Djokovic, con quien trabaj\u00f3 durante diez a\u00f1os.<\/strong><\/p>\n<p class=\"ft-text\">\u00abYo no he hecho nada extraordinario con Novak. Yo<strong> lo \u00fanico que he hecho es compartir cosas que a m\u00ed me han ayudado y que \u00e9l ten\u00eda inter\u00e9s y deseo de conocer. <\/strong>Fue \u00e9l quien trabaj\u00f3 con lo que yo he podido compartir con \u00e9l, lo que \u00e9l ha podido compartir conmigo y lo que \u00e9l ha podido tambi\u00e9n buscar por otros lados. <strong>Novak es un ser humano maravilloso, que tiene un deseo de aprender y de crecer extraordinario y una generosidad que se sale de lo normal\u00bb, <\/strong>declar\u00f3.<\/p>\n<p class=\"ft-text\">A d\u00eda de hoy, Pepe Imaz contin\u00faa ense\u00f1ando a deportistas, entrenadores y padres sobre emociones, autoestima y autoconocimiento, a trav\u00e9s de cursos, charlas y su libro.<strong> Su mensaje es claro: para crecer en el deporte y en la vida, primero hay que aprender a amarse a uno mismo.<\/strong><\/p>\n","protected":false},"excerpt":{"rendered":"Muchos ni\u00f1os sue\u00f1an con ser tenistas, aunque no todos lo consiguen. Algunos se enfrentan a lesiones que detienen&hellip;\n","protected":false},"author":2,"featured_media":313600,"comment_status":"","ping_status":"","sticky":false,"template":"","format":"standard","meta":{"footnotes":""},"categories":[274],"tags":[37549,73587,14762,168,73586,2132,25,24,21316,256,23,167,327,326],"class_list":{"0":"post-313599","1":"post","2":"type-post","3":"status-publish","4":"format-standard","5":"has-post-thumbnail","7":"category-tenis","8":"tag-ayudo","9":"tag-bulimico","10":"tag-declaraciones","11":"tag-deportes","12":"tag-desgarradoras","13":"tag-djokovic","14":"tag-es","15":"tag-espana","16":"tag-extenista","17":"tag-famosos","18":"tag-spain","19":"tag-sports","20":"tag-tenis","21":"tag-tennis"},"share_on_mastodon":{"url":"https:\/\/pubeurope.com\/@es\/115807825673174788","error":""},"_links":{"self":[{"href":"https:\/\/www.europesays.com\/es\/wp-json\/wp\/v2\/posts\/313599","targetHints":{"allow":["GET"]}}],"collection":[{"href":"https:\/\/www.europesays.com\/es\/wp-json\/wp\/v2\/posts"}],"about":[{"href":"https:\/\/www.europesays.com\/es\/wp-json\/wp\/v2\/types\/post"}],"author":[{"embeddable":true,"href":"https:\/\/www.europesays.com\/es\/wp-json\/wp\/v2\/users\/2"}],"replies":[{"embeddable":true,"href":"https:\/\/www.europesays.com\/es\/wp-json\/wp\/v2\/comments?post=313599"}],"version-history":[{"count":0,"href":"https:\/\/www.europesays.com\/es\/wp-json\/wp\/v2\/posts\/313599\/revisions"}],"wp:featuredmedia":[{"embeddable":true,"href":"https:\/\/www.europesays.com\/es\/wp-json\/wp\/v2\/media\/313600"}],"wp:attachment":[{"href":"https:\/\/www.europesays.com\/es\/wp-json\/wp\/v2\/media?parent=313599"}],"wp:term":[{"taxonomy":"category","embeddable":true,"href":"https:\/\/www.europesays.com\/es\/wp-json\/wp\/v2\/categories?post=313599"},{"taxonomy":"post_tag","embeddable":true,"href":"https:\/\/www.europesays.com\/es\/wp-json\/wp\/v2\/tags?post=313599"}],"curies":[{"name":"wp","href":"https:\/\/api.w.org\/{rel}","templated":true}]}}