{"id":313717,"date":"2025-12-30T10:57:11","date_gmt":"2025-12-30T10:57:11","guid":{"rendered":"https:\/\/www.europesays.com\/es\/313717\/"},"modified":"2025-12-30T10:57:11","modified_gmt":"2025-12-30T10:57:11","slug":"eeuu-ataca-por-tierra-a-venezuela-por-primera-vez-en-un-ataque-con-drones-contra-una-zona-portuaria","status":"publish","type":"post","link":"https:\/\/www.europesays.com\/es\/313717\/","title":{"rendered":"EEUU ataca por tierra a Venezuela por primera vez en un ataque con drones contra una zona portuaria"},"content":{"rendered":"<p class=\"L6-news-detail__text\">La Agencia Central de Inteligencia (CIA) de Estados Unidos llev\u00f3 a cabo la semana pasada un ataque con drones <b>contra una instalaci\u00f3n portuaria en Venezuela<\/b>, en lo que constituye la primera operaci\u00f3n estadounidense conocida dentro del pa\u00eds, seg\u00fan ha informado este lunes el &#8216;New York Times&#8217;.<\/p>\n<p class=\"L6-news-detail__text\">Seg\u00fan el diario, el ataque tuvo como objetivo un muelle que funcionarios estadounidenses creen era utilizado por la banda transnacional Tren de Aragua <b>para almacenar narc\u00f3ticos <\/b>y preparar su traslado en embarcaciones. Las fuentes, bajo anonimato, indicaron que no hab\u00eda personas en el lugar en el momento del impacto y que <b>no se registraron v\u00edctimas mortales<\/b>.<\/p>\n<p class=\"L6-news-detail__text\">El presidente, Donald Trump, ha confirmado este lunes que Estados Unidos fue responsable del ataque, aunque se neg\u00f3 a detallar c\u00f3mo se ejecut\u00f3 o qui\u00e9n lo llev\u00f3 a cabo. \u00ab<b>Hubo una gran explosi\u00f3n<\/b> en la zona del muelle donde cargan las drogas en los barcos\u00bb, ha dicho el republicano a periodistas en su recinto privado de Florida, Mar-a-Lago.<\/p>\n<p class=\"L6-news-detail__text\">El Gobierno venezolano no ha comentado directamente la operaci\u00f3n, mientras que el ministro del Interior, Diosdado Cabello, ha denunciado una serie de<b> acciones de \u00abacoso, amenazas y ataques\u00bb<\/b>. De acuerdo con el New York Times, la operaci\u00f3n marca una <b><a title=\"intensificaci\u00f3n de la campa\u00f1a de presi\u00f3n\" href=\"https:\/\/www.lasexta.com\/noticias\/internacional\/trump-anuncia-destruccion-gran-instalacion-salida-barcos-campana-venezuela_202512296952ac5eaf09df5010967200.html\" target=\"_blank\" rel=\"nofollow noopener\">intensificaci\u00f3n de la campa\u00f1a de presi\u00f3n<\/a><\/b> de la Administraci\u00f3n Trump contra el Gobierno de Nicol\u00e1s Maduro, que hasta ahora se hab\u00eda limitado a acciones en aguas internacionales contra embarcaciones sospechosas de narcotr\u00e1fico.<\/p>\n<p class=\"L6-news-detail__text\">El Pent\u00e1gono ha desplegado drones MQ-9 Reaper en la regi\u00f3n como parte de esa estrategia, asegura el diario. Desde hace varias semanas, Trump lleva advirtiendo que en el marco de su campa\u00f1a de presi\u00f3n contra la Administraci\u00f3n de Nicol\u00e1s Maduro, que ha implicado la <b><a title=\"destrucci\u00f3n de una treintena de lanchas\" href=\"https:\/\/www.lasexta.com\/noticias\/internacional\/trump-eleva-amenaza-maduro-hace-duro-sera-ultima-vez-que-pueda-hacerlo_20251223694a38bfaf09df501091aeeb.html\" target=\"_blank\" rel=\"nofollow noopener\">destrucci\u00f3n de una treintena de lanchas<\/a><\/b> que supuestamente cargan drogas y la muerte de m\u00e1s de 100 de sus ocupantes, Washington iba a comenzar a atacar objetivos en tierra.<\/p>\n<p class=\"L6-news-detail__text\">EEUU mantiene desde mitad de a\u00f1o un amplio despliegue aeronaval en el Caribe, cerca de aguas venezolanas, que, seg\u00fan afirma, <b>tiene como objetivo combatir el narcotr\u00e1fico<\/b>, pero que Caracas interpreta como \u00abamenazas\u00bb y un intento de propiciar un cambio de r\u00e9gimen.<\/p>\n<p class=\"L6-news-detail__text\">Las tensiones escalaron tras el anuncio por parte de Trump de un bloqueo a los buques petroleros sancionados que se trasladen desde y hacia el pa\u00eds suramericano, y la confiscaci\u00f3n de dos buques que transportaban crudo venezolano en las \u00faltimas semanas.<\/p>\n<p class=\"L6-news-detail__text\"><b><a title=\"*Sigue a laSexta en Google. Toda la actualidad y el mejor contenido aqu\u00ed.\" href=\"https:\/\/profile.google.com\/cp\/CgkvbS8wZG5xejA\" target=\"_blank\" rel=\"nofollow noopener\">*Sigue a laSexta en Google. Toda la actualidad y el mejor contenido aqu\u00ed.<\/a><\/b><\/p>\n<p class=\"L6-support-news-video__title\">Tragedia en el Pirineo oscense<\/p>\n<p>            <a href=\"https:\/\/www.lasexta.com\/noticias\/sociedad\/aludes-normales-epoca-pero-formacion-placas-viento-esto-que-ocurrido-tragedia-panticosa_202512296952dd0022f0db7daf00a1e8.html\" class=\"L6-news__link\" rel=\"nofollow noopener\" target=\"_blank\"><br \/>\n                Aludes normales para la \u00e9poca, pero con formaci\u00f3n de placas de viento: esto es lo que ha ocurrido en la tragedia de Panticosa<\/p>\n<p class=\"recirculation-video-desc\">Los detalles Tres personas, dos hombres y una mujer, han fallecido y otra ha resultado herida leve por hipotermia este lunes tras verse arrastradas por un alud de nieve en el pico Tablato, a unos 2.200 metros de altitud, en las inmediaciones del Balneario de Panticosa.<\/p>\n<p>            <\/a><\/p>\n","protected":false},"excerpt":{"rendered":"La Agencia Central de Inteligencia (CIA) de Estados Unidos llev\u00f3 a cabo la semana pasada un ataque con&hellip;\n","protected":false},"author":2,"featured_media":313718,"comment_status":"","ping_status":"","sticky":false,"template":"","format":"standard","meta":{"footnotes":""},"categories":[42],"tags":[17,18,13,14,11,61,62,63,64,19,20,9,10,15,16,12,21,22,65,66,67],"class_list":{"0":"post-313717","1":"post","2":"type-post","3":"status-publish","4":"format-standard","5":"has-post-thumbnail","7":"category-internacional","8":"tag-breaking-news","9":"tag-breakingnews","10":"tag-featured-news","11":"tag-featurednews","12":"tag-headlines","13":"tag-internacional","14":"tag-international","15":"tag-international-news","16":"tag-internationalnews","17":"tag-latest-news","18":"tag-latestnews","19":"tag-news","20":"tag-noticias","21":"tag-noticias-destacadas","22":"tag-noticiasdestacadas","23":"tag-titulares","24":"tag-ultimas-noticias","25":"tag-ultimasnoticias","26":"tag-world","27":"tag-world-news","28":"tag-worldnews"},"share_on_mastodon":{"url":"https:\/\/pubeurope.com\/@es\/115808163877887284","error":""},"_links":{"self":[{"href":"https:\/\/www.europesays.com\/es\/wp-json\/wp\/v2\/posts\/313717","targetHints":{"allow":["GET"]}}],"collection":[{"href":"https:\/\/www.europesays.com\/es\/wp-json\/wp\/v2\/posts"}],"about":[{"href":"https:\/\/www.europesays.com\/es\/wp-json\/wp\/v2\/types\/post"}],"author":[{"embeddable":true,"href":"https:\/\/www.europesays.com\/es\/wp-json\/wp\/v2\/users\/2"}],"replies":[{"embeddable":true,"href":"https:\/\/www.europesays.com\/es\/wp-json\/wp\/v2\/comments?post=313717"}],"version-history":[{"count":0,"href":"https:\/\/www.europesays.com\/es\/wp-json\/wp\/v2\/posts\/313717\/revisions"}],"wp:featuredmedia":[{"embeddable":true,"href":"https:\/\/www.europesays.com\/es\/wp-json\/wp\/v2\/media\/313718"}],"wp:attachment":[{"href":"https:\/\/www.europesays.com\/es\/wp-json\/wp\/v2\/media?parent=313717"}],"wp:term":[{"taxonomy":"category","embeddable":true,"href":"https:\/\/www.europesays.com\/es\/wp-json\/wp\/v2\/categories?post=313717"},{"taxonomy":"post_tag","embeddable":true,"href":"https:\/\/www.europesays.com\/es\/wp-json\/wp\/v2\/tags?post=313717"}],"curies":[{"name":"wp","href":"https:\/\/api.w.org\/{rel}","templated":true}]}}