{"id":313721,"date":"2025-12-30T10:59:20","date_gmt":"2025-12-30T10:59:20","guid":{"rendered":"https:\/\/www.europesays.com\/es\/313721\/"},"modified":"2025-12-30T10:59:20","modified_gmt":"2025-12-30T10:59:20","slug":"la-comunidad-de-madrid-programa-talleres-y-cuentacuentos-en-sus-bibliotecas-publicas-para-fomentar-la-lectura-entre-los-mas-pequenos","status":"publish","type":"post","link":"https:\/\/www.europesays.com\/es\/313721\/","title":{"rendered":"La Comunidad de Madrid programa talleres y cuentacuentos en sus bibliotecas p\u00fablicas para fomentar la lectura entre los m\u00e1s peque\u00f1os"},"content":{"rendered":"<p>Con m\u00e1s de 1.000 plazas disponibles, estas propuestas est\u00e1n dirigidas a menores de entre 4 y 12 a\u00f1os. A trav\u00e9s de la narraci\u00f3n oral y experiencias art\u00edsticas y sensoriales, se busca despertar en ellos la curiosidad por este h\u00e1bito y la conciencia sobre los retos del mundo actual.<\/p>\n<p>La propuesta Libros en familia ayuda al acercamiento a la literatura para los m\u00e1s peque\u00f1os. Mediante pautas y juegos, se promueve el inter\u00e9s lector en ni\u00f1os de hasta 6 a\u00f1os. Esta actividad, de acceso y entrada libre, se realizar\u00e1 los s\u00e1bados o domingos en las bibliotecas con horario especial de apertura en fin de semana, como la Luis Mart\u00edn-Santos (Villa de Vallecas), la biblioteca Luis Rosales (Carabanchel) y la Jos\u00e9 Hierro (Usera).<\/p>\n<p>La programaci\u00f3n conserva, adem\u00e1s, la estrecha cooperaci\u00f3n con los centros educativos mediante campa\u00f1as escolares espec\u00edficas. Los peque\u00f1os en la biblioteca, destinada a alumnos de 3\u00ba de educaci\u00f3n infantil, y Explora nuevos mundos, para alumnos de 4\u00ba de primaria, concentrar\u00e1n 185 sesiones en los pr\u00f3ximos meses, con la participaci\u00f3n de m\u00e1s de 4.600 estudiantes.<\/p>\n<p>En colaboraci\u00f3n con centros de Educaci\u00f3n Especial, se mantiene adem\u00e1s la iniciativa #LeeMadridSinL\u00edmites, orientada a personas con discapacidad. El programa incluye sesiones de cuentacuentos, talleres adaptados y clubes de lectura f\u00e1cil, dise\u00f1ados seg\u00fan las distintas edades y necesidades, as\u00ed como exposiciones de dibujo realizadas por los propios participantes. Estas actividades\u00a0desarrollan en las bibliotecas p\u00fablicas Luis Rosales (Carabanchel), Miguel Hern\u00e1ndez (Puente de Vallecas) y Rafael Alberti (Fuencarral\u2013El Pardo).<\/p>\n<p><strong>Exposiciones literarias recorren la regi\u00f3n<\/strong><\/p>\n<p>Las exposiciones contin\u00faan siendo una herramienta fundamental para acercar la cultura a todos los municipios madrile\u00f1os. La 40\u00aa Muestra del Libro Infantil y Juvenil recorrer\u00e1 localidades como Alpedrete, Batres, La Cabrera, Legan\u00e9s, Fuentidue\u00f1a de Tajo o Santa Mar\u00eda de la Alameda, facilitando a lectores, familias, docentes y mediadores el acceso a una selecci\u00f3n de las novedades editoriales m\u00e1s destacadas del a\u00f1o dentro de este g\u00e9nero.<\/p>\n<p>Asimismo, en los primeros meses del a\u00f1o concluir\u00e1 en Valdilecha su recorrido la exhibici\u00f3n Frida Kahlo y Diego Rivera, que recorre la vida y el legado art\u00edstico de esta pareja a trav\u00e9s de las ilustraciones de T\u00e0nia Garc\u00eda, inspiradas en el libro<\/p>\n<p>del mismo nombre.<br \/>La nave de los necios, basada en el \u00e1lbum ilustrado de Ana G. Lartitegui, acerca a los m\u00e1s peque\u00f1os un universo creativo que mezcla humor y referencias al arte flamenco del Renacimiento para reflexionar sobre la necedad humana. Durante el primer trimestre de 2026, podr\u00e1 visitarse en Alcorc\u00f3n, Miraflores de la Sierra, Gri\u00f1\u00f3n y Parla.<\/p>\n<p>Toda la informaci\u00f3n, as\u00ed como los detalles de inscripci\u00f3n, pueden consultarse en: <a href=\"https:\/\/www.comunidad.madrid\/portal-lector\/\" rel=\"nofollow noopener\" target=\"_blank\">https:\/\/www.comunidad.madrid\/portal-lector\/<\/a><\/p>\n","protected":false},"excerpt":{"rendered":"Con m\u00e1s de 1.000 plazas disponibles, estas propuestas est\u00e1n dirigidas a menores de entre 4 y 12 a\u00f1os.&hellip;\n","protected":false},"author":2,"featured_media":313722,"comment_status":"","ping_status":"","sticky":false,"template":"","format":"standard","meta":{"footnotes":""},"categories":[5],"tags":[17,18,25,24,13,14,11,19,20,9,10,15,16,23,12,21,22],"class_list":{"0":"post-313721","1":"post","2":"type-post","3":"status-publish","4":"format-standard","5":"has-post-thumbnail","7":"category-titulares","8":"tag-breaking-news","9":"tag-breakingnews","10":"tag-es","11":"tag-espana","12":"tag-featured-news","13":"tag-featurednews","14":"tag-headlines","15":"tag-latest-news","16":"tag-latestnews","17":"tag-news","18":"tag-noticias","19":"tag-noticias-destacadas","20":"tag-noticiasdestacadas","21":"tag-spain","22":"tag-titulares","23":"tag-ultimas-noticias","24":"tag-ultimasnoticias"},"share_on_mastodon":{"url":"https:\/\/pubeurope.com\/@es\/115808171643433226","error":""},"_links":{"self":[{"href":"https:\/\/www.europesays.com\/es\/wp-json\/wp\/v2\/posts\/313721","targetHints":{"allow":["GET"]}}],"collection":[{"href":"https:\/\/www.europesays.com\/es\/wp-json\/wp\/v2\/posts"}],"about":[{"href":"https:\/\/www.europesays.com\/es\/wp-json\/wp\/v2\/types\/post"}],"author":[{"embeddable":true,"href":"https:\/\/www.europesays.com\/es\/wp-json\/wp\/v2\/users\/2"}],"replies":[{"embeddable":true,"href":"https:\/\/www.europesays.com\/es\/wp-json\/wp\/v2\/comments?post=313721"}],"version-history":[{"count":0,"href":"https:\/\/www.europesays.com\/es\/wp-json\/wp\/v2\/posts\/313721\/revisions"}],"wp:featuredmedia":[{"embeddable":true,"href":"https:\/\/www.europesays.com\/es\/wp-json\/wp\/v2\/media\/313722"}],"wp:attachment":[{"href":"https:\/\/www.europesays.com\/es\/wp-json\/wp\/v2\/media?parent=313721"}],"wp:term":[{"taxonomy":"category","embeddable":true,"href":"https:\/\/www.europesays.com\/es\/wp-json\/wp\/v2\/categories?post=313721"},{"taxonomy":"post_tag","embeddable":true,"href":"https:\/\/www.europesays.com\/es\/wp-json\/wp\/v2\/tags?post=313721"}],"curies":[{"name":"wp","href":"https:\/\/api.w.org\/{rel}","templated":true}]}}