{"id":313749,"date":"2025-12-30T11:21:09","date_gmt":"2025-12-30T11:21:09","guid":{"rendered":"https:\/\/www.europesays.com\/es\/313749\/"},"modified":"2025-12-30T11:21:09","modified_gmt":"2025-12-30T11:21:09","slug":"5-000-personas-despediran-el-ano-corriendo-en-el-20o-aniversario-de-la-san-silvestre-zaragoza-noticia-ayuntamiento-de-zaragoza","status":"publish","type":"post","link":"https:\/\/www.europesays.com\/es\/313749\/","title":{"rendered":"5.000 personas despedir\u00e1n el a\u00f1o corriendo en el 20\u00ba aniversario de la San Silvestre Zaragoza. Noticia. Ayuntamiento de Zaragoza"},"content":{"rendered":"<p>      Cuerpo de la noticia<\/p>\n<p>Unas 5.000 personas se dar\u00e1n cita la tarde del s\u00e1bado 31 de diciembre para despedir el 2025 haciendo deporte en la \u00faltima carrera popular del a\u00f1o: la tradicional San Silvestre Zaragoza \u2013 El Rinc\u00f3n. La prueba, que cumple su vig\u00e9simo aniversario, ha sido presentada hoy en el Ayuntamiento de Zaragoza por el concejal delegado de Deportes, <strong>F\u00e9lix<\/strong> <strong>Brocate<\/strong>; el presidente de la Agrupaci\u00f3n Deportiva Atl\u00e9tica Jer\u00f3nimo Zurita (entidad organizadora), <strong>Santiago<\/strong> <strong>Salvador<\/strong>; la trabajadora social de Parkinson Arag\u00f3n, <strong>Patricia<\/strong> <strong>Navarrete<\/strong>; y el gerente de la Asociaci\u00f3n de Familiares de Enfermos de Alzheimer (AFEDAZ), <strong>Pedro<\/strong> <strong>Salazar<\/strong>. Parte de la recaudaci\u00f3n se donar\u00e1 a estas dos entidades, por lo que la carrera cuenta, un a\u00f1o m\u00e1s, con un marcado car\u00e1cter solidario.<\/p>\n<p>El recorrido de <strong>5 kil\u00f3metros<\/strong> partir\u00e1 a las 18 horas desde el Coso, aproximadamente a la altura del Teatro Principal, cruzar\u00e1 el Puente de Hierro y transcurrir\u00e1 por paseo de la Ribera, avenida de Catalu\u00f1a, y las calles Valle de Zuriza, Caminos del Norte, Mart\u00edn del Rio y Sang\u00fcesa Casta\u00f1osa. Desde ah\u00ed, cruzar\u00e1 el Puente de Piedra, pasando por Paseo de Echegaray y Caballero y San Vicente de Pa\u00fal hasta culminar de nuevo en el Coso.<\/p>\n<p>T\u00e9cnicamente se puede definir como un <strong>circuito r\u00e1pido,<\/strong> con un primer tramo de bajada suave y un final en subida hasta la animada l\u00ednea de meta. La prueba transcurre po<strong>r calles amplias y con pocos giros,<\/strong> lo que permite llevar ritmo de carrera elevado.<\/p>\n<p>La carrera, que est\u00e1 incluida dentro del<strong> calendario auton\u00f3mico de carreras populares de Arag\u00f3n,<\/strong> destaca por su ambiente l\u00fadico y festivo. La empresa patrocinadora <strong>Frutos<\/strong> <strong>Secos El Rinc\u00f3n<\/strong> conceder\u00e1 un<strong> premio especial de pan gratis <\/strong>durante un a\u00f1o al mejor disfraz individual o de grupo. Se permitir\u00e1n todo tipo de disfraces y actitudes, siempre y cuando sean respetuosos, se atengan a la deportividad y no entorpezcan el normal desarrollo de la prueba ni constituyan un riesgo para el resto de participantes. En los disfraces deber\u00e1n estar integrados y visibles los dorsales.<\/p>\n<p>\u00a0<\/p>\n","protected":false},"excerpt":{"rendered":"Cuerpo de la noticia Unas 5.000 personas se dar\u00e1n cita la tarde del s\u00e1bado 31 de diciembre para&hellip;\n","protected":false},"author":2,"featured_media":313750,"comment_status":"","ping_status":"","sticky":false,"template":"","format":"standard","meta":{"footnotes":""},"categories":[8],"tags":[17,18,25,24,13,14,11,19,20,9,10,15,16,23,12,21,22],"class_list":{"0":"post-313749","1":"post","2":"type-post","3":"status-publish","4":"format-standard","5":"has-post-thumbnail","7":"category-espana","8":"tag-breaking-news","9":"tag-breakingnews","10":"tag-es","11":"tag-espana","12":"tag-featured-news","13":"tag-featurednews","14":"tag-headlines","15":"tag-latest-news","16":"tag-latestnews","17":"tag-news","18":"tag-noticias","19":"tag-noticias-destacadas","20":"tag-noticiasdestacadas","21":"tag-spain","22":"tag-titulares","23":"tag-ultimas-noticias","24":"tag-ultimasnoticias"},"share_on_mastodon":{"url":"https:\/\/pubeurope.com\/@es\/115808258257202857","error":""},"_links":{"self":[{"href":"https:\/\/www.europesays.com\/es\/wp-json\/wp\/v2\/posts\/313749","targetHints":{"allow":["GET"]}}],"collection":[{"href":"https:\/\/www.europesays.com\/es\/wp-json\/wp\/v2\/posts"}],"about":[{"href":"https:\/\/www.europesays.com\/es\/wp-json\/wp\/v2\/types\/post"}],"author":[{"embeddable":true,"href":"https:\/\/www.europesays.com\/es\/wp-json\/wp\/v2\/users\/2"}],"replies":[{"embeddable":true,"href":"https:\/\/www.europesays.com\/es\/wp-json\/wp\/v2\/comments?post=313749"}],"version-history":[{"count":0,"href":"https:\/\/www.europesays.com\/es\/wp-json\/wp\/v2\/posts\/313749\/revisions"}],"wp:featuredmedia":[{"embeddable":true,"href":"https:\/\/www.europesays.com\/es\/wp-json\/wp\/v2\/media\/313750"}],"wp:attachment":[{"href":"https:\/\/www.europesays.com\/es\/wp-json\/wp\/v2\/media?parent=313749"}],"wp:term":[{"taxonomy":"category","embeddable":true,"href":"https:\/\/www.europesays.com\/es\/wp-json\/wp\/v2\/categories?post=313749"},{"taxonomy":"post_tag","embeddable":true,"href":"https:\/\/www.europesays.com\/es\/wp-json\/wp\/v2\/tags?post=313749"}],"curies":[{"name":"wp","href":"https:\/\/api.w.org\/{rel}","templated":true}]}}