{"id":313760,"date":"2025-12-30T11:37:08","date_gmt":"2025-12-30T11:37:08","guid":{"rendered":"https:\/\/www.europesays.com\/es\/313760\/"},"modified":"2025-12-30T11:37:08","modified_gmt":"2025-12-30T11:37:08","slug":"los-razzie-de-ecartelera-las-10-peores-peliculas-y-series-de-2025","status":"publish","type":"post","link":"https:\/\/www.europesays.com\/es\/313760\/","title":{"rendered":"Los Razzie de eCartelera: las 10 peores pel\u00edculas y series de 2025"},"content":{"rendered":"<p>Entre expectativas infladas, franquicias orde\u00f1adas hasta que ya no dan ni leche en polvo y productos pensados m\u00e1s para satisfacer a un algoritmo,<strong> la cartelera y las plataformas han ido acumulando t\u00edtulos que generan m\u00e1s cansancio que entusiasmo<\/strong>. No siempre hablamos de desastres hist\u00f3ricos ni de naufragios taquilleros: a veces basta con esa sensaci\u00f3n inc\u00f3moda de estar viendo una pel\u00edcula que, en el mejor de los casos, entra regular por los ojos y, en el peor,<strong> se instala c\u00f3modamente en la m\u00e1s absoluta indiferencia<\/strong>.<\/p>\n<p>Tr\u00e1iler espa\u00f1ol &#8216;Ahora me ves 3&#8217;<\/p>\n<p><video id=\"vid-36016\" class=\"video-js vjs-default-skin\" data-title=\"Tr\u00e1iler espa\u00f1ol 'Ahora me ves 3'\" poster=\"https:\/\/www.ecartelera.com\/images\/videos\/36000\/f36016.jpg\" controls=\"\" preload=\"auto\" width=\"640\" height=\"360\" playsinline=\"\" data-vtt=\"\/\/v1.ecartelera.com\/video\/36000\/36016_sprite.vtt\" data-stream=\"1\">El navegador no soporta el tag de v\u00eddeo.<\/video><\/p>\n<p>X<\/p>\n<p>Muchas de estas propuestas comparten una misma fatiga creativa. Guiones que avanzan por puro compromiso, personajes que existen solo para empujar la trama hacia la siguiente escena y un espect\u00e1culo que confunde volumen con emoci\u00f3n, ruido con intensidad y duraci\u00f3n con \u00e9pica. B\u00e1sicamente,<strong> insistir en f\u00f3rmulas que ya no sorprenden a nadie<\/strong>, ni siquiera cuando vienen envueltas en grandes presupuestos o en marcas que antes eran sin\u00f3nimo de cierta garant\u00eda.<\/p>\n<p>En esta selecci\u00f3n tambi\u00e9n aparecen pel\u00edculas que representan otro tipo de desgaste:<strong> el de un sector que parece desesperado por \u201cconectar con el p\u00fablico\u201d<\/strong>. Obras dise\u00f1adas para rellenar un hueco estrat\u00e9gico en el calendario, cumplir con una cuota industrial o estirar una saga un par de cap\u00edtulos m\u00e1s. <strong>Cine y series con piloto autom\u00e1tico y manual de instrucciones bien subrayado<\/strong>, ahora a\u00fan m\u00e1s teniendo en cuenta que las plataformas dise\u00f1an los guiones pensando en un p\u00fablico con el m\u00f3vil en la mano (narrativa para segunda pantalla).<\/p>\n<p>\t\t\t\t\t\t\t<img decoding=\"async\" loading=\"lazy\" src=\"https:\/\/www.europesays.com\/es\/wp-content\/uploads\/2025\/12\/245349_nicole-wallace-culpa-nuestra.jpg\" alt=\"Nicole Wallace en 'Culpa nuestra'\" width=\"1200\" height=\"711\"\/><\/p>\n<p>\t\t\t\t\t\tNicole Wallace en &#8216;Culpa nuestra&#8217; (Prime Video)<\/p>\n<p>Este especial re\u00fane, por distintos motivos, <strong>algunas de las pel\u00edculas y series que mejor condensan esos males a lo largo del a\u00f1o<\/strong>. No como una lista negra ni como un ajuste de cuentas -no hace falta dramatizar-, sino como una peque\u00f1a radiograf\u00eda de todo aquello que el cine comercial e industrial sigue haciendo mal c<strong>uando deja de pensar en el espectador como alguien m\u00ednimamente activo<\/strong>. El veredicto final, como siempre, queda en vuestras manos\u2026 y en vuestra paciencia.<\/p>\n","protected":false},"excerpt":{"rendered":"Entre expectativas infladas, franquicias orde\u00f1adas hasta que ya no dan ni leche en polvo y productos pensados m\u00e1s&hellip;\n","protected":false},"author":2,"featured_media":313761,"comment_status":"","ping_status":"","sticky":false,"template":"","format":"standard","meta":{"footnotes":""},"categories":[169],"tags":[1014,1015,1013,177,1011,146,147,25,24,782,176,1019,1016,175,753,1012,23,1017,1018],"class_list":{"0":"post-313760","1":"post","2":"type-post","3":"status-publish","4":"format-standard","5":"has-post-thumbnail","7":"category-cine","8":"tag-actores","9":"tag-actrices","10":"tag-cartelera","11":"tag-cine","12":"tag-ecartelera","13":"tag-entertainment","14":"tag-entretenimiento","15":"tag-es","16":"tag-espana","17":"tag-estrellas","18":"tag-film","19":"tag-fotogramas","20":"tag-fotos","21":"tag-movies","22":"tag-peliculas","23":"tag-pelis","24":"tag-spain","25":"tag-trailers","26":"tag-videos"},"share_on_mastodon":{"url":"https:\/\/pubeurope.com\/@es\/115808321576791729","error":""},"_links":{"self":[{"href":"https:\/\/www.europesays.com\/es\/wp-json\/wp\/v2\/posts\/313760","targetHints":{"allow":["GET"]}}],"collection":[{"href":"https:\/\/www.europesays.com\/es\/wp-json\/wp\/v2\/posts"}],"about":[{"href":"https:\/\/www.europesays.com\/es\/wp-json\/wp\/v2\/types\/post"}],"author":[{"embeddable":true,"href":"https:\/\/www.europesays.com\/es\/wp-json\/wp\/v2\/users\/2"}],"replies":[{"embeddable":true,"href":"https:\/\/www.europesays.com\/es\/wp-json\/wp\/v2\/comments?post=313760"}],"version-history":[{"count":0,"href":"https:\/\/www.europesays.com\/es\/wp-json\/wp\/v2\/posts\/313760\/revisions"}],"wp:featuredmedia":[{"embeddable":true,"href":"https:\/\/www.europesays.com\/es\/wp-json\/wp\/v2\/media\/313761"}],"wp:attachment":[{"href":"https:\/\/www.europesays.com\/es\/wp-json\/wp\/v2\/media?parent=313760"}],"wp:term":[{"taxonomy":"category","embeddable":true,"href":"https:\/\/www.europesays.com\/es\/wp-json\/wp\/v2\/categories?post=313760"},{"taxonomy":"post_tag","embeddable":true,"href":"https:\/\/www.europesays.com\/es\/wp-json\/wp\/v2\/tags?post=313760"}],"curies":[{"name":"wp","href":"https:\/\/api.w.org\/{rel}","templated":true}]}}