{"id":313771,"date":"2025-12-30T11:43:17","date_gmt":"2025-12-30T11:43:17","guid":{"rendered":"https:\/\/www.europesays.com\/es\/313771\/"},"modified":"2025-12-30T11:43:17","modified_gmt":"2025-12-30T11:43:17","slug":"trump-dice-que-eeuu-ataco-un-muelle-usado-por-supuestos-narcotraficantes-en-venezuela","status":"publish","type":"post","link":"https:\/\/www.europesays.com\/es\/313771\/","title":{"rendered":"Trump dice que EEUU atac\u00f3 un muelle usado por supuestos narcotraficantes en Venezuela"},"content":{"rendered":"<p>    <img src=\"https:\/\/www.europesays.com\/es\/wp-content\/uploads\/2025\/12\/2025-12-29T213A193A19Z-90703346.jpg\" width=\"1024\" height=\"682\" alt=\"\" loading=\"eager\" decoding=\"sync\" fetchpriority=\"high\"\/><\/p>\n<p>            afp_tickers        <\/p>\n<p>        Este contenido fue publicado en    <\/p>\n<p>        30 diciembre 2025 &#8211; 09:13\n<\/p>\n<p>El presidente estadounidense, Donald Trump, afirm\u00f3 el lunes que su pa\u00eds destruy\u00f3 un \u00e1rea de atraque de embarcaciones de Venezuela usadas presuntamente para el narcotr\u00e1fico, lo que puede constituir el primer ataque terrestre de la campa\u00f1a militar contra el narcotr\u00e1fico desde Am\u00e9rica Latina.<\/p>\n<p>Washington ha intensificado en los \u00faltimos meses la presi\u00f3n contra el presidente venezolano, Nicol\u00e1s Maduro, a quien acusa de dirigir el supuesto Cartel de los Soles, y ofrece 50 millones de d\u00f3lares de recompensa por cualquier informaci\u00f3n que facilite su detenci\u00f3n.<\/p>\n<p>El lunes, al recibir al primer ministro israel\u00ed, Benjamin Netanyahu, en su complejo Mar-a-Lago, Trump confirm\u00f3 la destrucci\u00f3n de una supuesta zona de embarque de drogas de Venezuela.<\/p>\n<p>\u00abHubo una gran explosi\u00f3n en el \u00e1rea del muelle donde cargan las embarcaciones con drogas\u00bb, dijo Trump a periodistas.<\/p>\n<p>\u00abAs\u00ed que atacamos todas las embarcaciones y ahora atacamos el \u00e1rea, es el \u00e1rea de implementaci\u00f3n (\u2026) Y eso ya no existe\u00bb, agreg\u00f3.<\/p>\n<p>El presidente estadounidense no precis\u00f3 si fue una operaci\u00f3n militar o de la CIA, ni d\u00f3nde ocurri\u00f3 el ataque. Se limit\u00f3 a se\u00f1alar que fue \u00aba lo largo de la costa\u00bb.<\/p>\n<p>Sin embargo, fuentes con conocimiento del operativo dijeron a CNN y el New York Times que la CIA hab\u00eda efectuado un ataque con drones contra una instalaci\u00f3n portuaria.<\/p>\n<p>Se cree que el ataque fue contra la pandilla venezolana Tren de Aragua, aunque no hab\u00eda nadie presente en el momento de la operaci\u00f3n y no hubo v\u00edctimas, seg\u00fan los medios estadounidenses.<\/p>\n<p>Ante la pregunta de si hab\u00eda vuelto a hablar con Maduro tras una llamada telef\u00f3nica en noviembre, Trump dijo que hab\u00edan conversado \u00abbastante recientemente\u00bb, pero afirm\u00f3 que \u00abno sale gran cosa de eso\u00bb.<\/p>\n<p>El presidente estadounidense hizo estas declaraciones cuando se le pidi\u00f3 que ampliara unos comentarios que hizo en una entrevista de radio emitida el viernes en los que parec\u00eda reconocer por primera vez un ataque terrestre contra c\u00e1rteles de la droga de Venezuela.\u00a0<\/p>\n<p>\u00abTienen una gran planta o una gran instalaci\u00f3n desde donde env\u00edan, ya saben, de donde salen los barcos\u00bb, dijo Trump a la emisora neoyorquina WABC.\u00a0<\/p>\n<p>Trump no dijo d\u00f3nde estaba ubicada la instalaci\u00f3n ni dio otros detalles.\u00a0<\/p>\n<p>No ha habido por el momento ninguna declaraci\u00f3n oficial por parte del gobierno venezolano.<\/p>\n<p>El Pent\u00e1gono remiti\u00f3 las preguntas sobre el tema a la Casa Blanca, que inicialmente no respondi\u00f3 a las solicitudes de comentarios de la AFP.<\/p>\n<p>\u2013 Nuevo ataque en el Pac\u00edfico \u2013<\/p>\n<p>Trump lleva semanas diciendo que Estados Unidos \u00abpronto\u00bb comenzar\u00e1 a realizar ataques terrestres contra los c\u00e1rteles de la droga en Am\u00e9rica Latina y este parece ser el primero.<\/p>\n<p>Las fuerzas estadounidenses tambi\u00e9n llevaron a cabo desde septiembre numerosos ataques contra presuntas embarcaciones de narcotraficantes en el Caribe y el Pac\u00edfico oriental, que han dejado m\u00e1s de un centenar de muertos.\u00a0<\/p>\n<p>El lunes por la noche, el Comando Sur de Estados Unidos anunci\u00f3 en X un nuevo ataque en el Pac\u00edfico en el que murieron dos personas, lo que eleva a al menos 107 los muertos por la ofensiva estadounidense en la regi\u00f3n. \u00a0<\/p>\n<p>La publicaci\u00f3n incluye un video en blanco y negro del llamado \u00abataque cin\u00e9tico letal\u00bb contra una embarcaci\u00f3n, en el que parecen verse dos destellos explosivos y restos en llamas.<\/p>\n<p>El gobierno de Trump no ha presentado pruebas de que las embarcaciones atacadas estuvieran involucradas en el tr\u00e1fico de drogas, lo que ha suscitado un debate sobre la legalidad de estas operaciones.\u00a0<\/p>\n<p>Expertos en derecho internacional y organizaciones de defensa de los derechos humanos sostienen que los ataques probablemente constituyen ejecuciones extrajudiciales, una acusaci\u00f3n que Washington niega.\u00a0<\/p>\n<p>A la destrucci\u00f3n de estas presuntas narcolanchas se sum\u00f3 el bloqueo ordenado por Trump a todos los petroleros sancionados por Washington que entren y salgan de Venezuela. Al menos dos buques fueron confiscados.<\/p>\n<p>Estados Unidos acusa a Caracas de utilizar la venta de petr\u00f3leo para financiar \u00abel narcoterrorismo, la trata de seres humanos, los asesinatos y los secuestros\u00bb.<\/p>\n<p>Venezuela niega cualquier implicaci\u00f3n en el tr\u00e1fico de drogas, y cree que Trump quiere derrocar a Maduro para apoderarse de las reservas petroleras venezolanas, las m\u00e1s grandes del planeta.\u00a0<\/p>\n<p>Expertos se\u00f1alan que el llamado \u00abCartel de los Soles\u00bb alude a redes de corrupci\u00f3n permisivas con actividades il\u00edcitas m\u00e1s que a un grupo narcotraficante como tal.<\/p>\n<p>dk\/aha\/ad\/dga\/cr\/mel\/mas\/dbh<\/p>\n","protected":false},"excerpt":{"rendered":"afp_tickers Este contenido fue publicado en 30 diciembre 2025 &#8211; 09:13 El presidente estadounidense, Donald Trump, afirm\u00f3 el&hellip;\n","protected":false},"author":2,"featured_media":313772,"comment_status":"","ping_status":"","sticky":false,"template":"","format":"standard","meta":{"footnotes":""},"categories":[42],"tags":[635,17,18,636,11892,27495,13,14,11,61,62,63,64,19,20,7657,9,10,15,16,90,12,21,22,65,66,67],"class_list":{"0":"post-313771","1":"post","2":"type-post","3":"status-publish","4":"format-standard","5":"has-post-thumbnail","7":"category-internacional","8":"tag-armed-conflict","9":"tag-breaking-news","10":"tag-breakingnews","11":"tag-conflict","12":"tag-crime","13":"tag-drug-trafficking","14":"tag-featured-news","15":"tag-featurednews","16":"tag-headlines","17":"tag-internacional","18":"tag-international","19":"tag-international-news","20":"tag-internationalnews","21":"tag-latest-news","22":"tag-latestnews","23":"tag-law-and-order","24":"tag-news","25":"tag-noticias","26":"tag-noticias-destacadas","27":"tag-noticiasdestacadas","28":"tag-ticker","29":"tag-titulares","30":"tag-ultimas-noticias","31":"tag-ultimasnoticias","32":"tag-world","33":"tag-world-news","34":"tag-worldnews"},"share_on_mastodon":{"url":"https:\/\/pubeurope.com\/@es\/115808344777402386","error":""},"_links":{"self":[{"href":"https:\/\/www.europesays.com\/es\/wp-json\/wp\/v2\/posts\/313771","targetHints":{"allow":["GET"]}}],"collection":[{"href":"https:\/\/www.europesays.com\/es\/wp-json\/wp\/v2\/posts"}],"about":[{"href":"https:\/\/www.europesays.com\/es\/wp-json\/wp\/v2\/types\/post"}],"author":[{"embeddable":true,"href":"https:\/\/www.europesays.com\/es\/wp-json\/wp\/v2\/users\/2"}],"replies":[{"embeddable":true,"href":"https:\/\/www.europesays.com\/es\/wp-json\/wp\/v2\/comments?post=313771"}],"version-history":[{"count":0,"href":"https:\/\/www.europesays.com\/es\/wp-json\/wp\/v2\/posts\/313771\/revisions"}],"wp:featuredmedia":[{"embeddable":true,"href":"https:\/\/www.europesays.com\/es\/wp-json\/wp\/v2\/media\/313772"}],"wp:attachment":[{"href":"https:\/\/www.europesays.com\/es\/wp-json\/wp\/v2\/media?parent=313771"}],"wp:term":[{"taxonomy":"category","embeddable":true,"href":"https:\/\/www.europesays.com\/es\/wp-json\/wp\/v2\/categories?post=313771"},{"taxonomy":"post_tag","embeddable":true,"href":"https:\/\/www.europesays.com\/es\/wp-json\/wp\/v2\/tags?post=313771"}],"curies":[{"name":"wp","href":"https:\/\/api.w.org\/{rel}","templated":true}]}}