{"id":313830,"date":"2025-12-30T12:31:24","date_gmt":"2025-12-30T12:31:24","guid":{"rendered":"https:\/\/www.europesays.com\/es\/313830\/"},"modified":"2025-12-30T12:31:24","modified_gmt":"2025-12-30T12:31:24","slug":"villamanin-se-instala-en-el-limbo-tras-la-crisis-de-la-loteria-y-a-la-espera-de-acordar-que-hacer-con-el-gordo-de-momento-no-hay-denuncias-espana","status":"publish","type":"post","link":"https:\/\/www.europesays.com\/es\/313830\/","title":{"rendered":"Villaman\u00edn se instala en el limbo tras la crisis de la loter\u00eda y a la espera de acordar qu\u00e9 hacer con el Gordo: de momento, no hay denuncias | Espa\u00f1a"},"content":{"rendered":"<p class=\"\">El debate se escucha a intervalos al otro lado de una sala del ayuntamiento de Villaman\u00edn (Le\u00f3n, 860 habitantes, unos 70 en invierno). \u201cEstamos jodidos\u201d, se exclama. \u201cNo firma ni Dios\u201d, trasciende. \u201c\u00bfY qu\u00e9 me va a pasar con la papeleta?\u201d, preguntan ret\u00f3ricamente. \u201cHasta ahora la estrategia de comunicaci\u00f3n no ha sido buena\u201d, autocr\u00edtica. \u201cRedactadlo vosotros lo antes posible y luego ya se ponen las comas\u201d, se recomienda. Chirr\u00edan las sillas a las 16.05 de este lunes y desfila fugaz la comisi\u00f3n de fiestas de Villaman\u00edn, que ha tra\u00eddo millones primero y <a href=\"https:\/\/elpais.com\/espana\/2025-12-26\/de-la-alegria-de-tener-el-gordo-a-temer-no-cobrarlo-reunion-de-premiados-en-villamanin.html\" target=\"_blank\" rel=\"noreferrer nofollow noopener\" title=\"https:\/\/elpais.com\/espana\/2025-12-26\/de-la-alegria-de-tener-el-gordo-a-temer-no-cobrarlo-reunion-de-premiados-en-villamanin.html\">pol\u00e9mica despu\u00e9s por vender 50 participaciones que<\/a> no consign\u00f3 en la administraci\u00f3n antes del sorteo de la Loter\u00eda de Navidad. Cristina Sanz, portavoz del grupo, clama por el entendimiento: \u201cNuestro objetivo es proteger la convivencia del pueblo\u201d. Para ello se contempla que los premiados leg\u00edtimamente den parte del pastel a <a href=\"https:\/\/elpais.com\/espana\/2025-12-27\/los-grandes-perdedores-del-gordo-de-navidad-de-villamanin-15-jovenes-de-entre-18-y-25-anos-hoy-hemos-perdido-amigos.html\" target=\"_blank\" rel=\"noreferrer nofollow noopener\" title=\"https:\/\/elpais.com\/espana\/2025-12-27\/los-grandes-perdedores-del-gordo-de-navidad-de-villamanin-15-jovenes-de-entre-18-y-25-anos-hoy-hemos-perdido-amigos.html\">los desafortunados afortunados<\/a> sin boleto legal. Para ello, es clave que nadie denuncie, pues paralizar\u00eda el proceso. De momento no constan visitas al juzgado.<\/p>\n<p>M\u00e1s informaci\u00f3n<\/p>\n<p class=\"\">Pueblo peque\u00f1o, infierno <a href=\"https:\/\/elpais.com\/loteria-de-navidad\/2025-12-22\/el-gordo-de-la-loteria-de-navidad.html\" target=\"_blank\" rel=\"noreferrer nofollow noopener\" title=\"https:\/\/elpais.com\/loteria-de-navidad\/2025-12-22\/el-gordo-de-la-loteria-de-navidad.html\">Gordo<\/a> ante las potenciales rencillas entre vecinos si los <a href=\"https:\/\/elpais.com\/loteria-de-navidad\/2025-12-22\/lista-oficial-de-la-loteria-de-navidad-premios-y-pedreas.html\" target=\"_blank\" rel=\"noreferrer nofollow noopener\" title=\"https:\/\/elpais.com\/loteria-de-navidad\/2025-12-22\/lista-oficial-de-la-loteria-de-navidad-premios-y-pedreas.html\">galardonados<\/a> con 80.000 euros por boleto oficial niegan un tanto por ciento (unos dicen que el 10%, otro menos del 5%, aproximadamente) a los perjudicados por el error de la comisi\u00f3n de fiestas. <a href=\"https:\/\/elpais.com\/espana\/2025-12-27\/los-grandes-perdedores-del-gordo-de-navidad-de-villamanin-15-jovenes-de-entre-18-y-25-anos-hoy-hemos-perdido-amigos.html\" target=\"_self\" rel=\"nofollow noopener\" title=\"https:\/\/elpais.com\/espana\/2025-12-27\/los-grandes-perdedores-del-gordo-de-navidad-de-villamanin-15-jovenes-de-entre-18-y-25-anos-hoy-hemos-perdido-amigos.html\">Los j\u00f3venes, de entre 18 y 25 a\u00f1os<\/a>, informaron a la administraci\u00f3n de loter\u00eda que hab\u00edan vendido 400 participaciones en d\u00e9cimos y no las 450 realmente dispensadas. Esas 50 no consignadas se quedaron en una mochila por error y, por tanto, sin los 10 d\u00e9cimos que deb\u00edan darles validez y, por tanto, sin los cuatro millones correspondientes una vez sali\u00f3 el premio gordo. La portavoz comparece ante los medios con temple de pol\u00edtico, pero manos algo temblorosas: \u201cSomos conscientes de la preocupaci\u00f3n y queremos expresar nuestro respeto hacia las personas implicadas, entendemos el malestar y trabajamos para llegar a una mejor soluci\u00f3n cuanto antes. Nuestro objetivo es proteger la convivencia del pueblo y resolver esta situaci\u00f3n de la mejor manera posible\u201d, insiste. \u201cQueremos mandar un mensaje de calma. Somos un grupo de vecinos que de forma voluntaria llevamos a\u00f1os colaborando para organizar las fiestas. Pr\u00f3ximamente, se va a habilitar un tel\u00e9fono y un correo para que todos los afectados puedan contactar\u201d, informa, antes de negarse a a\u00f1adir nada m\u00e1s. Lo \u00fanico que suelta es un \u201cmuy complicado\u201d al referirse al jaleo. Lo dem\u00e1s, mutis. Que ir\u00e1n informando. Tampoco cuenta nada sobre posibles denuncias de gente que no quiere acuerdos, reclama su dinero y para ello acude a los jueces. Un portavoz del Tribunal Superior de Justicia de Castilla y Le\u00f3n afirma que, de momento, no constan movimientos judiciales, lo cual paralizar\u00eda el reparto, con quita o sin quita.<\/p>\n<p>M\u00e1s informaci\u00f3n<\/p>\n<p class=\"\">El comit\u00e9 de festejos sale escopetado y un abogado que lo acompa\u00f1a tambi\u00e9n, como la canci\u00f3n de Caf\u00e9 Quijano que suena en el Hogar del Jubilado donde tanto se ha hablado del asunto y tan poco se habla ahora. El bar, sede de partidas de tute de seriedad ol\u00edmpica y caf\u00e9s y lecturas de peri\u00f3dicos, tiene colgado en el tabl\u00f3n de anuncios un cartel a modo de portada de diario en papel con \u201cNoticias locas y sorprendentes de Man\u00edn\u201d. All\u00ed se alude al ataque de un dinosaurio, lluvias torrenciales de chocolate y un atropello a un tren. Lo editaron el 7 de junio. Para 2026, tendr\u00e1n noticias locas y sorprendentes de lo ocurrido a trav\u00e9s de <a href=\"https:\/\/elpais.com\/loteria-de-navidad\/2025-12-22\/sorteo-del-gordo-de-la-loteria-de-navidad-en-directo-decimos-premios-y-pedreas-en-la-lista-oficial.html\" target=\"_blank\" rel=\"noreferrer nofollow noopener\" title=\"https:\/\/elpais.com\/loteria-de-navidad\/2025-12-22\/sorteo-del-gordo-de-la-loteria-de-navidad-en-directo-decimos-premios-y-pedreas-en-la-lista-oficial.html\">ese bendito y maldito 79.432<\/a> que a saber c\u00f3mo se glosar\u00e1 en el pr\u00f3ximo ejemplar. La camarera \u00c1ngela Su\u00e1rez, de 25 a\u00f1os, admite los \u201cnervios\u201d de estos d\u00edas y se\u00f1ala que los habitantes defienden un reparto justo con los damnificados: \u201cMeten m\u00e1s mierda los de fuera y los que no tienen papeleta que los de dentro\u201d. Su\u00e1rez entiende que los forasteros, ajenos al bienestar del lugar, <a href=\"https:\/\/elpais.com\/loteria-de-navidad\/2025-12-22\/cuanto-se-cobra-por-decimo-premiado-en-la-loteria-de-navidad-record-de-series-y-un-reparto-de-3960-millones.html\" target=\"_blank\" rel=\"noreferrer nofollow noopener\" title=\"https:\/\/elpais.com\/loteria-de-navidad\/2025-12-22\/cuanto-se-cobra-por-decimo-premiado-en-la-loteria-de-navidad-record-de-series-y-un-reparto-de-3960-millones.html\">reclamen su premio completo<\/a>, pero insiste en que all\u00ed comprenden el \u201cerror\u201d y buscar\u00e1n entenderse aunque cueste. <\/p>\n<p class=\"\">En la vitrina de trofeos, desde una de un bingo a otra de domin\u00f3, hay una placa de reconocimiento a la \u201cconvivencia para asociaciones de personas mayores\u201d. Convivencia, el gran tab\u00fa estos d\u00edas. Fernando Gonz\u00e1lez, de 71 a\u00f1os, gana bazas al tute mientras responde sobre la controversia. \u201cYo no tengo problema porque no me ha tocado, pero se est\u00e1 poniendo a mucha gente en la picota. Yo creo que es la envidia, hay gente que quiere m\u00e1s y m\u00e1s y se est\u00e1n pasando\u201d, sostiene, agradecido a los \u201cchavales de la comisi\u00f3n que han reconocido un error\u201d y que altruistamente organizan los festejos veraniegos. \u201c\u00a1Mejor no le digas el nombre!\u201d, le sugiere otro de los se\u00f1ores, a lo que Gonz\u00e1lez despacha: \u201cQu\u00e9 m\u00e1s da\u201d.<\/p>\n<p><img decoding=\"auto\" class=\"_re lazyload a_m-h\" height=\"276\"  width=\"414\"  src=\"https:\/\/www.europesays.com\/es\/wp-content\/uploads\/2025\/12\/WGCCGPRDURAZNAC4Y7FNXS6CKI.jpg\" loading=\"lazy\"\/>Dos vecinos de Villaman\u00edn, en el bar del pueblo.Emilio Fraile<\/p>\n<p class=\"\">No da igual. Casi nadie quiere mojarse y menos con su nombre y apellido. \u201cSomos poca gente. Esto es un pueblo y preferimos no hablar\u201d, se excusa un paisano en el Hogar del Jubilado. Seres humanos tambi\u00e9n, igualitos que en las ciudades y con los mismos pecados y virtudes, solo que aqu\u00ed se saben los nombres de la gente y en las urbes no. La desaz\u00f3n se aprecia al pasear por Villaman\u00edn: en la plaza Mayor, la del ayuntamiento, un saco de arena de obra contiene siete botellas de sidra vac\u00edas, con los corchos abandonados entre los adoquines y serpentinas violeta dando color al gris del suelo y de los \u00e1nimos del lugar, donde <a href=\"https:\/\/elpais.com\/economia\/negocios\/2025-12-19\/el-gordo-ya-no-es-lo-que-era-el-sueno-de-comprar-un-piso-con-la-loteria-de-navidad-se-desvanece-y-eso-aleja-a-los-mas-jovenes-del-sorteo.html\" target=\"_blank\" rel=\"noreferrer nofollow noopener\" title=\"https:\/\/elpais.com\/economia\/negocios\/2025-12-19\/el-gordo-ya-no-es-lo-que-era-el-sueno-de-comprar-un-piso-con-la-loteria-de-navidad-se-desvanece-y-eso-aleja-a-los-mas-jovenes-del-sorteo.html\">la alegr\u00eda se vive<\/a> a medias tras varias d\u00e9cadas de depresi\u00f3n socioecon\u00f3mica desde el cierre de las minas de carb\u00f3n que alimentaban a la monta\u00f1a leonesa. <\/p>\n<p class=\"\">El ajetreo ha pillado en este municipio a un grupo de chavales inmersos en un cursillo de monitores. Los muchachos dan unos toques con un bal\u00f3n y charlan a la puerta de su albergue antes de admitir que ahora todo est\u00e1 m\u00e1s tranquilo, pero que el d\u00eda en que llegaron lat\u00eda la tensi\u00f3n. \u201c\u00a1Hab\u00eda Guardia Civil!\u201d, exclaman. Ahora, calma chicha, gente \u201cmuy maja\u201d pero todav\u00eda sensaciones de recelo. Francisco S\u00e1nchez, de 21, cree que \u201cquiz\u00e1 no est\u00e9n para muchas fiestas\u201d y se se\u00f1ala la sien para asegurar que, olfatea, pronto se resolver\u00e1 el l\u00edo: \u201cEl dinero tiene fuerza, pero no tanta\u201d.<\/p>\n","protected":false},"excerpt":{"rendered":"El debate se escucha a intervalos al otro lado de una sala del ayuntamiento de Villaman\u00edn (Le\u00f3n, 860&hellip;\n","protected":false},"author":2,"featured_media":313831,"comment_status":"","ping_status":"","sticky":false,"template":"","format":"standard","meta":{"footnotes":""},"categories":[5],"tags":[17,18,3590,534,25,24,13,14,11,1444,533,19,20,4108,18865,70555,2951,9,10,15,16,71120,23,12,21,22,72793],"class_list":{"0":"post-313830","1":"post","2":"type-post","3":"status-publish","4":"format-standard","5":"has-post-thumbnail","7":"category-titulares","8":"tag-breaking-news","9":"tag-breakingnews","10":"tag-castilla-y-leon","11":"tag-dinero","12":"tag-es","13":"tag-espana","14":"tag-featured-news","15":"tag-featurednews","16":"tag-headlines","17":"tag-juego","18":"tag-juegos-azar","19":"tag-latest-news","20":"tag-latestnews","21":"tag-leon","22":"tag-loteria-nacional","23":"tag-loteria-navidad","24":"tag-navidad","25":"tag-news","26":"tag-noticias","27":"tag-noticias-destacadas","28":"tag-noticiasdestacadas","29":"tag-premios-loteria","30":"tag-spain","31":"tag-titulares","32":"tag-ultimas-noticias","33":"tag-ultimasnoticias","34":"tag-villamanin"},"share_on_mastodon":{"url":"","error":"Validation failed: Text character limit of 500 exceeded"},"_links":{"self":[{"href":"https:\/\/www.europesays.com\/es\/wp-json\/wp\/v2\/posts\/313830","targetHints":{"allow":["GET"]}}],"collection":[{"href":"https:\/\/www.europesays.com\/es\/wp-json\/wp\/v2\/posts"}],"about":[{"href":"https:\/\/www.europesays.com\/es\/wp-json\/wp\/v2\/types\/post"}],"author":[{"embeddable":true,"href":"https:\/\/www.europesays.com\/es\/wp-json\/wp\/v2\/users\/2"}],"replies":[{"embeddable":true,"href":"https:\/\/www.europesays.com\/es\/wp-json\/wp\/v2\/comments?post=313830"}],"version-history":[{"count":0,"href":"https:\/\/www.europesays.com\/es\/wp-json\/wp\/v2\/posts\/313830\/revisions"}],"wp:featuredmedia":[{"embeddable":true,"href":"https:\/\/www.europesays.com\/es\/wp-json\/wp\/v2\/media\/313831"}],"wp:attachment":[{"href":"https:\/\/www.europesays.com\/es\/wp-json\/wp\/v2\/media?parent=313830"}],"wp:term":[{"taxonomy":"category","embeddable":true,"href":"https:\/\/www.europesays.com\/es\/wp-json\/wp\/v2\/categories?post=313830"},{"taxonomy":"post_tag","embeddable":true,"href":"https:\/\/www.europesays.com\/es\/wp-json\/wp\/v2\/tags?post=313830"}],"curies":[{"name":"wp","href":"https:\/\/api.w.org\/{rel}","templated":true}]}}