{"id":313881,"date":"2025-12-30T13:14:07","date_gmt":"2025-12-30T13:14:07","guid":{"rendered":"https:\/\/www.europesays.com\/es\/313881\/"},"modified":"2025-12-30T13:14:07","modified_gmt":"2025-12-30T13:14:07","slug":"el-pequeno-comercio-de-daimiel-mantiene-activo-hasta-el-6-de-enero-la-iniciativa-municipal-comprar-en-daimiel-esta-navidad-tiene-premio","status":"publish","type":"post","link":"https:\/\/www.europesays.com\/es\/313881\/","title":{"rendered":"El peque\u00f1o comercio de Daimiel mantiene activo hasta el 6 de enero la iniciativa municipal \u2018Comprar en Daimiel esta Navidad tiene premio\u2019"},"content":{"rendered":"<p><strong>La iniciativa, impulsada por el Ayuntamiento de Daimiel en colaboraci\u00f3n con AEDA, busca incentivar las compras en cualquiera de los veintitr\u00e9s establecimientos adheridos. La campa\u00f1a repartir\u00e1 2.700 euros en compras.<\/strong><\/p>\n<p><strong>Daimiel Noticias. \u2013<\/strong> Los 23 comercios adheridos a la iniciativo del Ayuntamiento de Daimiel \u2018Esta Navidad, comprar en Daimiel tiene premio\u2019 se han aprovisionado de papeletas para entregar entre sus clientes que efect\u00faen sus compras estos d\u00edas de Navidad y hasta el 6 de enero. Se repartir\u00e1n distintos premios que sumar\u00e1n m\u00e1s de 2.700 euros.\u00a0<\/p>\n<p>La campa\u00f1a de dinamizaci\u00f3n comercial tiene como objetivo incentivar las compras en el comercio de proximidad durante estas fechas navide\u00f1as, premiando la fidelidad de los clientes que, a\u00f1o tras a\u00f1o, apuestan por acudir a los establecimientos locales, como se\u00f1alaba en Radio Daimiel, la concejala de Promoci\u00f3n Econ\u00f3mica, Cruces S\u00e1nchez de Pablo.<\/p>\n<p>Entre todas las firmas suman 40.000 papeletas, una cantidad superior a la de la \u00faltima edici\u00f3n, pero que ser\u00e1 suficiente, seg\u00fan las estimaciones de S\u00e1nchez de Pablo. Las personas que realicen compras en los negocios adheridos podr\u00e1n participar en un sorteo consistente en cinco premios: un primer premio de 1.150 euros, un segundo de 690 euros y un tercero de 460 euros en compras.<\/p>\n<p>Adem\u00e1s, se entregar\u00e1 un cuarto premio consistente en un televisor Philips de 55 pulgadas con barra de sonido y un quinto premio formado por cuatro entradas para visitar el Museo Comarcal de Daimiel y la Motilla del Azuer.<\/p>\n<p>El sorteo p\u00fablico se celebrar\u00e1 el viernes 16 de enero de 2026, a las 12:00 horas, en el Sal\u00f3n de Plenos del Ayuntamiento de Daimiel.\u00a0<\/p>\n<p>Con esta acci\u00f3n conjunta, la delegaci\u00f3n de Promoci\u00f3n Econ\u00f3mica el Ayuntamiento y AEDA apuestan un a\u00f1o m\u00e1s por incentivar el comercio local y de cercan\u00eda, especialmente en una de las \u00e9pocas con m\u00e1s actividad econ\u00f3mica del a\u00f1o.\u00a0<br \/>\u00a0<\/p>\n","protected":false},"excerpt":{"rendered":"La iniciativa, impulsada por el Ayuntamiento de Daimiel en colaboraci\u00f3n con AEDA, busca incentivar las compras en cualquiera&hellip;\n","protected":false},"author":2,"featured_media":313882,"comment_status":"","ping_status":"","sticky":false,"template":"","format":"standard","meta":{"footnotes":""},"categories":[80],"tags":[82,4593,3010,95,94,25,24,2951,23],"class_list":{"0":"post-313881","1":"post","2":"type-post","3":"status-publish","4":"format-standard","5":"has-post-thumbnail","7":"category-economia","8":"tag-business","9":"tag-compras","10":"tag-daimiel","11":"tag-economia","12":"tag-economy","13":"tag-es","14":"tag-espana","15":"tag-navidad","16":"tag-spain"},"share_on_mastodon":{"url":"https:\/\/pubeurope.com\/@es\/115808702948471441","error":""},"_links":{"self":[{"href":"https:\/\/www.europesays.com\/es\/wp-json\/wp\/v2\/posts\/313881","targetHints":{"allow":["GET"]}}],"collection":[{"href":"https:\/\/www.europesays.com\/es\/wp-json\/wp\/v2\/posts"}],"about":[{"href":"https:\/\/www.europesays.com\/es\/wp-json\/wp\/v2\/types\/post"}],"author":[{"embeddable":true,"href":"https:\/\/www.europesays.com\/es\/wp-json\/wp\/v2\/users\/2"}],"replies":[{"embeddable":true,"href":"https:\/\/www.europesays.com\/es\/wp-json\/wp\/v2\/comments?post=313881"}],"version-history":[{"count":0,"href":"https:\/\/www.europesays.com\/es\/wp-json\/wp\/v2\/posts\/313881\/revisions"}],"wp:featuredmedia":[{"embeddable":true,"href":"https:\/\/www.europesays.com\/es\/wp-json\/wp\/v2\/media\/313882"}],"wp:attachment":[{"href":"https:\/\/www.europesays.com\/es\/wp-json\/wp\/v2\/media?parent=313881"}],"wp:term":[{"taxonomy":"category","embeddable":true,"href":"https:\/\/www.europesays.com\/es\/wp-json\/wp\/v2\/categories?post=313881"},{"taxonomy":"post_tag","embeddable":true,"href":"https:\/\/www.europesays.com\/es\/wp-json\/wp\/v2\/tags?post=313881"}],"curies":[{"name":"wp","href":"https:\/\/api.w.org\/{rel}","templated":true}]}}