{"id":313914,"date":"2025-12-30T13:40:27","date_gmt":"2025-12-30T13:40:27","guid":{"rendered":"https:\/\/www.europesays.com\/es\/313914\/"},"modified":"2025-12-30T13:40:27","modified_gmt":"2025-12-30T13:40:27","slug":"victima-del-alud-de-panticosa-jorge-garcia-dihinx-un-pediatra-referente-del-mundo-montanero-y-gran-divulgador","status":"publish","type":"post","link":"https:\/\/www.europesays.com\/es\/313914\/","title":{"rendered":"V\u00edctima del alud de Panticosa. Jorge Garc\u00eda-Dihinx, un pediatra \u00abreferente\u00bb del mundo monta\u00f1ero y gran divulgador"},"content":{"rendered":"<p>            V\u00edctima del alud de Panticosa. Jorge Garc\u00eda-Dihinx, un pediatra \u00abreferente\u00bb del mundo monta\u00f1ero y gran divulgador                <\/p>\n<p>V\u00edctima del alud de Panticosa. Jorge Garc\u00eda-Dihinx, un pediatra \u00abreferente\u00bb del mundo monta\u00f1ero y gran divulgador<\/p>\n<p class=\"epigraph\">Trabajaba en el Hospital San Jorge de Huesca y su blog lameteoqueviene se hab\u00eda convertido en \u00abla Biblia\u00bb de los aficionados.<\/p>\n<p class=\"paragraph\">\u00ab<b>Jorge era un s\u00faper experto, un referente del monta\u00f1ismo y un gran divulgador. Es un golpe de mala suerte, son las fatalidades del monte<\/b>\u00ab. De esta forma habla Lorenzo Ortas, vicepresidente de Pe\u00f1a Guara, de<b> Jorge Garc\u00eda-Dihix<\/b>, el pediatra zaragozano de 55 a\u00f1os cuya vida seg\u00f3 este lunes un alud en Panticosa. Nacido en Zaragoza el 5 de diciembre de 1970, era hijo de un prestigioso m\u00e9dico de la capital aragonesa y un profesional <b>muy popular en el Hospital San Jorge de Huesca, donde trabajaba<\/b>. Recientemente particip\u00f3 en una iniciativa solidaria repartiendo regalos de Navidad entre los ni\u00f1os hospitalizados,<\/p>\n<p>            Conforme a los criterios de<br \/>\n            <a class=\"trustproject_img\" id=\"trustproject_img\" href=\"https:\/\/thetrustproject.org\/\" target=\"_blank\" rel=\"nofollow noopener\" aria-label=\"Trust Project\"><img decoding=\"async\" loading=\"lazy\" src=\"https:\/\/www.heraldo.es\/images\/Trust-Logo-Horizontal.svg\" alt=\"Logo Trust Project\" width=\"200\" height=\"34\"\/><\/a><\/p>\n<p>        <a href=\"https:\/\/www.henneo.com\/\" title=\"Grupo Henneo\" class=\"logo\" rel=\"nofollow noopener\" target=\"_blank\"><br \/>\n            <img decoding=\"async\" src=\"https:\/\/www.heraldo.es\/images\/logo_henneo_gris.svg\" alt=\"Logo Henneo\" width=\"559\" height=\"389\" loading=\"lazy\"\/><br \/>\n        <\/a><\/p>\n<p>\u00a9 HERALDO DE ARAGON EDITORA, S.L.U.<br \/>Tel\u00e9fono 976 765 000 \/ &#8211; P\u00ba. Independencia, 29, 50001 Zaragoza &#8211; CIF: B99288763 &#8211; Inscrita en el Registro Mercantil de Zaragoza al Tomo 3796, Libro 0, Folio 177, Secci\u00f3n 8, Hoja Z-50564<br \/>Queda prohibida toda reproducci\u00f3n sin permiso escrito de la empresa a los efectos del art\u00edculo 32.1, p\u00e1rrafo segundo, de la Ley de Propiedad Intelectual<\/p>\n<p>\n                P\u00ba Independencia, 29, 50001 Zaragoza<br \/> Tel\u00e9fono 976 765 000\n            <\/p>\n<p>                    Actualmente tu navegador no permite ejecutar JavaScript. Para poder disfrutar de nuestro contenido es necesario que lo permita.<br \/>\n                                        <img decoding=\"async\" loading=\"lazy\" alt=\"Heraldo logo\" src=\"https:\/\/dkumiip2e9ary.cloudfront.net\/xalok\/heraldo\/especiales\/hola-de-nuevo\/logo-heraldo.svg\" width=\"215\" height=\"43\"\/><\/p>\n","protected":false},"excerpt":{"rendered":"V\u00edctima del alud de Panticosa. Jorge Garc\u00eda-Dihinx, un pediatra \u00abreferente\u00bb del mundo monta\u00f1ero y gran divulgador V\u00edctima del&hellip;\n","protected":false},"author":2,"featured_media":313915,"comment_status":"","ping_status":"","sticky":false,"template":"","format":"standard","meta":{"footnotes":""},"categories":[5],"tags":[17,18,73632,25,24,13,14,11,19,20,17597,9,10,15,16,52824,47088,13527,23,12,21,22],"class_list":{"0":"post-313914","1":"post","2":"type-post","3":"status-publish","4":"format-standard","5":"has-post-thumbnail","7":"category-titulares","8":"tag-breaking-news","9":"tag-breakingnews","10":"tag-divulgador","11":"tag-es","12":"tag-espana","13":"tag-featured-news","14":"tag-featurednews","15":"tag-headlines","16":"tag-latest-news","17":"tag-latestnews","18":"tag-montanero","19":"tag-news","20":"tag-noticias","21":"tag-noticias-destacadas","22":"tag-noticiasdestacadas","23":"tag-panticosa","24":"tag-pediatra","25":"tag-referente","26":"tag-spain","27":"tag-titulares","28":"tag-ultimas-noticias","29":"tag-ultimasnoticias"},"share_on_mastodon":{"url":"https:\/\/pubeurope.com\/@es\/115808804790768948","error":""},"_links":{"self":[{"href":"https:\/\/www.europesays.com\/es\/wp-json\/wp\/v2\/posts\/313914","targetHints":{"allow":["GET"]}}],"collection":[{"href":"https:\/\/www.europesays.com\/es\/wp-json\/wp\/v2\/posts"}],"about":[{"href":"https:\/\/www.europesays.com\/es\/wp-json\/wp\/v2\/types\/post"}],"author":[{"embeddable":true,"href":"https:\/\/www.europesays.com\/es\/wp-json\/wp\/v2\/users\/2"}],"replies":[{"embeddable":true,"href":"https:\/\/www.europesays.com\/es\/wp-json\/wp\/v2\/comments?post=313914"}],"version-history":[{"count":0,"href":"https:\/\/www.europesays.com\/es\/wp-json\/wp\/v2\/posts\/313914\/revisions"}],"wp:featuredmedia":[{"embeddable":true,"href":"https:\/\/www.europesays.com\/es\/wp-json\/wp\/v2\/media\/313915"}],"wp:attachment":[{"href":"https:\/\/www.europesays.com\/es\/wp-json\/wp\/v2\/media?parent=313914"}],"wp:term":[{"taxonomy":"category","embeddable":true,"href":"https:\/\/www.europesays.com\/es\/wp-json\/wp\/v2\/categories?post=313914"},{"taxonomy":"post_tag","embeddable":true,"href":"https:\/\/www.europesays.com\/es\/wp-json\/wp\/v2\/tags?post=313914"}],"curies":[{"name":"wp","href":"https:\/\/api.w.org\/{rel}","templated":true}]}}