{"id":313916,"date":"2025-12-30T13:45:07","date_gmt":"2025-12-30T13:45:07","guid":{"rendered":"https:\/\/www.europesays.com\/es\/313916\/"},"modified":"2025-12-30T13:45:07","modified_gmt":"2025-12-30T13:45:07","slug":"muro-y-el-tenis-mallorquin-despiden-con-gran-tristeza-a-nadal-salamanca-moragues","status":"publish","type":"post","link":"https:\/\/www.europesays.com\/es\/313916\/","title":{"rendered":"Muro y el tenis mallorqu\u00edn despiden con gran tristeza a Nadal Salamanca Moragues"},"content":{"rendered":"<p>La localidad de <strong><a href=\"https:\/\/www.ultimahora.es\/etiqueta\/Muro.html?utm_source=Inline-tag&amp;utm_medium=internal\" rel=\"nofollow noopener\" target=\"_blank\">Muro<\/a> y el mundo del <a href=\"https:\/\/www.ultimahora.es\/etiqueta\/tenis.html?utm_source=Inline-tag&amp;utm_medium=internal\" rel=\"nofollow noopener\" target=\"_blank\">tenis<\/a> en Mallorca han recibido con enorme tristeza la noticia del fallecimiento, este lunes y a los 34 a\u00f1os de edad, de Nadal Salamanca Moragues, conocido t\u00e9cnico y entrenador<\/strong> del Club de Tennis Muro, cuya huella en el mundo del deporte en la localidad del Nord de Mallorca ha resultado de <strong>gran valor personal y profesional<\/strong>, tal y como han trasladado diferentes personas y entidades, como el \u00c0rea d&#8217;Esports del <a href=\"https:\/\/www.ultimahora.es\/etiqueta\/Ajuntament+de+Muro.html?utm_source=Inline-tag&amp;utm_medium=internal\" rel=\"nofollow noopener\" target=\"_blank\">Ajuntament de Muro<\/a>, quien hizo saber de su p\u00e9rdida a trav\u00e9s de las redes sociales.<\/p>\n<p><strong>\u00abProfesional comprometido y persona cercana\u00bb, refieren de \u00e9l<\/strong>, destacan de Nadal Salamanca su \u00abcalidad humana\u00bb, m\u00e1s all\u00e1 del sello que imprimi\u00f3 a su actividad como preparador en el campo del tenis en el club de la poblaci\u00f3n, <strong>gan\u00e1ndose el cari\u00f1o y respeto de alumnos, familias y el personal de la entidad en la que participaba<\/strong> activamente y del propio Ajuntament.<\/p>\n<p>Aseguran que su ausencia <strong>\u00abdeja un enorme vac\u00edo dif\u00edcil de llenar, pero su legado de valores, dedicaci\u00f3n y cari\u00f1o perdurar\u00e1 en el tiempo\u00bb<\/strong>, prosigue el escrito de despedida del \u00c0rea d&#8217;Esports de Muro, que expresaba su p\u00e9same a la familia, amigos, alumnos y a todo el colectivo del Club de Tennis Muro, que con la marcha de Nadal Salamanca Moragues pierde a una gran persona, un t\u00e9cnico intachable y ejemplar, pero tambi\u00e9n a una pieza importante dentro de su crecimiento y actividad.<\/p>\n<p>Por expreso deseo de Nadal, agradeci\u00f3 en lugar de ofrendas florales<strong> donaciones a la Asociaci\u00f3n Espa\u00f1ola Contra el C\u00e1ncer, con el concepto &#8216;Investigaci\u00f3n Sarcoma de Ewing, a trav\u00e9s de la cuenta de la AECC ES71 00490001512510080004.<\/strong><\/p>\n","protected":false},"excerpt":{"rendered":"La localidad de Muro y el mundo del tenis en Mallorca han recibido con enorme tristeza la noticia&hellip;\n","protected":false},"author":2,"featured_media":313917,"comment_status":"","ping_status":"","sticky":false,"template":"","format":"standard","meta":{"footnotes":""},"categories":[274],"tags":[73633,168,25,24,13055,4009,6894,3439,23,167,327,326],"class_list":{"0":"post-313916","1":"post","2":"type-post","3":"status-publish","4":"format-standard","5":"has-post-thumbnail","7":"category-tenis","8":"tag-ajuntament-de-muro","9":"tag-deportes","10":"tag-es","11":"tag-espana","12":"tag-muro","13":"tag-obituario","14":"tag-rafa-nadal","15":"tag-rafael-nadal","16":"tag-spain","17":"tag-sports","18":"tag-tenis","19":"tag-tennis"},"share_on_mastodon":{"url":"https:\/\/pubeurope.com\/@es\/115808824338047459","error":""},"_links":{"self":[{"href":"https:\/\/www.europesays.com\/es\/wp-json\/wp\/v2\/posts\/313916","targetHints":{"allow":["GET"]}}],"collection":[{"href":"https:\/\/www.europesays.com\/es\/wp-json\/wp\/v2\/posts"}],"about":[{"href":"https:\/\/www.europesays.com\/es\/wp-json\/wp\/v2\/types\/post"}],"author":[{"embeddable":true,"href":"https:\/\/www.europesays.com\/es\/wp-json\/wp\/v2\/users\/2"}],"replies":[{"embeddable":true,"href":"https:\/\/www.europesays.com\/es\/wp-json\/wp\/v2\/comments?post=313916"}],"version-history":[{"count":0,"href":"https:\/\/www.europesays.com\/es\/wp-json\/wp\/v2\/posts\/313916\/revisions"}],"wp:featuredmedia":[{"embeddable":true,"href":"https:\/\/www.europesays.com\/es\/wp-json\/wp\/v2\/media\/313917"}],"wp:attachment":[{"href":"https:\/\/www.europesays.com\/es\/wp-json\/wp\/v2\/media?parent=313916"}],"wp:term":[{"taxonomy":"category","embeddable":true,"href":"https:\/\/www.europesays.com\/es\/wp-json\/wp\/v2\/categories?post=313916"},{"taxonomy":"post_tag","embeddable":true,"href":"https:\/\/www.europesays.com\/es\/wp-json\/wp\/v2\/tags?post=313916"}],"curies":[{"name":"wp","href":"https:\/\/api.w.org\/{rel}","templated":true}]}}