{"id":313918,"date":"2025-12-30T13:48:08","date_gmt":"2025-12-30T13:48:08","guid":{"rendered":"https:\/\/www.europesays.com\/es\/313918\/"},"modified":"2025-12-30T13:48:08","modified_gmt":"2025-12-30T13:48:08","slug":"el-surne-bilbao-lleva-ilusion-a-miribilla-para-despedir-el-ano","status":"publish","type":"post","link":"https:\/\/www.europesays.com\/es\/313918\/","title":{"rendered":"El Surne Bilbao lleva ilusi\u00f3n a Miribilla para despedir el a\u00f1o"},"content":{"rendered":"<p><a class=\"v-mdl-ath__fig-a\" href=\"https:\/\/www.elcorreo.com\/autor\/aitor-echevarria-7367.html\" title=\"Aitor Echevarr\u00eda\" rel=\"nofollow noopener\" target=\"_blank\"><br \/>\n<img decoding=\"async\" class=\"v-mdl-ath__img\" src=\"https:\/\/www.europesays.com\/es\/wp-content\/uploads\/2025\/09\/autor-7367-foto-1.jpeg\" alt=\"Aitor Echevarr\u00eda\"\/><br \/>\n<\/a><\/p>\n<p class=\"v-mdl-ath__p v-mdl-ath__p--6\">\nMartes, 30 de diciembre 2025, 13:05<\/p>\n<p>| Actualizado 13:30h.<\/p>\n<p class=\"v-p\">El Surne Bilbao celebr\u00f3 este martes un entrenamiento a puertas abiertas en el Bilbao Arena de Miribilla, en una jornada con sabor familiar y llenado por la ilusi\u00f3n de los m\u00e1s peque\u00f1os. A pesar de coincidir con el macroentrenamiento del Athletic en San Mam\u00e9s, que congreg\u00f3 a m\u00e1s de 30.000 personas, fueron muchos los aficionados que se acercaron a presenciar de cerca el trabajo del conjunto bilba\u00edno.<\/p>\n<p class=\"v-p\">Desde antes de comenzar la sesi\u00f3n, el ambiente ya era especial. El p\u00fablico \u2014mayoritariamente infantil\u2014 se agolpaba en uno de los laterales de las gradas, mientras que a pie de pista, en la zona habitualmente reservada a los VIP y patrocinadores, se situaban los ni\u00f1os del campus del club. La entrada de los jugadores fue recibida con entusiasmo. Choques de manos, sonrisas y miradas de admiraci\u00f3n marcaron los primeros instantes de una ma\u00f1ana diferente.<\/p>\n<p class=\"v-p\">La emoci\u00f3n se desbord\u00f3 con la aparici\u00f3n de Armi, la mascota del equipo, aut\u00e9ntico im\u00e1n para los m\u00e1s peque\u00f1os, que no dejaron de llamarle para hacerse fotos, chocar la mano o incluso bailar con \u00e9l. Risas, gritos y un ambiente de fiesta acompa\u00f1aron toda la sesi\u00f3n.<\/p>\n<p>Ponsarnau tom\u00f3 el mando<\/p>\n<p class=\"v-p\">Nada m\u00e1s comenzar el entrenamiento, el t\u00e9cnico Jaume Ponsarnau tom\u00f3 el micr\u00f3fono para dirigirse a los asistentes. \u00abEstamos muy contentos de que veng\u00e1is a vernos. Hoy ver\u00e9is c\u00f3mo es un entrenamiento nuestro. Espero que lo pas\u00e9is bien\u00bb, dijo el entrenador, arrancando un sonoro aplauso de la grada.<\/p>\n<p class=\"v-p\">Sobre la pista estuvieron pr\u00e1cticamente todos los jugadores de la plantilla. La \u00fanica ausencia en la din\u00e1mica grupal fue la de Amar Sylla, lesionado, aunque s\u00ed estuvo presente y recibi\u00f3 una cari\u00f1osa ovaci\u00f3n del p\u00fablico. En su lugar entren\u00f3 Zecevic.<\/p>\n<p class=\"v-p\">A medida que avanzaba la sesi\u00f3n, Ponsarnau fue explicando los ejercicios a los aficionados, demostrando una vez m\u00e1s su cercan\u00eda y comodidad en este tipo de actos. El entrenamiento transcurri\u00f3 con normalidad bajo la supervisi\u00f3n del cuerpo t\u00e9cnico, aunque hubo momentos que levantaron a la grada, como el triple sobre la bocina de Aleix Font al final de uno de los ejercicios.<\/p>\n<p class=\"v-p\">Detr\u00e1s de una de las canastas, el club hab\u00eda habilitado una peque\u00f1a pista para que los ni\u00f1os jugaran, y m\u00e1s all\u00e1, varias mesas con p\u00f3steres preparados para la posterior firma de aut\u00f3grafos. Durante el entrenamiento, los jugadores se comunicaban mayoritariamente en ingl\u00e9s, mientras en la grada se pod\u00edan ver carteles en ese idioma y hasta una bandera de Noruega dedicada a Harald Frey.<\/p>\n<p class=\"v-p\">No falt\u00f3 el humor. \u00abNo somos muy buenos en el tiro libre, pero seguimos mejorando\u00bb, brome\u00f3 Ponsarnau antes de uno de los ejercicios, provocando las risas del p\u00fablico. M\u00e1s adelante, lleg\u00f3 \u00absu momento favorito como entrenador\u00bb: los castigos por fallar tiros libres, una serie de sprints que hicieron sudar a m\u00e1s de uno. Hlinason fue quien tuvo que completar un esfuerzo extra.<\/p>\n<p class=\"v-p\">La competici\u00f3n de triples puso el broche al entrenamiento. Tras una eliminaci\u00f3n progresiva, Frey y Krampelj llegaron a la final, que acab\u00f3 llev\u00e1ndose el jugador noruego. Frey celebr\u00f3 la victoria levantando los brazos y haciendo reverencias ante una grada entregada. Antes de retirarse, toda la plantilla se reuni\u00f3 en el centro de la pista para la charla final. Ponsarnau volvi\u00f3 a dirigirse al p\u00fablico: \u00abNos lo hemos pasado muy bien. Gracias por estar aqu\u00ed\u00bb, dijo se\u00f1al\u00e1ndose el coraz\u00f3n.<\/p>\n<p class=\"v-p\">Tras el entrenamiento, los jugadores se acercaron a las mesas para firmar aut\u00f3grafos, sacarse fotos y charlar tranquilamente con los aficionados, especialmente con los m\u00e1s j\u00f3venes. Una despedida perfecta para una jornada que una aut\u00e9ntica celebraci\u00f3n del sentimiento Surne Bilbao.<\/p>\n<p>Reporta un error<\/p>\n","protected":false},"excerpt":{"rendered":"Martes, 30 de diciembre 2025, 13:05 | Actualizado 13:30h. El Surne Bilbao celebr\u00f3 este martes un entrenamiento a&hellip;\n","protected":false},"author":2,"featured_media":313919,"comment_status":"","ping_status":"","sticky":false,"template":"","format":"standard","meta":{"footnotes":""},"categories":[269],"tags":[1611,299,298,2601,168,4880,25,24,3814,6414,48029,23,167,73634],"class_list":{"0":"post-313918","1":"post","2":"type-post","3":"status-publish","4":"format-standard","5":"has-post-thumbnail","7":"category-baloncesto","8":"tag-ano","9":"tag-baloncesto","10":"tag-basketball","11":"tag-bilbao","12":"tag-deportes","13":"tag-despedir","14":"tag-es","15":"tag-espana","16":"tag-ilusion","17":"tag-lleva","18":"tag-miribilla","19":"tag-spain","20":"tag-sports","21":"tag-sure"},"share_on_mastodon":{"url":"https:\/\/pubeurope.com\/@es\/115808836583811016","error":""},"_links":{"self":[{"href":"https:\/\/www.europesays.com\/es\/wp-json\/wp\/v2\/posts\/313918","targetHints":{"allow":["GET"]}}],"collection":[{"href":"https:\/\/www.europesays.com\/es\/wp-json\/wp\/v2\/posts"}],"about":[{"href":"https:\/\/www.europesays.com\/es\/wp-json\/wp\/v2\/types\/post"}],"author":[{"embeddable":true,"href":"https:\/\/www.europesays.com\/es\/wp-json\/wp\/v2\/users\/2"}],"replies":[{"embeddable":true,"href":"https:\/\/www.europesays.com\/es\/wp-json\/wp\/v2\/comments?post=313918"}],"version-history":[{"count":0,"href":"https:\/\/www.europesays.com\/es\/wp-json\/wp\/v2\/posts\/313918\/revisions"}],"wp:featuredmedia":[{"embeddable":true,"href":"https:\/\/www.europesays.com\/es\/wp-json\/wp\/v2\/media\/313919"}],"wp:attachment":[{"href":"https:\/\/www.europesays.com\/es\/wp-json\/wp\/v2\/media?parent=313918"}],"wp:term":[{"taxonomy":"category","embeddable":true,"href":"https:\/\/www.europesays.com\/es\/wp-json\/wp\/v2\/categories?post=313918"},{"taxonomy":"post_tag","embeddable":true,"href":"https:\/\/www.europesays.com\/es\/wp-json\/wp\/v2\/tags?post=313918"}],"curies":[{"name":"wp","href":"https:\/\/api.w.org\/{rel}","templated":true}]}}