{"id":313922,"date":"2025-12-30T13:50:16","date_gmt":"2025-12-30T13:50:16","guid":{"rendered":"https:\/\/www.europesays.com\/es\/313922\/"},"modified":"2025-12-30T13:50:16","modified_gmt":"2025-12-30T13:50:16","slug":"emma-heming-y-bruce-willis-18-anos-unidos-por-un-amor-que-resiste-al-silencio-y-a-la-enfermedad","status":"publish","type":"post","link":"https:\/\/www.europesays.com\/es\/313922\/","title":{"rendered":"Emma Heming y Bruce Willis, 18 a\u00f1os unidos por un amor que resiste al silencio y a la enfermedad"},"content":{"rendered":"<p id=\"e_MJWVc6ZK\" data-wc=\"77\">No son unas Navidades f\u00e1ciles para<strong>\u00a0Bruce Willis<\/strong> y su familia. La demencia frontotemporal que padece el actor contin\u00faa avanzando sin que haya nada que pueda detenerla. Su hija mayor,<strong>\u00a0Rumer Willis<\/strong>, ha descrito con enorme ternura el deterioro cognitivo que sufre su padre: \u00ab<a class=\"hm-link ho-link\" href=\"https:\/\/www.hola.com\/actualidad\/20251123869053\/la-desgarradora-confesion-de-la-hija-de-bruce-willis\/\" data-mrf-recirculation=\"article-body-link\" rel=\"nofollow noopener\" target=\"_blank\">Le abrazo, tanto si me reconoce como si no<\/a>\u00ab, confes\u00f3 la primog\u00e9nita de Demi Moore, agradecida a\u00fan de que Bruce siga sintiendo el amor de los suyos y pueda corresponderlo a su manera.\u00a0<\/p>\n<p> <img src=\"https:\/\/www.europesays.com\/es\/wp-content\/uploads\/2025\/12\/ee0329622f18-bruce-willis.jpg\"   width=\"1024\" height=\"614\" loading=\"lazy\" decoding=\"async\" alt=\"bruce willis\" fetchpriority=\"auto\" class=\"image ho-image\"\/>\u00a9 @demimoore<\/p>\n<p id=\"eOBfblTCVU\" data-wc=\"145\">Estas fiestas ser\u00e1n muy distintas a las de otros a\u00f1os. El empeoramiento de la salud del int\u00e9rprete oblig\u00f3 a su familia a \u00ab<strong>elegir un nuevo hogar m\u00e1s adecuado y m\u00e1s seguro\u00bb,<\/strong> una decisi\u00f3n que su esposa, Emma Heming, explic\u00f3 en el especial Emma y Bruce Willis: El viaje inesperado, emitido por la cadena ABC. \u00abEs una de las decisiones m\u00e1s dif\u00edciles que he tenido que tomar hasta ahora\u00bb, le confes\u00f3 a Diane Sawyer. Consciente de las cr\u00edticas que llover\u00edan por <a class=\"hm-link ho-link\" href=\"https:\/\/www.hola.com\/actualidad\/20250901853143\/emma-heming-responde-a-las-criticas-tras-anunciar-el-traslado-de-bruce-willis-a-una-residencia-especializada\/\" data-mrf-recirculation=\"article-body-link\" rel=\"nofollow noopener\" target=\"_blank\">trasladar a su marido lejos a una residencia especializada<\/a>, la modelo y empresaria dio el paso pensando en el bienestar de todos, sobre todo del actor y especialmente de sus hijas, Mabel Ray y Evelyn Penn, de 13 y 11 a\u00f1os. \u00abSab\u00eda que Bruce habr\u00eda querido esto para nuestras hijas. Habr\u00eda querido que vivieran en un entorno que satisficiera sus necesidades, no las suyas\u00bb, subray\u00f3.<\/p>\n<p> <img src=\"https:\/\/www.europesays.com\/es\/wp-content\/uploads\/2025\/11\/7087ffe4acd2-emma-heming1-z.jpg\"   width=\"1024\" height=\"1024\" loading=\"lazy\" decoding=\"async\" alt=\"Bruce Willis y Emma Heming \" fetchpriority=\"auto\" class=\"image ho-image\"\/>\u00a9 emmahemingwillis<\/p>\n<p id=\"e4NFe2Aos_\" data-wc=\"63\">Desde hace meses, Willis reside en <strong>una vivienda independiente adaptada a sus nuevas necesidades,<\/strong> con un equipo m\u00e9dico que le ofrece atenci\u00f3n continua. Es un espacio tranquilo, apartado del hogar familiar, donde cri\u00f3 a sus hijas junto a Emma Heming, su compa\u00f1era de vida y con quien este 29 de diciembre ha celebrado el decimoctavo aniversario del inicio de su historia de amor.<\/p>\n<p> <img src=\"https:\/\/www.europesays.com\/es\/wp-content\/uploads\/2025\/12\/955a5980cae7-bruce-willis6-t.jpg\"   width=\"1024\" height=\"614\" loading=\"lazy\" decoding=\"async\" alt=\"bruce willis6\" fetchpriority=\"auto\" class=\"image ho-image\"\/>\u00a9 emmahemingwillis<\/p>\n<p id=\"eOtys9zBST\" data-wc=\"99\">El a\u00f1o pasado por estas fechas, Emma escribi\u00f3 una carta de lo m\u00e1s sincera que conmovi\u00f3 a todos sus seguidores. \u00ab<strong>L<\/strong><strong>os aniversarios sol\u00edan traer emoci\u00f3n&#8230;\u00a0<\/strong>ahora, si soy honesta, despiertan todos los sentimientos&#8230; dejando pesar en mi coraz\u00f3n y un agujero en mi est\u00f3mago\u00bb, se\u00f1al\u00f3. \u201cMe pregunto durante 30 minutos &#8216;por qu\u00e9 \u00e9l, por qu\u00e9 nosotros&#8217;,<a class=\"hm-link ho-link\" href=\"https:\/\/www.hola.com\/actualidad\/20241230738373\/emma-heming-conmovedora-carta-bruce-willis-17-aniversario-juntos-siento-ira-dolor\/\" data-mrf-recirculation=\"article-body-link\" rel=\"nofollow noopener\" target=\"_blank\">\u00a0siento rabia y dolor<\/a>. Entonces me lo quito de la mente y vuelvo a lo que es&#8230; el amor incondicional. Me siento bendecida por saberlo, y es gracias a \u00e9l. Lo har\u00eda todo una y otra vez con un solo latido de coraz\u00f3n\u201d.\u00a0<\/p>\n<p> <img src=\"https:\/\/www.europesays.com\/es\/wp-content\/uploads\/2025\/12\/4313ae965090-bruce-willis3-ig-z.jpg\"   width=\"1024\" height=\"672\" loading=\"lazy\" decoding=\"async\" alt=\"bruce willis3 ig\" fetchpriority=\"auto\" class=\"image ho-image\"\/>\u00a9 @emmahemingwillis<\/p>\n<p id=\"e_pY76VJx-\" data-wc=\"147\"><strong>La pareja se conoci\u00f3 en 2007 en el gimnasio,<\/strong> donde ambos entrenaban con el mismo preparador f\u00edsico. Emma recuerda que su primera impresi\u00f3n fue de asombro ante lo encantador, divertido y atractivo que le pareci\u00f3 Bruce. La chispa, sin embargo, surgi\u00f3 durante un viaje a las islas Turcas y Caicos, donde Willis pasaba unos d\u00edas con sus hijas, su exmujer Demi Moore y el entonces marido de esta, Ashton Kutcher. Dos a\u00f1os despu\u00e9s de enamorarse, la pareja regres\u00f3 a ese mismo para\u00edso para darse el \u00abs\u00ed, quiero\u00bb. Se casaron en marzo de 2009, en una ceremonia \u00edntima a la que tambi\u00e9n asistieron Demi, sus tres hijas mayores \u2014Rumer, Scout y Tallulah\u2014, y el propio Kutcher. D\u00edas m\u00e1s tarde, formalizaron su uni\u00f3n por lo civil en Beverly Hills. Diez a\u00f1os despu\u00e9s,<a class=\"hm-link ho-link\" href=\"https:\/\/www.hola.com\/actualidad\/20190322139381\/bruce-willis-vuelve-a-casarse\/\" data-mrf-recirculation=\"article-body-link\" rel=\"nofollow noopener\" target=\"_blank\">\u00a0volvieron al Caribe para renovar sus votos,<\/a> esta vez con las peque\u00f1as Mabel y Evelyn como testigos.<\/p>\n<p> <img src=\"https:\/\/www.europesays.com\/es\/wp-content\/uploads\/2025\/12\/f3657e788788-bruce-willis-fotos1-t.jpg\"   width=\"1024\" height=\"614\" loading=\"lazy\" decoding=\"async\" alt=\"bruce willis fotos1\" fetchpriority=\"auto\" class=\"image ho-image\"\/>\u00a9 emmahemingwillis<\/p>\n<p id=\"eK7xfT4f67\" data-wc=\"89\">En marzo pasado, <strong>la pareja celebr\u00f3 su 16\u00ba aniversario de boda<\/strong>, y Emma dedic\u00f3 un emotivo mensaje al protagonista de\u00a0La jungla de cristal:\u00a0\u201cHoy se cumplen 16 a\u00f1os con el amor de toda una vida. Hemos compartido altas monumentales y bajas devastadoras; a trav\u00e9s de todo, hemos construido algo atemporal. Estoy profundamente agradecida por cada cap\u00edtulo que he tenido con \u00e9l y por todos los que seguiremos escribiendo, en nuestro lenguaje de amor incondicional.\u201d Unas palabras que acompa\u00f1\u00f3 con una tierna fotograf\u00eda de ambos fundidos en un abrazo.<\/p>\n<p> <img src=\"https:\/\/www.europesays.com\/es\/wp-content\/uploads\/2025\/11\/1764167957_626_791a9e1d0f92-rm.jpg\"   width=\"821\" height=\"1024\" loading=\"lazy\" decoding=\"async\" alt=\"Rumer Willis y su doloroso mensaje para su padre, Bruce Willis, en un d\u00eda lleno de memorias\" fetchpriority=\"auto\" class=\"image ho-image\"\/>\u00a9 IG: @rumerwillis<\/p>\n<p id=\"e52Eg8KTb5\" data-wc=\"155\">Desde que en 2022 la familia anunciara su retirada de la vida p\u00fablica tras un diagn\u00f3stico inicial de afasia -al que sigui\u00f3 la confirmaci\u00f3n de una demencia frontotemporal m\u00e1s avanzada-, <strong>Emma no se ha separado de su lado.<\/strong> Tampoco lo han hecho <strong>sus hijas, su exmujer, Demi Moore<\/strong>, ni las tres hijas mayores fruto de ese matrimonio: Rumer, Scout y Tallulah. Ahora que el estado del actor requiere cuidados cada vez m\u00e1s constantes, el traslado a un centro especializado se ha convertido en una segunda casa para la familia. \u00a0Aun con las dificultades, asegura que todav\u00eda reconoce al hombre del que se enamor\u00f3. \u00abHay momentos en los que Bruce es el de antes, su risa&#8230; Tiene una risa tan sincera\u00bb, cont\u00f3 emocionada. \u00abA veces ese brillo en sus ojos o esa sonrisa me transporta. Es muy duro verlo, porque tan r\u00e1pido como estos momentos aparecen, se van. Pero estoy agradecida porque mi marido siga aqu\u00ed\u00bb.\u00a0<\/p>\n<p> <img src=\"https:\/\/www.europesays.com\/es\/wp-content\/uploads\/2025\/12\/07286edc9c77-bruce-willis-getty1-z.jpg\"   width=\"1024\" height=\"681\" loading=\"lazy\" decoding=\"async\" alt=\"bruce willis getty1\" fetchpriority=\"auto\" class=\"image ho-image\"\/>\u00a9 Getty Images<\/p>\n<p id=\"eTzSRvmNYV\" data-wc=\"134\">Heming ha sido su principal cuidadora, o mejor dicho,<a class=\"hm-link ho-link\" href=\"https:\/\/www.hola.com\/actualidad\/20230217226616\/bruce-willis-esposa-emma-heming-apoyo-enfermedad\/\" data-mrf-recirculation=\"article-body-link\" rel=\"nofollow noopener\" target=\"_blank\">\u00a0\u00abcompa\u00f1era de cuidado\u00bb<\/a>, como ella prefiere definirse. Durante estos meses, la modelo ha investigado sin descanso con el prop\u00f3sito de hacerle la vida m\u00e1s f\u00e1cil a su marido. Reconoce que <a class=\"hm-link ho-link\" href=\"https:\/\/www.hola.com\/actualidad\/20251126869630\/emma-heming-mujer-bruce-willis-no-viste-de-negro-delante-actor\/\" data-mrf-recirculation=\"article-body-link\" rel=\"nofollow noopener\" target=\"_blank\">sus rutinas y su manera de interactuar con \u00e9l han cambiado<\/a>, y ofrece algunos consejos sobre c\u00f3mo afrontar el d\u00eda a d\u00eda. \u00abNo nos colocamos frente a \u00e9l, sino preferiblemente sobre su hombro derecho o izquierdo. Usamos se\u00f1ales sencillas para comunicarnos, como levantar el pulgar\u00bb, explic\u00f3 acerca de esos peque\u00f1os gestos que, aunque puedan parecer triviales, resultan esenciales en su vida cotidiana. Tambi\u00e9n admite que incluso deben cuidar detalles tan simples como la elecci\u00f3n de la ropa. \u00abMe dijeron: nada de camisetas negras. Para alguien con demencia, puede parecer una cabeza flotando\u00bb, cont\u00f3 con franqueza.<\/p>\n<p> <img src=\"https:\/\/www.europesays.com\/es\/wp-content\/uploads\/2025\/11\/efcd76e4a2af-emma-heming2.jpg\"   width=\"819\" height=\"1024\" loading=\"lazy\" decoding=\"async\" alt=\"&quot;No necesito que Bruce sepa que soy su esposa, solo quiero sentir que tengo conexi\u00f3n con \u00e9l. Y la tengo&quot;, asegura Emma\" fetchpriority=\"auto\" class=\"image ho-image\"\/>\u00a9 emmahemingwillis<\/p>\n<p id=\"eqdDDoOjME\" data-wc=\"105\">Esa dedicaci\u00f3n constante y el deseo de ayudar a otros llevaron a Heming \u00a0a compartir su experiencia en el libro El viaje inesperado, una gu\u00eda creada para acompa\u00f1ar a quienes atraviesan situaciones similares. No existe tratamiento ni cura para la demencia frontotemporal, y el proceso suele recaer emocional y f\u00edsicamente sobre los familiares. En sus p\u00e1ginas, la mujer de Bruce comparte entrevistas con expertos, consejos pr\u00e1cticos y reflexiones sinceras sobre la carga y el amor inquebrantable que supone cuidar de alguien que lucha contra esta enfermedad. \u00a0 En las \u00faltimas semanas, su familia ha compartido que <a class=\"hm-link ho-link\" href=\"https:\/\/www.hola.com\/actualidad\/20251126869762\/familia-de-bruce-willis-donara-su-cerebro-a-la-ciencia\/\" data-mrf-recirculation=\"article-body-link\" rel=\"nofollow noopener\" target=\"_blank\">tienen la intenci\u00f3n de donar su cerebro a la ciencia<\/a>.<\/p>\n<p> <img src=\"https:\/\/www.europesays.com\/es\/wp-content\/uploads\/2025\/12\/9731ad35865e-emma-heming-willis-y-bruce-willis.jpg\"   width=\"1024\" height=\"1024\" loading=\"lazy\" decoding=\"async\" alt=\"emma heming willis y bruce willis\" fetchpriority=\"auto\" class=\"image ho-image\"\/>\u00a9 @emmahemingwillis<\/p>\n<p id=\"ek7tpLdyRA\" data-wc=\"59\">A d\u00eda de hoy, mientras Bruce contin\u00faa librando su batalla con serenidad, su familia sigue encontrando luz en los peque\u00f1os gestos: una mirada, una sonrisa, una caricia. Para Emma, cada instante compartido, por breve que sea, es un recordatorio de lo que realmente importa: <strong>un amor incondicional\u00a0<\/strong>que perdura incluso <strong>cuando el silencio ocupa el lugar de las palabras<\/strong>.<\/p>\n","protected":false},"excerpt":{"rendered":"No son unas Navidades f\u00e1ciles para\u00a0Bruce Willis y su familia. La demencia frontotemporal que padece el actor contin\u00faa&hellip;\n","protected":false},"author":2,"featured_media":313923,"comment_status":"","ping_status":"","sticky":false,"template":"","format":"standard","meta":{"footnotes":""},"categories":[174],"tags":[517,4489,255,4488,146,147,25,24,256,23],"class_list":{"0":"post-313922","1":"post","2":"type-post","3":"status-publish","4":"format-standard","5":"has-post-thumbnail","7":"category-famosos","8":"tag-actualidad","9":"tag-bruce-willis","10":"tag-celebrities","11":"tag-emma-heming","12":"tag-entertainment","13":"tag-entretenimiento","14":"tag-es","15":"tag-espana","16":"tag-famosos","17":"tag-spain"},"share_on_mastodon":{"url":"https:\/\/pubeurope.com\/@es\/115808844224928408","error":""},"_links":{"self":[{"href":"https:\/\/www.europesays.com\/es\/wp-json\/wp\/v2\/posts\/313922","targetHints":{"allow":["GET"]}}],"collection":[{"href":"https:\/\/www.europesays.com\/es\/wp-json\/wp\/v2\/posts"}],"about":[{"href":"https:\/\/www.europesays.com\/es\/wp-json\/wp\/v2\/types\/post"}],"author":[{"embeddable":true,"href":"https:\/\/www.europesays.com\/es\/wp-json\/wp\/v2\/users\/2"}],"replies":[{"embeddable":true,"href":"https:\/\/www.europesays.com\/es\/wp-json\/wp\/v2\/comments?post=313922"}],"version-history":[{"count":0,"href":"https:\/\/www.europesays.com\/es\/wp-json\/wp\/v2\/posts\/313922\/revisions"}],"wp:featuredmedia":[{"embeddable":true,"href":"https:\/\/www.europesays.com\/es\/wp-json\/wp\/v2\/media\/313923"}],"wp:attachment":[{"href":"https:\/\/www.europesays.com\/es\/wp-json\/wp\/v2\/media?parent=313922"}],"wp:term":[{"taxonomy":"category","embeddable":true,"href":"https:\/\/www.europesays.com\/es\/wp-json\/wp\/v2\/categories?post=313922"},{"taxonomy":"post_tag","embeddable":true,"href":"https:\/\/www.europesays.com\/es\/wp-json\/wp\/v2\/tags?post=313922"}],"curies":[{"name":"wp","href":"https:\/\/api.w.org\/{rel}","templated":true}]}}