{"id":313928,"date":"2025-12-30T13:55:12","date_gmt":"2025-12-30T13:55:12","guid":{"rendered":"https:\/\/www.europesays.com\/es\/313928\/"},"modified":"2025-12-30T13:55:12","modified_gmt":"2025-12-30T13:55:12","slug":"el-joven-anton-garcia-natural-de-o-barco-de-valdeorras-presenta-su-film-saude","status":"publish","type":"post","link":"https:\/\/www.europesays.com\/es\/313928\/","title":{"rendered":"El joven Ant\u00f3n Garc\u00eda, natural de O Barco de Valdeorras, presenta su film \u201cSa\u00fade\u201d"},"content":{"rendered":"<p class=\"paragraph-atom &#10;        B-500-500-700-N B-600-500-700-N--md  \">El <strong>Teatro Lauro Olmo de <\/strong><a href=\"https:\/\/www.laregion.es\/temas\/o-barco-de-valdeorras\/\" rel=\"nofollow noopener\" target=\"_blank\"><strong>O Barco de Valdeorras<\/strong><\/a> acoge este martes, <strong>30 de diciembre, a las 19,00 horas<\/strong>, la <strong>proyecci\u00f3n del documental \u201cSa\u00fade\u201d<\/strong>, el <strong>primer trabajo ajeno a la ficci\u00f3n<\/strong> del estudiante de <strong>Direcci\u00f3n de Cine<\/strong> en el madrile\u00f1o <strong>Instituto del Cine<\/strong>, <strong>Ant\u00f3n Garc\u00eda Gon\u00e7alves (O Barco, 2007)<\/strong>.<\/p>\n<p class=\"paragraph-atom &#10;        B-500-500-700-N B-600-500-700-N--md  \">Lo que iba a ser un trabajo acerca del <strong>Hospital P\u00fablico Valdeorras<\/strong> acab\u00f3 abarcando \u201c<strong>m\u00e1s aspectos de la sanidad p\u00fablica gallega<\/strong>\u201d, seg\u00fan explic\u00f3 el joven <strong>director barquense<\/strong>, quien lleg\u00f3 a desplazarse a <strong>Estados Unidos<\/strong> para comparar su <strong>realidad sanitaria<\/strong> con la gallega. Para realizar su trabajo cont\u00f3 con el apoyo de dos <strong>valdeorreses<\/strong>, buenos conocedores de la <strong>creaci\u00f3n y el audiovisual<\/strong>, <strong>Cristina de la Torre<\/strong> y <strong>Agust\u00edn \u201cGuti\u201d Gonz\u00e1lez<\/strong>.<\/p>\n<p class=\"paragraph-atom &#10;        B-500-500-700-N B-600-500-700-N--md  \">A la hora de realizar el <strong>documental<\/strong>, en cuya elaboraci\u00f3n emple\u00f3 <strong>un a\u00f1o y tres meses, aproximadamente<\/strong>, <strong>Ant\u00f3n Garc\u00eda<\/strong> solicit\u00f3 opiniones en todos aquellos \u00e1mbitos que pueden tener alguna relaci\u00f3n con la <strong>cuesti\u00f3n sanitaria<\/strong>. <strong>Pol\u00edticos, sindicalistas, personal sanitario e incluso pacientes<\/strong>, tanto de la comarca como de fuera de ella, fueron consultados. Sin embargo, sus preguntas no siempre obtuvieron respuesta. Es el caso de los <strong>responsables de la sanidad provincial<\/strong>, que contestaron con su <strong>silencio<\/strong>.<\/p>\n<p>        Tres partes<\/p>\n<p class=\"paragraph-atom &#10;        B-500-500-700-N B-600-500-700-N--md  \">El <strong>documental<\/strong>, de <strong>45 minutos de duraci\u00f3n<\/strong>, fue dividido en <strong>tres partes<\/strong>: una primera en la que realiza un repaso de la <strong>historia de la sanidad gallega<\/strong>, seguida de otra, ya centrada en la <strong>privatizaci\u00f3n de la sanidad<\/strong>, para finalizar con su visi\u00f3n de una <strong>enfermedad bien conocida en la comarca<\/strong>, la <strong>silicosis<\/strong>. Intercalada entre ellas aparece una <strong>historia de ficci\u00f3n<\/strong> en la que intervienen <strong>actores aficionados<\/strong> y que narra las <strong>peripecias de una persona a la que le rechazan sus citas con el m\u00e9dico<\/strong>.<\/p>\n<p class=\"paragraph-atom &#10;        B-500-500-700-N B-600-500-700-N--md  \">A modo de conclusi\u00f3n acerca del <strong>estado de la sanidad<\/strong> y en base a las <strong>respuestas obtenidas<\/strong> al grabar el <strong>documental<\/strong>, <strong>Ant\u00f3n Garc\u00eda<\/strong> coment\u00f3 que en el <strong>plano sanitario<\/strong> \u201c<strong>estamos muy mal<\/strong>\u201d, por lo que considera necesario un <strong>cambio de la manera de gestionar la sanidad<\/strong>. \u201c<strong>Todos tenemos que estar unidos porque interesa a todo el mundo<\/strong>\u201d, a\u00f1adi\u00f3. Finaliz\u00f3 apuntando que, si no hay un cambio, \u201c<strong>hospitales peque\u00f1os de Galicia y Espa\u00f1a quedar\u00e1n reducidos a ambulatorios<\/strong>\u201d.<\/p>\n<p>\n        Relacionado\n    <\/p>\n<p>\n        Relacionado\n    <\/p>\n","protected":false},"excerpt":{"rendered":"El Teatro Lauro Olmo de O Barco de Valdeorras acoge este martes, 30 de diciembre, a las 19,00&hellip;\n","protected":false},"author":2,"featured_media":313929,"comment_status":"","ping_status":"","sticky":false,"template":"","format":"standard","meta":{"footnotes":""},"categories":[169],"tags":[23458,5049,177,146,147,25,24,176,3142,1928,175,7204,23],"class_list":{"0":"post-313928","1":"post","2":"type-post","3":"status-publish","4":"format-standard","5":"has-post-thumbnail","7":"category-cine","8":"tag-anton","9":"tag-barco","10":"tag-cine","11":"tag-entertainment","12":"tag-entretenimiento","13":"tag-es","14":"tag-espana","15":"tag-film","16":"tag-garcia","17":"tag-joven","18":"tag-movies","19":"tag-natural","20":"tag-spain"},"share_on_mastodon":{"url":"https:\/\/pubeurope.com\/@es\/115808863780062977","error":""},"_links":{"self":[{"href":"https:\/\/www.europesays.com\/es\/wp-json\/wp\/v2\/posts\/313928","targetHints":{"allow":["GET"]}}],"collection":[{"href":"https:\/\/www.europesays.com\/es\/wp-json\/wp\/v2\/posts"}],"about":[{"href":"https:\/\/www.europesays.com\/es\/wp-json\/wp\/v2\/types\/post"}],"author":[{"embeddable":true,"href":"https:\/\/www.europesays.com\/es\/wp-json\/wp\/v2\/users\/2"}],"replies":[{"embeddable":true,"href":"https:\/\/www.europesays.com\/es\/wp-json\/wp\/v2\/comments?post=313928"}],"version-history":[{"count":0,"href":"https:\/\/www.europesays.com\/es\/wp-json\/wp\/v2\/posts\/313928\/revisions"}],"wp:featuredmedia":[{"embeddable":true,"href":"https:\/\/www.europesays.com\/es\/wp-json\/wp\/v2\/media\/313929"}],"wp:attachment":[{"href":"https:\/\/www.europesays.com\/es\/wp-json\/wp\/v2\/media?parent=313928"}],"wp:term":[{"taxonomy":"category","embeddable":true,"href":"https:\/\/www.europesays.com\/es\/wp-json\/wp\/v2\/categories?post=313928"},{"taxonomy":"post_tag","embeddable":true,"href":"https:\/\/www.europesays.com\/es\/wp-json\/wp\/v2\/tags?post=313928"}],"curies":[{"name":"wp","href":"https:\/\/api.w.org\/{rel}","templated":true}]}}