{"id":313938,"date":"2025-12-30T14:00:19","date_gmt":"2025-12-30T14:00:19","guid":{"rendered":"https:\/\/www.europesays.com\/es\/313938\/"},"modified":"2025-12-30T14:00:19","modified_gmt":"2025-12-30T14:00:19","slug":"trump-dice-que-ya-tiene-un-favorito-para-presidir-la-fed-y-evalua-despedir-a-powell","status":"publish","type":"post","link":"https:\/\/www.europesays.com\/es\/313938\/","title":{"rendered":"Trump dice que ya tiene un favorito para presidir la Fed y eval\u00faa despedir a Powell"},"content":{"rendered":"<p>    <img fetchpriority=\"high\" decoding=\"async\" src=\"data:image\/gif;base64,R0lGODlhAQABAIAAAAAAAP\/\/\/ywAAAAAAQABAAACAUwAOw==\" alt=\"Foto: Al Drago\/Bloomberg\" loading=\"eager\" height=\"642\" width=\"960\" class=\"yf-lglytj loader\"\/> Foto: Al Drago\/Bloomberg      <\/p>\n<p class=\"yf-7hmkaz\">(Bloomberg) &#8212; El presidente Donald Trump dej\u00f3 entrever que ya tiene un candidato preferido para el pr\u00f3ximo presidente de la Reserva Federal, aunque no tiene apuro por hacer el anuncio. Tambi\u00e9n volvi\u00f3 a sugerir que podr\u00eda despedir al actual titular, Jerome Powell.<\/p>\n<p class=\"yf-7hmkaz\">\u201cS\u00ed, lo tengo, todav\u00eda lo tengo, no cambi\u00f3\u201d, dijo Trump en una conferencia de prensa el lunes, al ser consultado sobre si ten\u00eda un candidato favorito. \u201cLo anunciar\u00e9 en el momento adecuado. Hay mucho tiempo\u201d.<\/p>\n<p class=\"yf-7hmkaz\">Lo m\u00e1s le\u00eddo de Bloomberg<\/p>\n<p class=\"yf-7hmkaz\">Trump agreg\u00f3 que Powell \u201cdeber\u00eda renunciar\u201d y que a \u00e9l \u201cle encantar\u00eda despedirlo\u201d. El presidente estuvo cerca de intentar la destituci\u00f3n de Powell en julio, pero dio marcha atr\u00e1s tras una reacci\u00f3n negativa de los mercados financieros.<\/p>\n<p class=\"yf-7hmkaz\">\u201cTal vez todav\u00eda lo haga\u201d, dijo Trump a los periodistas en su complejo de Mar-a-Lago, en Florida.<\/p>\n<p>    <img decoding=\"async\" src=\"data:image\/gif;base64,R0lGODlhAQABAIAAAAAAAP\/\/\/ywAAAAAAQABAAACAUwAOw==\" alt=\"VIDEO: Donald Trump dice que todav\u00eda quiere despedir a Jerome Powell, a quien llama un \u201chombre incompetente\u201d.Fuente: Bloomberg\" loading=\"lazy\" height=\"534\" width=\"950\" class=\"yf-lglytj loader\"\/> VIDEO: Donald Trump dice que todav\u00eda quiere despedir a Jerome Powell, a quien llama un \u201chombre incompetente\u201d.Fuente: Bloomberg      <\/p>\n<p class=\"yf-7hmkaz\">Trump no precis\u00f3 qui\u00e9n es su principal candidato para presidir la Fed y se\u00f1al\u00f3 que el anuncio se har\u00e1 \u201cen alg\u00fan momento de enero\u201d.<\/p>\n<p class=\"yf-7hmkaz\">El director del Consejo Econ\u00f3mico Nacional, Kevin Hassett, ha sido visto como el principal favorito, aunque Trump tambi\u00e9n expres\u00f3 inter\u00e9s en el exgobernador de la Fed Kevin Warsh. Otros potenciales finalistas son los actuales gobernadores de la Fed Christopher Waller y Michelle Bowman, as\u00ed como a Rick Rieder, de la gestora de activos BlackRock.<\/p>\n<p class=\"yf-7hmkaz\">Trump ha hecho numerosos comentarios cr\u00edpticos \u2014y en ocasiones contradictorios\u2014 sobre su proceso de decisi\u00f3n respecto del nuevo jefe del banco central. A comienzos de diciembre, el presidente dijo que hab\u00eda reducido la lista de candidatos a uno solo, pero luego afirm\u00f3 que evaluaba a varios postulantes y elogi\u00f3 a distintos nombres que integran la lista corta.<\/p>\n<p class=\"yf-7hmkaz\">Desde hace tiempo, Trump es un cr\u00edtico de Powell, a quien \u00e9l mismo eligi\u00f3 para liderar la Fed durante su primer mandato. El presidente ha dado a entender que quiere que el pr\u00f3ximo titular del banco central impulse recortes de tasas de inter\u00e9s m\u00e1s agresivos para reducir los costos hipotecarios.<\/p>\n<p class=\"yf-7hmkaz\">La Fed redujo las tasas de inter\u00e9s en cada una de sus \u00faltimas tres reuniones, pero sus funcionarios se\u00f1alaron en diciembre que probablemente solo recorten las tasas una vez en 2026.<\/p>\n<p class=\"yf-7hmkaz\">Trump dijo el lunes que estaba considerando una demanda por \u201cgrave incompetencia\u201d contra Powell en relaci\u00f3n con un proyecto de remodelaci\u00f3n de las oficinas de la Fed. El mandato de Powell finaliza en mayo de 2026, aunque su per\u00edodo como miembro del Directorio de Gobernadores sigue hasta 2028.<\/p>\n","protected":false},"excerpt":{"rendered":"Foto: Al Drago\/Bloomberg (Bloomberg) &#8212; El presidente Donald Trump dej\u00f3 entrever que ya tiene un candidato preferido para&hellip;\n","protected":false},"author":2,"featured_media":313939,"comment_status":"","ping_status":"","sticky":false,"template":"","format":"standard","meta":{"footnotes":""},"categories":[80],"tags":[14278,82,23050,352,95,94,25,24,939,1845,23,26454],"class_list":{"0":"post-313938","1":"post","2":"type-post","3":"status-publish","4":"format-standard","5":"has-post-thumbnail","7":"category-economia","8":"tag-bloomberg","9":"tag-business","10":"tag-conferencia-de-prensa","11":"tag-donald-trump","12":"tag-economia","13":"tag-economy","14":"tag-es","15":"tag-espana","16":"tag-fed","17":"tag-jerome-powell","18":"tag-spain","19":"tag-tasas-de-interes"},"share_on_mastodon":{"url":"https:\/\/pubeurope.com\/@es\/115808883856624257","error":""},"_links":{"self":[{"href":"https:\/\/www.europesays.com\/es\/wp-json\/wp\/v2\/posts\/313938","targetHints":{"allow":["GET"]}}],"collection":[{"href":"https:\/\/www.europesays.com\/es\/wp-json\/wp\/v2\/posts"}],"about":[{"href":"https:\/\/www.europesays.com\/es\/wp-json\/wp\/v2\/types\/post"}],"author":[{"embeddable":true,"href":"https:\/\/www.europesays.com\/es\/wp-json\/wp\/v2\/users\/2"}],"replies":[{"embeddable":true,"href":"https:\/\/www.europesays.com\/es\/wp-json\/wp\/v2\/comments?post=313938"}],"version-history":[{"count":0,"href":"https:\/\/www.europesays.com\/es\/wp-json\/wp\/v2\/posts\/313938\/revisions"}],"wp:featuredmedia":[{"embeddable":true,"href":"https:\/\/www.europesays.com\/es\/wp-json\/wp\/v2\/media\/313939"}],"wp:attachment":[{"href":"https:\/\/www.europesays.com\/es\/wp-json\/wp\/v2\/media?parent=313938"}],"wp:term":[{"taxonomy":"category","embeddable":true,"href":"https:\/\/www.europesays.com\/es\/wp-json\/wp\/v2\/categories?post=313938"},{"taxonomy":"post_tag","embeddable":true,"href":"https:\/\/www.europesays.com\/es\/wp-json\/wp\/v2\/tags?post=313938"}],"curies":[{"name":"wp","href":"https:\/\/api.w.org\/{rel}","templated":true}]}}