{"id":313940,"date":"2025-12-30T14:01:09","date_gmt":"2025-12-30T14:01:09","guid":{"rendered":"https:\/\/www.europesays.com\/es\/313940\/"},"modified":"2025-12-30T14:01:09","modified_gmt":"2025-12-30T14:01:09","slug":"las-mejores-fotos-de-vida-salvaje-de-2025","status":"publish","type":"post","link":"https:\/\/www.europesays.com\/es\/313940\/","title":{"rendered":"Las mejores fotos de vida salvaje de 2025"},"content":{"rendered":"<p>En lo profundo del Parque Estatal Rio Doce, en la remota selva atl\u00e1ntica de Brasil, el fot\u00f3grafo <a href=\"https:\/\/www.fernandofaciole.com\/\" rel=\"nofollow noopener\" target=\"_blank\">Fernando Faciole<\/a> instal\u00f3 dos c\u00e1maras trampa y luego regresaba cada 45 d\u00edas para <strong>cambiar las bater\u00edas y revisar las tarjetas de memoria<\/strong>.<\/p>\n<p>Su paciencia, y su disposici\u00f3n a lidiar con las numerosas picaduras de las garrapatas del bosque, dieron sus frutos. Se cree que <strong>menos de<\/strong><strong>una docena de jaguares habitan la zona tras d\u00e9cadas de deforestaci\u00f3n<\/strong>. Faciole habr\u00eda tenido suerte si hubiera conseguido alguna foto de ellos, y mucho m\u00e1s una con una pose tan impresionante.<\/p>\n<p>&#13;<img decoding=\"async\" src=\"https:\/\/www.europesays.com\/es\/wp-content\/uploads\/2025\/12\/un-orangutan-de-tapanuli_f9cf2b5e_48_251222133857_800x800.webp.webp\" alt=\"Un orangut\u00e1n de Tapanuli\" class=\"image lazyload\"\/><\/p>\n<p>\u00abEra la posici\u00f3n perfecta, con el jaguar mirando a la c\u00e1mara, la cola, el encuadre\u00bb, dice. \u00abFue muy especial para m\u00ed\u00bb. El retrato del jaguar de Faciole es solo una de las mejores fotos de vida silvestre de 2025, <a href=\"https:\/\/www.nationalgeographic.com\/animals\/article\/here-are-the-best-wildlife-photos-of-2025\" rel=\"nofollow noopener\" target=\"_blank\">seleccionadas por el equipo de fotograf\u00eda de National Geographic.<\/a> En conjunto, nos transportan a entornos \u00fanicos en todo el mundo y<strong> nos ofrecen una visi\u00f3n poco habitual de criaturas<\/strong> tanto familiares como extra\u00f1as.<\/p>\n<p>Un castor royendo un \u00e1rbol, capturado por <a href=\"https:\/\/www.ronandonovan.com\/\" rel=\"nofollow noopener\" target=\"_blank\">Ronan Donovan<\/a>, miembro de National Geographic Storytelling Fellow, <strong>representa el superpoder poco apreciado de estas criaturas<\/strong> para proteger grandes extensiones de tierra contra los incendios y <a href=\"https:\/\/www.nationalgeographic.com\/animals\/article\/beaver-dams-wildfires-climate-change\" rel=\"nofollow noopener\" target=\"_blank\">proteger los ecosistemas de las consecuencias del cambio clim\u00e1tico<\/a>. Otros fot\u00f3grafos capturan momentos \u00fanicos, como<strong> el movimiento de una <a href=\"https:\/\/www.nationalgeographic.com\/animals\/article\/meerkats-alpha-female-matriarch\" rel=\"nofollow noopener\" target=\"_blank\">suricata<\/a> en una foto de Thomas Peschack<\/strong>, o una mantis gigante japonesa atacando a un lagarto en una foto de <a href=\"https:\/\/www.instagram.com\/c_s_b.t.13\/\" rel=\"nofollow noopener\" target=\"_blank\">Takura Ishiguro<\/a>.<\/p>\n<p>Estas fotos tambi\u00e9n pueden ser importantes para la ciencia. Los investigadores descubrieron que <strong>los peces interact\u00faan con las an\u00e9monas de formas sorprendentes<\/strong>, <a href=\"https:\/\/www.nationalgeographic.com\/animals\/article\/young-fish-carrying-stinging-critters\" rel=\"nofollow noopener\" target=\"_blank\">como utilizarlas como escudos<\/a>, en las im\u00e1genes de la fot\u00f3grafa submarina <a href=\"https:\/\/lindaiphotography.com\/\" rel=\"nofollow noopener\" target=\"_blank\">Linda Ianniello<\/a>.<\/p>\n<p>Para los fot\u00f3grafos, el momento de capturar una escena impresionante en la naturaleza es<strong> tan poderoso como cualquier momento eureka en la ciencia<\/strong>. Despu\u00e9s de que el fot\u00f3grafo <a href=\"https:\/\/www.galitz.com\/\" rel=\"nofollow noopener\" target=\"_blank\">Roie Galitz<\/a> se enterara de que hab\u00eda un cad\u00e1ver de cachalote a la deriva al norte del c\u00edrculo polar \u00e1rtico, redirigi\u00f3 un barco rompehielos al lugar y<strong> vol\u00f3 un dron para obtener unas impresionantes im\u00e1genes a\u00e9reas<\/strong> de la <a href=\"https:\/\/www.nationalgeographic.com\/photography\/article\/polar-bear-sperm-whale-ice-arctic\" rel=\"nofollow noopener\" target=\"_blank\">ballena y los osos polares<\/a>.<\/p>\n<p>\u00abMientras volaba el dron, gritaba y maldec\u00eda, <strong>simplemente porque como fot\u00f3grafo te emocionas mucho<\/strong>\u00bb, dice Galitz riendo. \u00abEl d\u00eda que deje de emocionarme ser\u00e1 el d\u00eda en que deje de hacer fotos\u00bb.<\/p>\n<p><script async src=\"\/\/www.instagram.com\/embed.js\"><\/script><\/p>\n","protected":false},"excerpt":{"rendered":"En lo profundo del Parque Estatal Rio Doce, en la remota selva atl\u00e1ntica de Brasil, el fot\u00f3grafo Fernando&hellip;\n","protected":false},"author":2,"featured_media":313941,"comment_status":"","ping_status":"","sticky":false,"template":"","format":"standard","meta":{"footnotes":""},"categories":[42],"tags":[17,18,119,13,14,1408,11,448,61,62,63,64,19,20,1407,1409,9,10,15,16,12,21,22,226,65,66,67],"class_list":{"0":"post-313940","1":"post","2":"type-post","3":"status-publish","4":"format-standard","5":"has-post-thumbnail","7":"category-internacional","8":"tag-breaking-news","9":"tag-breakingnews","10":"tag-ciencia","11":"tag-featured-news","12":"tag-featurednews","13":"tag-geographic","14":"tag-headlines","15":"tag-historia","16":"tag-internacional","17":"tag-international","18":"tag-international-news","19":"tag-internationalnews","20":"tag-latest-news","21":"tag-latestnews","22":"tag-national","23":"tag-naturaleza","24":"tag-news","25":"tag-noticias","26":"tag-noticias-destacadas","27":"tag-noticiasdestacadas","28":"tag-titulares","29":"tag-ultimas-noticias","30":"tag-ultimasnoticias","31":"tag-viajes","32":"tag-world","33":"tag-world-news","34":"tag-worldnews"},"share_on_mastodon":{"url":"https:\/\/pubeurope.com\/@es\/115808887320676238","error":""},"_links":{"self":[{"href":"https:\/\/www.europesays.com\/es\/wp-json\/wp\/v2\/posts\/313940","targetHints":{"allow":["GET"]}}],"collection":[{"href":"https:\/\/www.europesays.com\/es\/wp-json\/wp\/v2\/posts"}],"about":[{"href":"https:\/\/www.europesays.com\/es\/wp-json\/wp\/v2\/types\/post"}],"author":[{"embeddable":true,"href":"https:\/\/www.europesays.com\/es\/wp-json\/wp\/v2\/users\/2"}],"replies":[{"embeddable":true,"href":"https:\/\/www.europesays.com\/es\/wp-json\/wp\/v2\/comments?post=313940"}],"version-history":[{"count":0,"href":"https:\/\/www.europesays.com\/es\/wp-json\/wp\/v2\/posts\/313940\/revisions"}],"wp:featuredmedia":[{"embeddable":true,"href":"https:\/\/www.europesays.com\/es\/wp-json\/wp\/v2\/media\/313941"}],"wp:attachment":[{"href":"https:\/\/www.europesays.com\/es\/wp-json\/wp\/v2\/media?parent=313940"}],"wp:term":[{"taxonomy":"category","embeddable":true,"href":"https:\/\/www.europesays.com\/es\/wp-json\/wp\/v2\/categories?post=313940"},{"taxonomy":"post_tag","embeddable":true,"href":"https:\/\/www.europesays.com\/es\/wp-json\/wp\/v2\/tags?post=313940"}],"curies":[{"name":"wp","href":"https:\/\/api.w.org\/{rel}","templated":true}]}}