{"id":313944,"date":"2025-12-30T14:03:28","date_gmt":"2025-12-30T14:03:28","guid":{"rendered":"https:\/\/www.europesays.com\/es\/313944\/"},"modified":"2025-12-30T14:03:28","modified_gmt":"2025-12-30T14:03:28","slug":"se-organizan-excursiones-que-no-deberian","status":"publish","type":"post","link":"https:\/\/www.europesays.com\/es\/313944\/","title":{"rendered":"\u00abSe organizan excursiones que no deber\u00edan\u00bb"},"content":{"rendered":"<p style=\"\">Bien es sabido que en la zona mar\u00edtima que linda la ciudad de Labuan Bajo, <strong>epicentro de los clubes de buceo<\/strong> de la <a href=\"https:\/\/www.abc.es\/ciencia\/metro-altura-llego-hobbit-isla-flores-pequeno-20240806133323-nt.html\" target=\"_self\" data-voc-vtm-id=\"in-text-traffic\" title=\"isla de Flores\" data-mrf-link=\"www.abc.es\" rel=\"nofollow noopener\">isla de Flores<\/a>, y el Parque Nacional de Komodo, suelen empeorar las condiciones del mar durante estas fechas tan se\u00f1aladas.  &#8230; Pero claro, con miles de turistas llegados desde buena parte del mundo aprovechando las vacaciones navide\u00f1as, donde normalmente se busca, adem\u00e1s de asueto, horas de sol y mar, es complicado que los <strong>peque\u00f1os empresarios locales<\/strong>, en general armadores, los cuales dan trabajo a buena parte de la poblaci\u00f3n local e incluso a numerosos instructores de buceo venidos desde Occidente, amarren sus barcos cuando las peticiones para bucear y convertir un d\u00eda cualquiera en una maravillosa excursi\u00f3n son enormes.<\/p>\n<p class=\"voc-p\" style=\"\">Movi\u00e9ndose cientos de d\u00f3lares por operaci\u00f3n, con turistas deseosos de fotografiar a los <a href=\"https:\/\/www.abc.es\/natural-biodiversidad\/20141112\/abci-dragon-komodo-201411121053.html\" target=\"_self\" data-voc-vtm-id=\"in-text-traffic\" title=\"dragones de Komodo\" data-mrf-link=\"www.abc.es\" rel=\"nofollow noopener\">dragones de Komodo<\/a> mientras se hacen fotos sobre las arenas rosadas de Pink Beach, las autoridades locales prefieren hacer la vista gorda. Ha sido casi siempre as\u00ed y as\u00ed iba a seguir siendo hasta que este pasado viernes la <a href=\"https:\/\/www.abc.es\/sociedad\/klm-putri-sakinah-barco-ensueno-termino-trampa-20251228141410-nt.html\" target=\"_self\" data-voc-vtm-id=\"in-text-traffic\" title=\"embarcaci\u00f3n Putri Sakinah\" data-mrf-link=\"www.abc.es\" rel=\"nofollow noopener\">embarcaci\u00f3n Putri Sakinah<\/a> fue partida por la mitad y <strong>engullida por las olas<\/strong> tras haberse quedado varada y <strong>sin respuesta del motor<\/strong> en una noche que ya hab\u00eda ca\u00eddo y que entreg\u00f3 al mar a un padre y a tres ni\u00f1os, en el peor cuento de Navidad de la historia. <\/p>\n<p class=\"voc-p\" style=\"\">\u00abLa ciudad de Labuan Bajo no s\u00f3lo est\u00e1 triste por lo que le ha ocurrido a esta familia espa\u00f1ola, sino preocupada por la cantidad de <strong>d\u00edas que podr\u00edan estar sin ganar dinero<\/strong> trabajando en el mar\u00bb, me coment\u00f3 un lugare\u00f1o que prefiri\u00f3 mantener su nombre en secreto.<\/p>\n<p class=\"voc-p\" style=\"\"> \u00abEst\u00e1 claro que muchas veces se organizan excursiones que no deber\u00edan haberse iniciado por las malas condiciones climatol\u00f3gicas. Pero la necesidad de pan y la confianza de tantos viajes pasados sin m\u00e1cula hacen estragos\u00bb, culmin\u00f3 la misma persona.<\/p>\n<p class=\"voc-p\" style=\"\">Lo que debe quedar claro es que <strong>sin investigaci\u00f3n policial<\/strong>, la cual a\u00fan no se ha iniciado, no se podr\u00e1 saber si los empresarios de barcos de recreo de Labuan Bajo se confiaron m\u00e1s de la cuenta, o si las condiciones meteorol\u00f3gicas ya advert\u00edan del posible problema, o si esa embarcaci\u00f3n ten\u00eda todos los permisos al d\u00eda, o si directamente las autoridades portuarias, que al d\u00eda siguiente del estropicio anularon cualquier incursi\u00f3n al mar de cualquier barco hasta el pr\u00f3ximo 2 de enero, hicieron la vista gorda como tantas veces pensando que en el monte todo era or\u00e9gano.<\/p>\n<p>\nNi\u00f1a hallada sin vida\n<\/p>\n<p class=\"voc-p\" style=\"\">Que hoy haya sido encontrada sin vida una de las menores desaparecidas coloca a los agentes policiales en la casilla de salida de la investigaci\u00f3n. Ya no hay tiempo que perder, porque a\u00fan existen tres desaparecidos espa\u00f1oles \u2013dos de ellas ni\u00f1os\u2013 a los que todav\u00eda se les busca cuando es necesario depurar responsabilidades en un caso que vuelve a eclipsar la tormentosa relaci\u00f3n del turismo indonesio con la calidad y, sobre todo, la seguridad.<\/p>\n<p class=\"voc-title\">\u00abNo volveremos a Espa\u00f1a sin los cuatro, todos juntos\u00bb, explicaba la familia en un comunicado, confiando en encontrar los cuerpos<\/p>\n<p class=\"voc-p\" style=\"\">No es f\u00e1cil que las autoridades indonesias profundicen en este tipo de casos. Hace s\u00f3lo cuatro meses, la turista espa\u00f1ola <a href=\"https:\/\/www.abc.es\/sociedad\/mati-munoz-murio-hotel-dia-perdio-rastro-20250831134541-nt.html\" target=\"_self\" data-voc-vtm-id=\"in-text-traffic\" title=\"Mati Mu\u00f1oz\" data-mrf-link=\"www.abc.es\" rel=\"nofollow noopener\">Mati Mu\u00f1oz<\/a> fue dada por desaparecida \u2013ahogada, ya que cada ma\u00f1ana iba a la misma playa de la isla de Lombok a nadar\u2013, cuando en realidad, hab\u00eda sido robada con violencia y asesinada por un empleado del hotel donde se alojaba y un ex trabajador. Tras resolverse el caso, las cr\u00edticas se\u00f1alaron a Indonesia, la cual padece un conflicto de intereses cuando podr\u00edan ser sus propios ciudadanos, en algunos casos, los que tendr\u00edan que ver con algunos de sus desaguisados.<\/p>\n<p>\nLa presi\u00f3n de la Embajada de Espa\u00f1a\n<\/p>\n<p class=\"voc-p\" style=\"\">Ma\u00f1ana a las siete de la ma\u00f1ana, los equipos de rescate de la isla de Flores continuar\u00e1n buscando al resto de desaparecidos, cuando las normas locales auguran un par\u00f3n de los trabajos. Seg\u00fan las mismas, al sexto d\u00eda de b\u00fasqueda, todo podr\u00eda detenerse. Ante ello, la familia de los afectados y la Embajada de Espa\u00f1a en Yakarta, tratan de alargar las labores de buzos y personal mar\u00edtimo indonesio. <\/p>\n<p class=\"voc-p\" style=\"\">El tiempo, inexorable, corre en contra de los engullidos por el mar. Pero el sue\u00f1o de un milagro no es capaz de perderlo nadie. Incluso tras el drama de este lunes, cuando el primer cuerpo fue encontrado, sin vida. El cad\u00e1ver de la menor apareci\u00f3 a una milla n\u00e1utica del punto en el que se sospecha que el barco se hundi\u00f3.<\/p>\n<p>\nComunicado de la familia\n<\/p>\n<p class=\"voc-p\" style=\"\">La familia no pierde la esperanza de recuperar al resto de desaparecidos, aunque sea sin vida, tal y como explicaron <a href=\"https:\/\/www.abc.es\/sociedad\/familias-espanoles-desaparecidos-indonesia-volveremos-espana-cuatro-20251229104219-nt.html\" target=\"_self\" data-voc-vtm-id=\"in-text-traffic\" title=\"el lunes en un comunicado\" data-mrf-link=\"www.abc.es\" rel=\"nofollow noopener\">el lunes en un comunicado<\/a>: \u00abEn estos momentos de indescriptible dolor, solicitamos que se mantenga la consideraci\u00f3n y respeto a la intimidad de nuestras familias. Agradecemos todo el apoyo que estamos recibiendo, tanto en Espa\u00f1a como en Indonesia, y confiamos en que las labores de b\u00fasqueda continuar\u00e1n. No volveremos a Espa\u00f1a sin los cuatro, todos juntos. Muchas gracias\u00bb.<\/p>\n","protected":false},"excerpt":{"rendered":"Bien es sabido que en la zona mar\u00edtima que linda la ciudad de Labuan Bajo, epicentro de los&hellip;\n","protected":false},"author":2,"featured_media":313945,"comment_status":"","ping_status":"","sticky":false,"template":"","format":"standard","meta":{"footnotes":""},"categories":[5],"tags":[73640,5049,17,18,25,24,13,14,11,12606,19,20,11347,73638,9,10,15,16,23,12,21,22,73639],"class_list":{"0":"post-313944","1":"post","2":"type-post","3":"status-publish","4":"format-standard","5":"has-post-thumbnail","7":"category-titulares","8":"tag-adversa","9":"tag-barco","10":"tag-breaking-news","11":"tag-breakingnews","12":"tag-es","13":"tag-espana","14":"tag-featured-news","15":"tag-featurednews","16":"tag-headlines","17":"tag-indonesia","18":"tag-latest-news","19":"tag-latestnews","20":"tag-meteorologia","21":"tag-naufrago","22":"tag-news","23":"tag-noticias","24":"tag-noticias-destacadas","25":"tag-noticiasdestacadas","26":"tag-spain","27":"tag-titulares","28":"tag-ultimas-noticias","29":"tag-ultimasnoticias","30":"tag-zarpo"},"share_on_mastodon":{"url":"https:\/\/pubeurope.com\/@es\/115808895176057227","error":""},"_links":{"self":[{"href":"https:\/\/www.europesays.com\/es\/wp-json\/wp\/v2\/posts\/313944","targetHints":{"allow":["GET"]}}],"collection":[{"href":"https:\/\/www.europesays.com\/es\/wp-json\/wp\/v2\/posts"}],"about":[{"href":"https:\/\/www.europesays.com\/es\/wp-json\/wp\/v2\/types\/post"}],"author":[{"embeddable":true,"href":"https:\/\/www.europesays.com\/es\/wp-json\/wp\/v2\/users\/2"}],"replies":[{"embeddable":true,"href":"https:\/\/www.europesays.com\/es\/wp-json\/wp\/v2\/comments?post=313944"}],"version-history":[{"count":0,"href":"https:\/\/www.europesays.com\/es\/wp-json\/wp\/v2\/posts\/313944\/revisions"}],"wp:featuredmedia":[{"embeddable":true,"href":"https:\/\/www.europesays.com\/es\/wp-json\/wp\/v2\/media\/313945"}],"wp:attachment":[{"href":"https:\/\/www.europesays.com\/es\/wp-json\/wp\/v2\/media?parent=313944"}],"wp:term":[{"taxonomy":"category","embeddable":true,"href":"https:\/\/www.europesays.com\/es\/wp-json\/wp\/v2\/categories?post=313944"},{"taxonomy":"post_tag","embeddable":true,"href":"https:\/\/www.europesays.com\/es\/wp-json\/wp\/v2\/tags?post=313944"}],"curies":[{"name":"wp","href":"https:\/\/api.w.org\/{rel}","templated":true}]}}