{"id":313946,"date":"2025-12-30T14:08:09","date_gmt":"2025-12-30T14:08:09","guid":{"rendered":"https:\/\/www.europesays.com\/es\/313946\/"},"modified":"2025-12-30T14:08:09","modified_gmt":"2025-12-30T14:08:09","slug":"carlos-alcaraz-famosos-ibiza-ferrero-habla-sobre-su-ruptura-profesional-con-alcaraz-no-es-por-las-escapadas-del-deportista-a-ibiza","status":"publish","type":"post","link":"https:\/\/www.europesays.com\/es\/313946\/","title":{"rendered":"CARLOS ALCARAZ FAMOSOS IBIZA | Ferrero habla sobre su ruptura profesional con Alcaraz: No es por las escapadas del deportista a Ibiza"},"content":{"rendered":"<p class=\"ft-text ft-helper-closenews\">La noticia m\u00e1s inesperada de la temporada en el mundo del tenis lleg\u00f3 hace dos semanas, cuando el tenista <a class=\"ft-link ft-link--decoration\" href=\"https:\/\/www.diariodeibiza.es\/tags\/carlos-alcaraz\/\" target=\"_blank\" rel=\"nofollow noopener\">Carlos Alcaraz<\/a> anunci\u00f3 en sus redes sociales que <strong>dejaba de trabajar con su entrenador, Juan Carlos Ferrero<\/strong>, despu\u00e9s de siete a\u00f1os de relaci\u00f3n profesional. El t\u00e9cnico, que acababa de recibir el premio al mejor preparador del a\u00f1o, respondi\u00f3 con un mensaje en el que llam\u00f3 la atenci\u00f3n su \u00ab<strong>me hubiera gustado seguir<\/strong>\u00ab, que contradijo la versi\u00f3n oficial en la que la decisi\u00f3n habr\u00eda sido de mutuo acuerdo.<\/p>\n<p class=\"ft-text\">R\u00e1pidamente aparecieron todo tipo de rumores que apuntaron al desgaste de la relaci\u00f3n entre ambos, el cansancio del entrenador por los <strong>continuos viajes alrededor del mundo<\/strong>, discusiones por el lugar de entrenamiento o cuestiones puramente econ\u00f3micas. Entre estas habladur\u00edas est\u00e1 el desacuerdo por las <strong>habituales escapadas de Alcaraz a Ibiza <\/strong>a principios de julio, en el periodo de preparaci\u00f3n para Wimbledon.<\/p>\n<p>Un asiduo a Ibiza<\/p>\n<p class=\"ft-text\">Estos viajes son habituales desde el verano de 2023 y el deportista ha declarado en diversas ocasiones que le sirven <strong>para reponerse mentalmente<\/strong> de la gran cantidad de torneos de \u00e9lite que disputa. Por cierto, el pasado julio brome\u00f3 en la sala de prensa del campeonato brit\u00e1nico con que<strong> pedir\u00e1 a Ibiza \u00abque le pague\u00bb por la publicidad<\/strong> que realiza de la isla entre los dem\u00e1s tenistas.<\/p>\n<p class=\"ft-text\">El t\u00e9cnico ya expres\u00f3 sus discrepancias al respecto en el documental &#8216;A mi manera&#8217;, que trata sobre el poco ortodoxo calendario de entrenamiento del deportista murciano. Ferrero le espeta: \u00ab<strong>En muchos momentos no estar\u00e9 de acuerdo con tus decisiones y t\u00fa lo sabes<\/strong>\u00bb y comenta que tiene dudas de si \u00abpuede llegar a ser el mejor de la historia\u00bb con esa \u00e9tica de trabajo. Anteriormente, en noviembre de 2023, el preparador hizo referencia a estos viajes en declaraciones a El Pa\u00eds: \u00ab<strong>Hay que entrenar cuando toca y pas\u00e1rselo bien cuando toca. En ese aspecto hay que mejorar ciertas cosas<\/strong>\u00ab.<\/p>\n<p>Cl\u00e1usulas del contrato inaceptables<\/p>\n<p class=\"ft-text\">Ferrero sali\u00f3 al paso de todas estas conjeturas con entrevistas a diferentes medios de comunicaci\u00f3n en las que se le vio triste por la situaci\u00f3n. \u00ab<strong>\u00c9ramos un equipo muy unido<\/strong>, pero por ciertos puntos, no se puede seguir\u00bb, coment\u00f3 a TVE y agreg\u00f3 que hab\u00eda \u00ab<strong>ciertas cosas del contrato que no hab\u00eda podido aceptar<\/strong> por principios\u00bb.<\/p>\n<p class=\"ft-text\">Tambi\u00e9n dej\u00f3 caer al diario Marca que habr\u00eda habido incomprensi\u00f3n por parte del equipo del tenista: \u00abPuede ser que se hubieran podido salvar [las diferencias contractuales] <strong>si nos hubi\u00e9ramos sentado a hablar<\/strong>\u00ab. Adem\u00e1s, asegur\u00f3 a ese medio que no hab\u00eda habido discusiones dentro del equipo y que <strong>necesita pasar \u00abun tiempo de duelo\u00bb <\/strong>por la separaci\u00f3n.<\/p>\n<p>Centrado en entrenar<\/p>\n<p class=\"ft-text\">Por \u00faltimo, merece la pena mencionar la entrevista que <strong>el primer t\u00e9cnico de Alcaraz<\/strong>, Kiko Navarro, ofreci\u00f3 a RNE sobre el tema. Afirm\u00f3 que la decisi\u00f3n de romper con Ferrero fue \u00ab<strong>m\u00e1s por parte del entorno que por parte del jugador<\/strong>. La gente que ha tomado la decisi\u00f3n, que no es Carlitos [Alcaraz], tendr\u00e1 sus motivos\u00bb.<\/p>\n<p class=\"ft-text\">\u00ab<strong>Cada persona es libre de opinar lo que sepa<\/strong>\u00ab, zanj\u00f3 el padre del deportista a EFE sobre todas las declaraciones. Mientras tanto, el tenista n\u00famero uno del ranking ATP y ganador de seis Grand Slam guarda silencio al respecto y<strong> se centra en preparar el Open de Australia<\/strong>, que empezar\u00e1 en enero.<\/p>\n<p class=\"ft-text\">En esta meta le ayudar\u00e1 el hasta ahora segundo entrenador del deportista, <strong>Samuel L\u00f3pez<\/strong>, que asumir\u00e1 el trabajo al frente del equipo t\u00e9cnico a partir de ahora. Se trata de un profesional que conoce muy bien el circuito de la <a class=\"ft-link ft-link--decoration\" href=\"https:\/\/www.diariodeibiza.es\/deportes\/2025\/11\/16\/atp-finals-alcaraz-sinner-directo-123788274.html\" target=\"_blank\" rel=\"nofollow noopener\">ATP<\/a> por su trabajo con otros tenistas de alto rendimiento como <strong>Nico Almagro o Pablo Carre\u00f1o<\/strong>.<\/p>\n<p data-close=\"closedContent\" class=\"subscribeHideForDisplay\">Suscr\u00edbete para seguir leyendo<\/p>\n","protected":false},"excerpt":{"rendered":"La noticia m\u00e1s inesperada de la temporada en el mundo del tenis lleg\u00f3 hace dos semanas, cuando el&hellip;\n","protected":false},"author":2,"featured_media":313947,"comment_status":"","ping_status":"","sticky":false,"template":"","format":"standard","meta":{"footnotes":""},"categories":[274],"tags":[4736,545,168,25,24,19407,3460,2328,4596,6079,24555,23,167,327,326,4664,73641],"class_list":{"0":"post-313946","1":"post","2":"type-post","3":"status-publish","4":"format-standard","5":"has-post-thumbnail","7":"category-tenis","8":"tag-alcaraz","9":"tag-carlos-alcaraz","10":"tag-deportes","11":"tag-es","12":"tag-espana","13":"tag-famosos-en-ibiza","14":"tag-ferrero","15":"tag-fiesta","16":"tag-habla","17":"tag-ibiza","18":"tag-ruptura","19":"tag-spain","20":"tag-sports","21":"tag-tenis","22":"tag-tennis","23":"tag-turismo","24":"tag-turismo-en-ibiza"},"share_on_mastodon":{"url":"https:\/\/pubeurope.com\/@es\/115808914814767254","error":""},"_links":{"self":[{"href":"https:\/\/www.europesays.com\/es\/wp-json\/wp\/v2\/posts\/313946","targetHints":{"allow":["GET"]}}],"collection":[{"href":"https:\/\/www.europesays.com\/es\/wp-json\/wp\/v2\/posts"}],"about":[{"href":"https:\/\/www.europesays.com\/es\/wp-json\/wp\/v2\/types\/post"}],"author":[{"embeddable":true,"href":"https:\/\/www.europesays.com\/es\/wp-json\/wp\/v2\/users\/2"}],"replies":[{"embeddable":true,"href":"https:\/\/www.europesays.com\/es\/wp-json\/wp\/v2\/comments?post=313946"}],"version-history":[{"count":0,"href":"https:\/\/www.europesays.com\/es\/wp-json\/wp\/v2\/posts\/313946\/revisions"}],"wp:featuredmedia":[{"embeddable":true,"href":"https:\/\/www.europesays.com\/es\/wp-json\/wp\/v2\/media\/313947"}],"wp:attachment":[{"href":"https:\/\/www.europesays.com\/es\/wp-json\/wp\/v2\/media?parent=313946"}],"wp:term":[{"taxonomy":"category","embeddable":true,"href":"https:\/\/www.europesays.com\/es\/wp-json\/wp\/v2\/categories?post=313946"},{"taxonomy":"post_tag","embeddable":true,"href":"https:\/\/www.europesays.com\/es\/wp-json\/wp\/v2\/tags?post=313946"}],"curies":[{"name":"wp","href":"https:\/\/api.w.org\/{rel}","templated":true}]}}