{"id":313948,"date":"2025-12-30T14:11:09","date_gmt":"2025-12-30T14:11:09","guid":{"rendered":"https:\/\/www.europesays.com\/es\/313948\/"},"modified":"2025-12-30T14:11:09","modified_gmt":"2025-12-30T14:11:09","slug":"kreps-se-desvincula-del-lobe-huesca","status":"publish","type":"post","link":"https:\/\/www.europesays.com\/es\/313948\/","title":{"rendered":"Kreps se desvincula del Lobe Huesca"},"content":{"rendered":"<p>            Kreps se desvincula del Lobe Huesca                <\/p>\n<p>Kreps se desvincula del Lobe Huesca<\/p>\n<p>baloncesto<\/p>\n<p class=\"epigraph\">El club oscense ha llegado a un acuerdo con el alero luxemburgu\u00e9s<\/p>\n<p class=\"paragraph\">Club Baloncesto Pe\u00f1as y el jugador luxemburgu\u00e9s Malcolm Carreira Kreps <b>han llegado un acuerdo para la desvinculaci\u00f3n<\/b> del contrato con el alero.<\/p>\n<p class=\"paragraph\">Kreps ha jugado catorce partidos con Lobe Huesca La Magia, en los que <b>ha mostrado \u00abuna gran profesionalidad y pasi\u00f3n por el baloncesto\u00bb<\/b>, han destacado desde el club oscense<\/p>\n<p class=\"paragraph\">Desde la entidad pe\u00f1istas <b>le desean suerte y le han agradecido \u00absu tiempo y dedicaci\u00f3n\u00bb<\/b> en Huesca.<\/p>\n<p>            Conforme a los criterios de<br \/>\n            <a class=\"trustproject_img\" id=\"trustproject_img\" href=\"https:\/\/thetrustproject.org\/\" target=\"_blank\" rel=\"nofollow noopener\" aria-label=\"Trust Project\"><img decoding=\"async\" loading=\"lazy\" src=\"https:\/\/www.diariodelaltoaragon.es\/images\/Trust-Logo-Horizontal.svg\" alt=\"Logo Trust Project\" width=\"200\" height=\"34\"\/><\/a><\/p>\n<p>    <a href=\"https:\/\/www.henneo.com\/\" title=\"Grupo Henneo\" class=\"logo\" rel=\"nofollow noopener\" target=\"_blank\"><br \/>\n        <img decoding=\"async\" src=\"https:\/\/www.europesays.com\/es\/wp-content\/uploads\/2025\/08\/logo-grupo-henneo-diario-alto-aragon.png\" loading=\"lazy\"\/><br \/>\n    <\/a><\/p>\n<p>                    Actualmente tu navegador no permite ejecutar JavaScript. Para poder disfrutar de nuestro contenido es necesario que lo permita.<br \/>\n                                        <img decoding=\"async\" loading=\"lazy\" alt=\"Diario del Alto Arag\u00f3n logo\" src=\"https:\/\/www.diariodelaltoaragon.es\/images\/logo-daa-white-mobile.svg\" width=\"215\" height=\"43\"\/><\/p>\n","protected":false},"excerpt":{"rendered":"Kreps se desvincula del Lobe Huesca Kreps se desvincula del Lobe Huesca baloncesto El club oscense ha llegado&hellip;\n","protected":false},"author":2,"featured_media":313949,"comment_status":"","ping_status":"","sticky":false,"template":"","format":"standard","meta":{"footnotes":""},"categories":[269],"tags":[299,298,168,29332,25,24,1265,73642,41885,23,167],"class_list":{"0":"post-313948","1":"post","2":"type-post","3":"status-publish","4":"format-standard","5":"has-post-thumbnail","7":"category-baloncesto","8":"tag-baloncesto","9":"tag-basketball","10":"tag-deportes","11":"tag-desvincula","12":"tag-es","13":"tag-espana","14":"tag-huesca","15":"tag-kreps","16":"tag-lobe","17":"tag-spain","18":"tag-sports"},"share_on_mastodon":{"url":"https:\/\/pubeurope.com\/@es\/115808926753374501","error":""},"_links":{"self":[{"href":"https:\/\/www.europesays.com\/es\/wp-json\/wp\/v2\/posts\/313948","targetHints":{"allow":["GET"]}}],"collection":[{"href":"https:\/\/www.europesays.com\/es\/wp-json\/wp\/v2\/posts"}],"about":[{"href":"https:\/\/www.europesays.com\/es\/wp-json\/wp\/v2\/types\/post"}],"author":[{"embeddable":true,"href":"https:\/\/www.europesays.com\/es\/wp-json\/wp\/v2\/users\/2"}],"replies":[{"embeddable":true,"href":"https:\/\/www.europesays.com\/es\/wp-json\/wp\/v2\/comments?post=313948"}],"version-history":[{"count":0,"href":"https:\/\/www.europesays.com\/es\/wp-json\/wp\/v2\/posts\/313948\/revisions"}],"wp:featuredmedia":[{"embeddable":true,"href":"https:\/\/www.europesays.com\/es\/wp-json\/wp\/v2\/media\/313949"}],"wp:attachment":[{"href":"https:\/\/www.europesays.com\/es\/wp-json\/wp\/v2\/media?parent=313948"}],"wp:term":[{"taxonomy":"category","embeddable":true,"href":"https:\/\/www.europesays.com\/es\/wp-json\/wp\/v2\/categories?post=313948"},{"taxonomy":"post_tag","embeddable":true,"href":"https:\/\/www.europesays.com\/es\/wp-json\/wp\/v2\/tags?post=313948"}],"curies":[{"name":"wp","href":"https:\/\/api.w.org\/{rel}","templated":true}]}}