{"id":313999,"date":"2025-12-30T14:48:14","date_gmt":"2025-12-30T14:48:14","guid":{"rendered":"https:\/\/www.europesays.com\/es\/313999\/"},"modified":"2025-12-30T14:48:14","modified_gmt":"2025-12-30T14:48:14","slug":"organizar-la-esperanza-caritas-argentina","status":"publish","type":"post","link":"https:\/\/www.europesays.com\/es\/313999\/","title":{"rendered":"Organizar la esperanza | C\u00e1ritas Argentina"},"content":{"rendered":"<p style=\"text-align: justify;\">El 2025 fue un a\u00f1o intenso, en el que nos propusimos como lema organizar la esperanza en nuestras comunidades a trav\u00e9s de los programas que desarrollamos en todo el pa\u00eds.<\/p>\n<p style=\"text-align: justify;\">Te compartimos este video con una breve s\u00edntesis de lo que hicimos este a\u00f1o. Queremos destacar dos cosas: en primer lugar, que detr\u00e1s de cada proyecto, iniciativa o emprendimiento hay miles de personas que d\u00eda tras d\u00eda trabajan silenciosamente para transformar la realidad de la pobreza en esperanza. Y, tal vez lo m\u00e1s importante, es que vos con tu participaci\u00f3n tambi\u00e9n sos protagonista en cada historia que hay detr\u00e1s de las im\u00e1genes\u00a0<\/p>\n<p style=\"text-align: justify;\">Desde C\u00e1ritas queremos agradecer tu colaboraci\u00f3n, tu compromiso y tu acompa\u00f1amiento para seguir organizando la esperanza, y entre todos, hacer realidad nuestro sue\u00f1o de un pa\u00eds m\u00e1s solidario. <\/p>\n<p style=\"text-align: justify;\">\u00a1Que tengas un feliz y bendecido 2026!<\/p>\n","protected":false},"excerpt":{"rendered":"El 2025 fue un a\u00f1o intenso, en el que nos propusimos como lema organizar la esperanza en nuestras&hellip;\n","protected":false},"author":2,"featured_media":314000,"comment_status":"","ping_status":"","sticky":false,"template":"","format":"standard","meta":{"footnotes":""},"categories":[42],"tags":[17,18,13,14,11,61,62,63,64,19,20,9,10,15,16,12,21,22,65,66,67],"class_list":{"0":"post-313999","1":"post","2":"type-post","3":"status-publish","4":"format-standard","5":"has-post-thumbnail","7":"category-internacional","8":"tag-breaking-news","9":"tag-breakingnews","10":"tag-featured-news","11":"tag-featurednews","12":"tag-headlines","13":"tag-internacional","14":"tag-international","15":"tag-international-news","16":"tag-internationalnews","17":"tag-latest-news","18":"tag-latestnews","19":"tag-news","20":"tag-noticias","21":"tag-noticias-destacadas","22":"tag-noticiasdestacadas","23":"tag-titulares","24":"tag-ultimas-noticias","25":"tag-ultimasnoticias","26":"tag-world","27":"tag-world-news","28":"tag-worldnews"},"share_on_mastodon":{"url":"https:\/\/pubeurope.com\/@es\/115809072175928783","error":""},"_links":{"self":[{"href":"https:\/\/www.europesays.com\/es\/wp-json\/wp\/v2\/posts\/313999","targetHints":{"allow":["GET"]}}],"collection":[{"href":"https:\/\/www.europesays.com\/es\/wp-json\/wp\/v2\/posts"}],"about":[{"href":"https:\/\/www.europesays.com\/es\/wp-json\/wp\/v2\/types\/post"}],"author":[{"embeddable":true,"href":"https:\/\/www.europesays.com\/es\/wp-json\/wp\/v2\/users\/2"}],"replies":[{"embeddable":true,"href":"https:\/\/www.europesays.com\/es\/wp-json\/wp\/v2\/comments?post=313999"}],"version-history":[{"count":0,"href":"https:\/\/www.europesays.com\/es\/wp-json\/wp\/v2\/posts\/313999\/revisions"}],"wp:featuredmedia":[{"embeddable":true,"href":"https:\/\/www.europesays.com\/es\/wp-json\/wp\/v2\/media\/314000"}],"wp:attachment":[{"href":"https:\/\/www.europesays.com\/es\/wp-json\/wp\/v2\/media?parent=313999"}],"wp:term":[{"taxonomy":"category","embeddable":true,"href":"https:\/\/www.europesays.com\/es\/wp-json\/wp\/v2\/categories?post=313999"},{"taxonomy":"post_tag","embeddable":true,"href":"https:\/\/www.europesays.com\/es\/wp-json\/wp\/v2\/tags?post=313999"}],"curies":[{"name":"wp","href":"https:\/\/api.w.org\/{rel}","templated":true}]}}