{"id":314001,"date":"2025-12-30T14:49:08","date_gmt":"2025-12-30T14:49:08","guid":{"rendered":"https:\/\/www.europesays.com\/es\/314001\/"},"modified":"2025-12-30T14:49:08","modified_gmt":"2025-12-30T14:49:08","slug":"paisajes-que-inspiran-muestra-artistica-de-pintura-y-fotografia-de-cruz-navarro-y-fran-calvo","status":"publish","type":"post","link":"https:\/\/www.europesays.com\/es\/314001\/","title":{"rendered":"\u201cPaisajes que Inspiran\u201d: muestra art\u00edstica de pintura y fotograf\u00eda de Cruz Navarro y Fran Calvo"},"content":{"rendered":"<blockquote>\n<p><strong>\u00a02 enero-15 febrero. <\/strong>\u00a0Sala de Exposiciones de la Casa Parroquial. 18:30 horas (inauguraci\u00f3n)<\/p>\n<\/blockquote>\n<p><strong>La inauguraci\u00f3n de la exposici\u00f3n PAISAJES QUE INSPIRAN de los artistas Cruz Navarro y Fran Calvo\u00a0\u00a0\u00a0 \u00a0tendr\u00e1 lugar a las 6:30 \u00a0\u00a0de la tarde del viernes, 2 de enero, en la Sala de Exposiciones de la Casa Parroquial. La muestra conjuga pintura y fotograf\u00eda y afronta la interpretaci\u00f3n del paisaje desde dos puntos de vista art\u00edsticos:\u00a0 la visi\u00f3n po\u00e9tica y abstracta de la pintura de Cruz Navarro y la visi\u00f3n documental y concreta de la fotograf\u00eda y el audiovisual de Fran Calvo.\u00a0 Una\u00a0\u00a0 bella exposici\u00f3n de dos personas complementarias en vida y en valores.<\/strong><\/p>\n<p>El programa de exposiciones de 2026 se inaugura con la muestra de la artista ejeana CRUZ NAVARRO y de su pareja, el luesiano FRAN CALVO. Juntos forman un buen t\u00e1ndem en lo personal y en lo creativo, y de ello dar\u00e1 fe esta hermosa exposici\u00f3n que tiene en el paisaje su inspiraci\u00f3n.<\/p>\n<p>Por una parte, podremos ver expuesta la obra pict\u00f3rica de CRUZ NAVARRO en tres series. Una de ellas es la denominada \u201cMy favorite place\u201d, obras de gran formato que llevan a lugares concretos marcados con sus coordenadas GPS, en las que la artista hace una interpretaci\u00f3n de ese lugar, un lugar donde volver y encontrar la calma.\u00a0 Hay otra serie en papel de lo que se llaman \u201cmonotipos\u201d pues con t\u00e9cnicas de estampaci\u00f3n se obtienen piezas \u00fanicas. Y una tercera serie en papel de formato m\u00e1s peque\u00f1o que representa lugares so\u00f1ados. En estas dos serien papel predomina el color azul.<\/p>\n<p>Por otra parte est\u00e1n las fotograf\u00edas de FRAN CALVO, en las que el artista nos ofrece im\u00e1genes llenas de sensibilidad y belleza del paisaje de la Sierra de Santo Domingo, rincones llenos de magia y encanto que, adem\u00e1s, encuentran su prolongaci\u00f3n en el audiovisual que complementa la exposici\u00f3n y que\u00a0 nos muestra la belleza de nuestro territorio. Bajo el t\u00edtulo \u201cRemontando el vuelo\u201d, con ese v\u00eddeo recorreremos a vista de p\u00e1jaro\u00a0 \u00a0desde las tierras llanas de Cinco Villas hasta el paisaje protegido de la Sierra de Santo Domingo, ofreci\u00e9ndonos una perspectiva poco frecuente de este patrimonio natural porque son im\u00e1genes tomadas con dron.<\/p>\n<p>Como expresan ambos autores, esta exposici\u00f3n tiene una esencia pedag\u00f3gica porque\u00a0\u00a0 nos ofrece dos formas de interpretar el paisaje, permitiendo al espectador conocer \u00a0el di\u00e1logo entre pintura y fotograf\u00eda, as\u00ed\u00a0 como el proceso creativo de cada uno de ellos.<\/p>\n<p>Remiti\u00e9ndonos al texto que en el d\u00edptico de la exposici\u00f3n escribe la tambi\u00e9n artista\u00a0 ejeana Pilar Long\u00e1s \u201cEsta exposici\u00f3n es, sobre todo, un encuentro: entre compa\u00f1eros de vida, entre dos maneras de entender el paisaje y entre la obra y quien la contempla. Un recordatorio de que el paisaje no est\u00e1 \u00fanicamente fuera sino tambi\u00e9n dentro de nosotros, en la mirada que se atreve a desprenderse de lo concreto para abrazar la emoci\u00f3n, la luz y lo et\u00e9reo\u201d. <\/p>\n<p>La exposici\u00f3n permanecer\u00e1 abierta <strong>hasta el 15\u00a0 de febrero<\/strong>, en la Sala de Exposiciones de la Casa Parroquial, en los <strong>horarios<\/strong> siguientes: martes a s\u00e1bado de 17:00 a 20:00\u00a0 \/ martes y viernes.\u00a0de 10:30 a 12:30<\/p>\n<p>La inauguraci\u00f3n tendr\u00e1 lugar el <strong>viernes, 2 de enero, <\/strong>\u00a0a las <strong>6:30 de la tarde.<\/strong><\/p>\n<p><a href=\"https:\/\/st1.ejea.es\/media\/2025\/12\/PAISAJES-QUE-INSPIRAN-cartel-pdf.pdf\" rel=\"nofollow noopener\" target=\"_blank\">Cartel PAISAJES QUE INSPIRAN<\/a><\/p>\n<p><a href=\"https:\/\/st1.ejea.es\/media\/2025\/12\/PAISAJES-QUE-INSPIRAN-folleto.pdf\" rel=\"nofollow noopener\" target=\"_blank\">Folleto PAISAJES QUE INSPIRAN<\/a><\/p>\n","protected":false},"excerpt":{"rendered":"\u00a02 enero-15 febrero. \u00a0Sala de Exposiciones de la Casa Parroquial. 18:30 horas (inauguraci\u00f3n) La inauguraci\u00f3n de la exposici\u00f3n&hellip;\n","protected":false},"author":2,"featured_media":314002,"comment_status":"","ping_status":"","sticky":false,"template":"","format":"standard","meta":{"footnotes":""},"categories":[8],"tags":[229,17,18,209,73362,25,24,2003,13,14,11,19,20,9,10,15,16,23,12,21,22],"class_list":{"0":"post-314001","1":"post","2":"type-post","3":"status-publish","4":"format-standard","5":"has-post-thumbnail","7":"category-espana","8":"tag-arte","9":"tag-breaking-news","10":"tag-breakingnews","11":"tag-cultura","12":"tag-ejea_cultural","13":"tag-es","14":"tag-espana","15":"tag-exposicion","16":"tag-featured-news","17":"tag-featurednews","18":"tag-headlines","19":"tag-latest-news","20":"tag-latestnews","21":"tag-news","22":"tag-noticias","23":"tag-noticias-destacadas","24":"tag-noticiasdestacadas","25":"tag-spain","26":"tag-titulares","27":"tag-ultimas-noticias","28":"tag-ultimasnoticias"},"share_on_mastodon":{"url":"https:\/\/pubeurope.com\/@es\/115809076103714215","error":""},"_links":{"self":[{"href":"https:\/\/www.europesays.com\/es\/wp-json\/wp\/v2\/posts\/314001","targetHints":{"allow":["GET"]}}],"collection":[{"href":"https:\/\/www.europesays.com\/es\/wp-json\/wp\/v2\/posts"}],"about":[{"href":"https:\/\/www.europesays.com\/es\/wp-json\/wp\/v2\/types\/post"}],"author":[{"embeddable":true,"href":"https:\/\/www.europesays.com\/es\/wp-json\/wp\/v2\/users\/2"}],"replies":[{"embeddable":true,"href":"https:\/\/www.europesays.com\/es\/wp-json\/wp\/v2\/comments?post=314001"}],"version-history":[{"count":0,"href":"https:\/\/www.europesays.com\/es\/wp-json\/wp\/v2\/posts\/314001\/revisions"}],"wp:featuredmedia":[{"embeddable":true,"href":"https:\/\/www.europesays.com\/es\/wp-json\/wp\/v2\/media\/314002"}],"wp:attachment":[{"href":"https:\/\/www.europesays.com\/es\/wp-json\/wp\/v2\/media?parent=314001"}],"wp:term":[{"taxonomy":"category","embeddable":true,"href":"https:\/\/www.europesays.com\/es\/wp-json\/wp\/v2\/categories?post=314001"},{"taxonomy":"post_tag","embeddable":true,"href":"https:\/\/www.europesays.com\/es\/wp-json\/wp\/v2\/tags?post=314001"}],"curies":[{"name":"wp","href":"https:\/\/api.w.org\/{rel}","templated":true}]}}