{"id":314030,"date":"2025-12-30T15:12:08","date_gmt":"2025-12-30T15:12:08","guid":{"rendered":"https:\/\/www.europesays.com\/es\/314030\/"},"modified":"2025-12-30T15:12:08","modified_gmt":"2025-12-30T15:12:08","slug":"el-gobierno-lanza-las-ayudas-redcyti-por-valor-de-89-millones-de-euros-para-el-impulso-de-las-ciudades-y-territorios-inteligentes","status":"publish","type":"post","link":"https:\/\/www.europesays.com\/es\/314030\/","title":{"rendered":"El Gobierno lanza las ayudas RedCyTI por valor de 89 millones de euros para el impulso de las ciudades y territorios inteligentes"},"content":{"rendered":"<p class=\"main-image\">&#13; <img decoding=\"async\" alt=\"Ayudas para el impulso de las ciudades y territorios inteligentes\" title=\"Ayudas para el impulso de las ciudades y territorios inteligentes\" src=\"https:\/\/www.europesays.com\/es\/wp-content\/uploads\/2025\/12\/301225-ayudas-territorios-inteligentes.jpg\"\/>&#13;&#13;<\/p>\n<p>El Gobierno de Espa\u00f1a pone en marcha el nuevo programa RedCyTI para potenciar la digitalizaci\u00f3n de entidades locales y comunidades aut\u00f3nomas uniprovinciales. Hoy se ha <a href=\"https:\/\/www.boe.es\/eli\/es\/o\/2025\/12\/26\/tdf1559\" onclick=\"javascript:GoogleTrackEvent(&#039;True&#039;,&#039;Contenido&#039;,&#039;Click&#039;,&#039;[https:\/\/www.lamoncloa.gob.es\/serviciosdeprensa\/notasprensa\/transformacion-digital-y-funcion-publica\/paginas\/2025\/301225-ayudas-ciudades-inteligentes.aspx] publicado en el BOE la orden de bases de esta l\u00ednea de ayudas. [https:\/\/www.boe.es\/eli\/es\/o\/2025\/12\/26\/tdf1559]&#039;);\" rel=\"nofollow noopener\" target=\"_blank\">publicado en el BOE la orden de bases de esta l\u00ednea de ayudas<\/a>, dotada con un total de 89 millones de euros, que gestiona Red.es, entidad adscrita al Ministerio para la Transformaci\u00f3n Digital y de la Funci\u00f3n P\u00fablica a trav\u00e9s de la Secretar\u00eda de Estado de Inteligencia Artificial y Digitalizaci\u00f3n. Pr\u00f3ximamente estar\u00e1 abierto el plazo de solicitud de esta convocatoria, cuya finalidad es reforzar el impulso a las ciudades y territorios inteligentes poniendo el foco, en esta ocasi\u00f3n, en el \u00abfomento del desarrollo econ\u00f3mico y productivo\u00bb.<\/p>\n<p>Seg\u00fan la Comisi\u00f3n Europea, \u00abuna ciudad o territorio inteligente tiene como objetivo mejorar el bienestar de sus habitantes, empresas, visitantes, organizaciones y administradores mediante la prestaci\u00f3n de servicios digitales que contribuyan a una mejor calidad de vida\u00bb. Las actuaciones pueden darse en seis dimensiones: Living (asociada a la calidad de vida), People (participaci\u00f3n ciudadana), Environment (sostenibilidad), Mobility (movilidad), Economy (desarrollo econ\u00f3mico) y Governance (gobernanza de la ciudad o territorio).<\/p>\n<p>La dimensi\u00f3n de ciudad inteligente denominada &#8216;smart economy&#8217;, en la que se centra esta nueva convocatoria, se entiende como la intersecci\u00f3n entre ciudad y econom\u00eda, y contempla todas aquellas iniciativas que, promovidas desde las ciudades y territorios, se orientan a potenciar la digitalizaci\u00f3n al servicio de la actividad econ\u00f3mica, el empleo y el emprendimiento.<\/p>\n<p>Apoyo a entidades locales y comunidades aut\u00f3nomas uniprovinciales<\/p>\n<p>Red.es, sumando fondos propios y Fondo Europeo de Desarrollo Regional (FEDER), aportar\u00e1 entre el 40 y el 85% de cada iniciativa seleccionada, que habr\u00e1 de tener un presupuesto total de entre 1,5 y 6 millones de euros. El porcentaje var\u00eda seg\u00fan la comunidad aut\u00f3noma desde la que se presente. Las entidades que pueden solicitar estas ayudas son entidades locales (ayuntamientos, diputaciones, cabildos insulares, consejos insulares y comarcas) y comunidades aut\u00f3nomas uniprovinciales.<\/p>\n<p>Los proyectos han de conllevar actuaciones destinadas a crear o reforzar infraestructuras tecnol\u00f3gicas y las soluciones y servicios asociados, a disposici\u00f3n de sectores estrat\u00e9gicos de actividad econ\u00f3mica, con el prop\u00f3sito de probar y desarrollar tecnolog\u00edas de aplicaci\u00f3n sectorial. Asimismo, se apoyar\u00e1 la creaci\u00f3n o mejora de espacios destinados al fomento de la innovaci\u00f3n y el fortalecimiento del ecosistema sectorial, a fin de impulsar el desarrollo de la econom\u00eda y el empleo, tanto a nivel local como regional y estatal.<\/p>\n<p>Ejemplos de estas actuaciones ser\u00edan la creaci\u00f3n de espacios de prueba o sandboxes para el sector de la movilidad y transporte (veh\u00edculos conectados y aut\u00f3nomos, drones\u2026), la creaci\u00f3n de laboratorios urbanos de innovaci\u00f3n, o la dotaci\u00f3n de las infraestructuras necesarias para la prueba y desarrollo de tecnolog\u00edas de aplicaci\u00f3n a sectores como la agricultura, la pesca, la ganader\u00eda, o la energ\u00eda, entre otros.<\/p>\n<p>Las entidades que deseen solicitar estas ayudas habr\u00e1n de presentar sus proyectos en la sede electr\u00f3nica de Red.es, una vez publicada la convocatoria, tal y como se indica en el extracto de la convocatoria publicado en el Bolet\u00edn Oficial de Estado. Los criterios de otorgamiento valorar\u00e1n aspectos como el grado de madurez digital, el impacto de la iniciativa en el desarrollo econ\u00f3mico local y su sostenibilidad. Aquellos proyectos que sean seleccionados recibir\u00e1n una ayuda en r\u00e9gimen de concurrencia competitiva, que ser\u00e1 licitada y ejecutada por Red.es.<\/p>\n<p>Compromiso del Gobierno con las ciudades y territorios inteligentes<\/p>\n<p>Desde la aprobaci\u00f3n del <a href=\"https:\/\/www.red.es\/es\/iniciativas\/proyectos\/plan-nacional-de-ciudades-inteligentes\" onclick=\"javascript:GoogleTrackEvent(&#039;True&#039;,&#039;Contenido&#039;,&#039;Click&#039;,&#039;[https:\/\/www.lamoncloa.gob.es\/serviciosdeprensa\/notasprensa\/transformacion-digital-y-funcion-publica\/paginas\/2025\/301225-ayudas-ciudades-inteligentes.aspx] Plan Nacional de Ciudades Inteligentes en 2015. [https:\/\/www.red.es\/es\/iniciativas\/proyectos\/plan-nacional-de-ciudades-inteligentes]&#039;);\" rel=\"nofollow noopener\" target=\"_blank\">Plan Nacional de Ciudades Inteligentes en 2015<\/a>, el Gobierno de Espa\u00f1a ha realizado cinco convocatorias en las que Red.es ha desempe\u00f1ado un papel impulsor protagonista. En total, se ha destinado m\u00e1s de 200 millones de euros -cofinanciados por el Fondo Europeo de Desarrollo Regional (FEDER)- a 59 iniciativas repartidas por todo el territorio nacional: 25 ciudades, 24 destinos tur\u00edsticos, 7 edificios y 3 islas. Adem\u00e1s, Red.es, colabora de manera continua con la Red Espa\u00f1ola de Ciudades Inteligentes (RECI) y la Federaci\u00f3n Espa\u00f1ola de Municipios y Provincias (FEMP) para impulsar el desarrollo de ciudades y territorios inteligentes.<\/p>\n","protected":false},"excerpt":{"rendered":"&#13; &#13;&#13; El Gobierno de Espa\u00f1a pone en marcha el nuevo programa RedCyTI para potenciar la digitalizaci\u00f3n de&hellip;\n","protected":false},"author":2,"featured_media":314031,"comment_status":"","ping_status":"","sticky":false,"template":"","format":"standard","meta":{"footnotes":""},"categories":[8],"tags":[517,17,18,25,24,13,14,11,19,20,9,10,15,16,2330,23,12,60929,21,22],"class_list":{"0":"post-314030","1":"post","2":"type-post","3":"status-publish","4":"format-standard","5":"has-post-thumbnail","7":"category-espana","8":"tag-actualidad","9":"tag-breaking-news","10":"tag-breakingnews","11":"tag-es","12":"tag-espana","13":"tag-featured-news","14":"tag-featurednews","15":"tag-headlines","16":"tag-latest-news","17":"tag-latestnews","18":"tag-news","19":"tag-noticias","20":"tag-noticias-destacadas","21":"tag-noticiasdestacadas","22":"tag-prensa","23":"tag-spain","24":"tag-titulares","25":"tag-transformacion-digital-y-funcion-publica","26":"tag-ultimas-noticias","27":"tag-ultimasnoticias"},"share_on_mastodon":{"url":"https:\/\/pubeurope.com\/@es\/115809166582381413","error":""},"_links":{"self":[{"href":"https:\/\/www.europesays.com\/es\/wp-json\/wp\/v2\/posts\/314030","targetHints":{"allow":["GET"]}}],"collection":[{"href":"https:\/\/www.europesays.com\/es\/wp-json\/wp\/v2\/posts"}],"about":[{"href":"https:\/\/www.europesays.com\/es\/wp-json\/wp\/v2\/types\/post"}],"author":[{"embeddable":true,"href":"https:\/\/www.europesays.com\/es\/wp-json\/wp\/v2\/users\/2"}],"replies":[{"embeddable":true,"href":"https:\/\/www.europesays.com\/es\/wp-json\/wp\/v2\/comments?post=314030"}],"version-history":[{"count":0,"href":"https:\/\/www.europesays.com\/es\/wp-json\/wp\/v2\/posts\/314030\/revisions"}],"wp:featuredmedia":[{"embeddable":true,"href":"https:\/\/www.europesays.com\/es\/wp-json\/wp\/v2\/media\/314031"}],"wp:attachment":[{"href":"https:\/\/www.europesays.com\/es\/wp-json\/wp\/v2\/media?parent=314030"}],"wp:term":[{"taxonomy":"category","embeddable":true,"href":"https:\/\/www.europesays.com\/es\/wp-json\/wp\/v2\/categories?post=314030"},{"taxonomy":"post_tag","embeddable":true,"href":"https:\/\/www.europesays.com\/es\/wp-json\/wp\/v2\/tags?post=314030"}],"curies":[{"name":"wp","href":"https:\/\/api.w.org\/{rel}","templated":true}]}}