{"id":314034,"date":"2025-12-30T15:18:08","date_gmt":"2025-12-30T15:18:08","guid":{"rendered":"https:\/\/www.europesays.com\/es\/314034\/"},"modified":"2025-12-30T15:18:08","modified_gmt":"2025-12-30T15:18:08","slug":"alcaraz-y-una-burbuja-con-entrenamientos-canastas-y-tatuajes-para-centrarse-en-el-abierto-de-australia","status":"publish","type":"post","link":"https:\/\/www.europesays.com\/es\/314034\/","title":{"rendered":"Alcaraz y una burbuja con entrenamientos, canastas y tatuajes para centrarse en el Abierto de Australia"},"content":{"rendered":"<p style=\"\">Alejado de los focos y los micr\u00f3fonos, <strong>Carlos Alcaraz<\/strong> intenta dejar atr\u00e1s la abrupta <a href=\"https:\/\/www.abc.es\/deportes\/tenis\/alcaraz-ruptura-ferrero-llena-incognitas-20251217195822-nt.html\" target=\"_blank\" data-voc-vtm-id=\"in-text-traffic\" title=\"ruptura con Juan Carlos Ferrero\" data-mrf-link=\"www.abc.es\" rel=\"nofollow noopener\">ruptura con Juan Carlos Ferrero<\/a>, noticia que desconcert\u00f3 al circuito y de la que todav\u00eda no se saben todos los motivos que llevaron al desenlace tras siete a\u00f1os de  &#8230; convivencia y \u00e9xitos, creando una burbuja a su alrededor en el Club de Campo de Murcia y en la que solo caben entrenamientos, bromas con compa\u00f1eros y rivales y buenos augurios para 2026.<\/p>\n<p class=\"voc-p\" style=\"\">En la pista celebr\u00f3 Alcaraz la Navidad, con un entrenamiento en casa y con Flavio Cobolli como rival en esta pretemporada at\u00edpica para \u00e9l despu\u00e9s de todas las que comparti\u00f3 con su ya exentrenador. Sigue en Murcia, donde pas\u00f3 reconocimientos m\u00e9dicos, descubri\u00f3 el nuevo tatuaje que luce en su brazo izquierdo y que conmemora su primer US Open con la estatua de la Libertad y el Puente de Brooklyn, y puso a tono su cuerpo tras los d\u00edas de vacaciones antes de empu\u00f1ar de nuevo la raqueta y centrarse en un 2026 que comienza fuerte, con un <strong>Abierto de Australia<\/strong> (desde el 18 y hasta el 1 de febrero) que ambiciona desde hace tiempo. Por el momento, no le han ido todo lo bien que quisiera en este territorio al ganador de seis Grand Slams (tercera ronda en 2022, octavos en 2023, no particip\u00f3 en 2024, no pas\u00f3 de cuartos en 2025), por eso se est\u00e1 empleando a fondo estos d\u00edas para cuidar hasta el m\u00e1s m\u00ednimo detalle.<\/p>\n<p class=\"voc-p\" style=\"\">Parece, o quiere, haber dejado atr\u00e1s la tormenta de la ruptura, y se est\u00e1 entrenando con ganas, con compa\u00f1eros como <strong>Cobolli y Pedro Mart\u00ednez<\/strong>, y con ba\u00f1o de multitudes posterior a esta jornada de entrenamiento de puertas abiertas. Le espera una temporada que comienza con las dudas que lanza el circuito de c\u00f3mo seguir\u00e1 su camino sin su mentor desde que ten\u00eda 14 a\u00f1os. Por el momento, muestra complicidad y buen ambiente con <strong>Samuel L\u00f3pez<\/strong>, quien fuera <a href=\"https:\/\/www.abc.es\/deportes\/tenis\/alcaraz-queda-samuel-lopez-cara-amable-banquillo-20251217030900-nt.html\" target=\"_blank\" data-voc-vtm-id=\"in-text-traffic\" title=\"segundo entrenador con Ferrero\" rel=\"nofollow noopener\">segundo entrenador con Ferrero<\/a> y que ahora ejerce de capit\u00e1n del murciano en solitario. <\/p>\n<p class=\"voc-p\" style=\"\">Ya en este 2025, el alicantino fue part\u00edcipe en el cambio de saque de Alcaraz, golpe en el que mejor\u00f3 el movimiento para hacer m\u00e1s fluido y m\u00e1s potente. Y para este 2026, todav\u00eda quieren avanzar en esa direcci\u00f3n. Con otros <strong>cambios sutiles a la hora de lanzar la pelota<\/strong>, se le ha visto al murciano repetir algunos de los trucos que ya le funcionaron bien en el pasado, como ese at\u00edpico entrenamiento para practicar el lanzamiento de la pelota al aire para el que se vale de una peque\u00f1a canastita que sujeta su entrenador y que le indica el momento y la altura perfecta para que su saque sea \u00f3ptimo.<\/p>\n<p class=\"voc-p\" style=\"\">Sabe Alcaraz que si quiere seguir siendo n\u00famero 1 y aspirante a todos los Grand Slams, necesita adaptarse y avanzar, as\u00ed se lo exige su archirrival, Jannik Sinner. Entre los dos se han repartido los \u00faltimos siete grandes t\u00edtulos y nadie duda de que ser\u00e1n los favoritos en todas las plazas de este 2026. Para abrir boca de todos los <strong>Alcaraz-Sinner<\/strong> que los aficionados quieren ver esta temporada, habr\u00e1 uno el 10 de enero, a modo de exhibici\u00f3n, en Corea. <\/p>\n<p class=\"voc-p\" style=\"\">Ya en tierras australianas, y antes de que comience el primer Grand Slam del a\u00f1o, el murciano y el italiano podr\u00edan volver a verse las caras en otro torneo oficioso, llamado <a href=\"https:\/\/ausopen.com\/one-point-slam\" target=\"_blank\" data-voc-vtm-id=\"in-text-traffic\" title=\"\u00abOne Point Slam\u00bb\" data-mrf-link=\"ausopen.com\" rel=\"nofollow noopener\">\u00abOne Point Slam\u00bb<\/a> (\u00abGrand Slam de un punto\u00bb) con el que la organizaci\u00f3n del Abierto de Australia quiere amenizar a los aficionados. En \u00e9l se reunir\u00e1n, adem\u00e1s del espa\u00f1ol y el italiano, otros nombres destacados como Nick Kyrgios, Iga Swiatek y Coco Gauff, adem\u00e1s de la participaci\u00f3n de tenistas amateurs que quieran probar suerte, el 14 de enero, a jugar partidos a solo un punto y con un mill\u00f3n de d\u00f3lares en juego. <\/p>\n<p class=\"voc-p\" style=\"\">A partir de ah\u00ed, lo serio. Un Grand Slam que desea Alcaraz y para el que ya tiene pensado tatuaje, y en el que tendr\u00e1 que blindar cuanto pueda la burbuja para evitar que los comentarios sobre la ruptura con Ferrero tuerzan su intenci\u00f3n. <\/p>\n<p class=\"voc-p\" style=\"\">El murciano, que ya dijo en una entrevista con este peri\u00f3dico que la vida del tenista es \u00ababurrida\u00bb al saber cu\u00e1ndo y d\u00f3nde jugar\u00e1 los pr\u00f3ximos meses, mantendr\u00e1 un calendario similar de torneos. Primero en Australia, despu\u00e9s R\u00f3terdam, que gan\u00f3 en 2025, y gira norteamericana con Indian Wells y Miami antes de que llegue la tierra batida: Montecarlo, Barcelona, Madrid, Roma y Roland Garros. Queen&#8217;s y Wimbledon en hierba y verano en Am\u00e9rica, con Canad\u00e1, Cincinnati, US Open<\/p>\n","protected":false},"excerpt":{"rendered":"Alejado de los focos y los micr\u00f3fonos, Carlos Alcaraz intenta dejar atr\u00e1s la abrupta ruptura con Juan Carlos&hellip;\n","protected":false},"author":2,"featured_media":314035,"comment_status":"","ping_status":"","sticky":false,"template":"","format":"standard","meta":{"footnotes":""},"categories":[274],"tags":[1046,4736,4699,52291,49960,73655,168,3735,25,24,23,167,25829,327,326],"class_list":{"0":"post-314034","1":"post","2":"type-post","3":"status-publish","4":"format-standard","5":"has-post-thumbnail","7":"category-tenis","8":"tag-abierto","9":"tag-alcaraz","10":"tag-australia","11":"tag-burbuja","12":"tag-canastas","13":"tag-centrarse","14":"tag-deportes","15":"tag-entrenamientos","16":"tag-es","17":"tag-espana","18":"tag-spain","19":"tag-sports","20":"tag-tatuajes","21":"tag-tenis","22":"tag-tennis"},"share_on_mastodon":{"url":"https:\/\/pubeurope.com\/@es\/115809190252326459","error":""},"_links":{"self":[{"href":"https:\/\/www.europesays.com\/es\/wp-json\/wp\/v2\/posts\/314034","targetHints":{"allow":["GET"]}}],"collection":[{"href":"https:\/\/www.europesays.com\/es\/wp-json\/wp\/v2\/posts"}],"about":[{"href":"https:\/\/www.europesays.com\/es\/wp-json\/wp\/v2\/types\/post"}],"author":[{"embeddable":true,"href":"https:\/\/www.europesays.com\/es\/wp-json\/wp\/v2\/users\/2"}],"replies":[{"embeddable":true,"href":"https:\/\/www.europesays.com\/es\/wp-json\/wp\/v2\/comments?post=314034"}],"version-history":[{"count":0,"href":"https:\/\/www.europesays.com\/es\/wp-json\/wp\/v2\/posts\/314034\/revisions"}],"wp:featuredmedia":[{"embeddable":true,"href":"https:\/\/www.europesays.com\/es\/wp-json\/wp\/v2\/media\/314035"}],"wp:attachment":[{"href":"https:\/\/www.europesays.com\/es\/wp-json\/wp\/v2\/media?parent=314034"}],"wp:term":[{"taxonomy":"category","embeddable":true,"href":"https:\/\/www.europesays.com\/es\/wp-json\/wp\/v2\/categories?post=314034"},{"taxonomy":"post_tag","embeddable":true,"href":"https:\/\/www.europesays.com\/es\/wp-json\/wp\/v2\/tags?post=314034"}],"curies":[{"name":"wp","href":"https:\/\/api.w.org\/{rel}","templated":true}]}}