{"id":314123,"date":"2025-12-30T16:19:17","date_gmt":"2025-12-30T16:19:17","guid":{"rendered":"https:\/\/www.europesays.com\/es\/314123\/"},"modified":"2025-12-30T16:19:17","modified_gmt":"2025-12-30T16:19:17","slug":"renault-volkswagen-dacia-y-cupra-resisten-la-ofensiva-de-las-marcas-de-coches-chinos-expansion","status":"publish","type":"post","link":"https:\/\/www.europesays.com\/es\/314123\/","title":{"rendered":"Renault, Volkswagen, Dacia y Cupra resisten la ofensiva de las marcas de coches chinos &#8211; Expansi\u00f3n"},"content":{"rendered":"<ol>\n<li><a href=\"https:\/\/news.google.com\/rss\/articles\/CBMiiAFBVV95cUxOd0ZtX3VqTTlnRXpNaVZPR25LN0Y3Y0pwN0I1MlhGeVFOc2JIRzdfaE80U0d4VGpPaklfS1VfdWo4dDlBM05nOHZkMnJJY3c1akZSN3dBNk41bnF2aVppQ1JUOEl2TVFyOW9GajA0TjVIckdkMVBGUUhzQVhDZ1pGeVBCUmNWSFdk?oc=5\" target=\"_blank\" rel=\"nofollow noopener\">Renault, Volkswagen, Dacia y Cupra resisten la ofensiva de las marcas de coches chinos<\/a>&nbsp;&nbsp;Expansi\u00f3n<\/li>\n<li><a href=\"https:\/\/news.google.com\/rss\/articles\/CBMiiAFBVV95cUxNajB6OWtwYkVodVVsTEpuNEs2elRQdjhYMHRYNndnSElhM2F4SHVta2lnbzNfZk11azlSaGlFX191VDZkZkVDVWplVkF5NTdkYldZeGRDSDUySjRLMDJXbzBwa1F3RWZ0eTB0d25rWG5xSHc4NlpGd1FVX3d4ZkdoNUxKMjl6bVlG0gGIAUFVX3lxTFBFRG1kWGxEMV8tUU1nQUw5U1ptRFdHdEZYWkE1bnBZYUZSYS1UdzBHMVd4YzUzMjFHMGZTbi10ZEtVeGlycjM2RXVtYTV6UDIwQS1ROHhDOWRVeHp0WEpHZ013XzVYTGdVZ3Nwdk5Fckt3SnQ0d20yOUJ0eXJRVlk3U0VpNXR0MUM?oc=5\" target=\"_blank\" rel=\"nofollow noopener\">MG, BYD y Omoda lideran el asalto de las marcas chinas de coches en Espa\u00f1a<\/a>&nbsp;&nbsp;Expansi\u00f3n<\/li>\n<li><a href=\"https:\/\/news.google.com\/rss\/articles\/CBMiZ0FVX3lxTE4tN0M3eXRfUU8yc05LR0d2c29ncHk5NlZva2NqSFZ4TlZqNHhiY2VtVV9DNDZXUUZDVTREZTJuUGJHbC1jYlZDV3ZhaGg0dUx0elFPd2dGbW90WHdOMER2alo0SnhZcDg?oc=5\" target=\"_blank\" rel=\"nofollow noopener\">Changan Deepal S07: el SUV chino con m\u00e1s tecnolog\u00eda que autonom\u00eda<\/a>&nbsp;&nbsp;Coches.net<\/li>\n<li><a href=\"https:\/\/news.google.com\/rss\/articles\/CBMisAFBVV95cUxPVDR2emdsa1Q2aXhLaURQNm5lLXJJMHBPYjZhMEh0V1l6dm1VS1NJOTROZXNCWlJ4cEU2MFBZdXY0UXJlaWN2bXhxRzdlWEc2a3B1Y0pDUThOQVl0Z1ltZVlrNUtEVGo4WF9rZWZJNFZmYXZicERkVk5ZM2tLM2taVWQzdl9EQ2xiRUotMmYwbk1CNjJ1cmszOExsVHdsYXczcGs4QXBDRExqdF83czIzOQ?oc=5\" target=\"_blank\" rel=\"nofollow noopener\">\u00bfAdi\u00f3s al &#8216;low cost&#8217;?: as\u00ed es la nueva generaci\u00f3n de coches chinos<\/a>&nbsp;&nbsp;Diario Sur<\/li>\n<li><a href=\"https:\/\/news.google.com\/rss\/articles\/CBMizwFBVV95cUxQM3RFTUc4QXZNb29YWWw5LVZ0Sl81LVNiQzlYdEVnaGVUNURjZzM2V2E4RG16VVdqbm16S1RydWJkNUtkWmM1d3VjQTlkYjFER0dlODVXaEU5ZkU3NTZBb0FCc0J0ME96bjM3b0JaQ3ZoTGNvcVdqSmJnWkpGbmpuRHIxWjhZUVZ5SmVuQktsQ3MxZXRPc1BaN0lGQl9vM0ZnZlVDNnpDR3Q5UzJibGQ1UkVNM3lXdDZ5LVQ2bTlvcXJlbnBubmdNd1hWTlZKVXc?oc=5\" target=\"_blank\" rel=\"nofollow noopener\">Copia a BYD: la marca socia de Mazda, y para traer sus coches a Espa\u00f1a, recurre a su f\u00f3rmula clave<\/a>&nbsp;&nbsp;H\u00edbridos y El\u00e9ctricos<\/li>\n<\/ol>\n","protected":false},"excerpt":{"rendered":"Renault, Volkswagen, Dacia y Cupra resisten la ofensiva de las marcas de coches chinos&nbsp;&nbsp;Expansi\u00f3n MG, BYD y Omoda&hellip;\n","protected":false},"author":2,"featured_media":314124,"comment_status":"","ping_status":"","sticky":false,"template":"","format":"standard","meta":{"footnotes":""},"categories":[80],"tags":[82,95,94,2308,32085,25,24,2362,24594,23],"class_list":{"0":"post-314123","1":"post","2":"type-post","3":"status-publish","4":"format-standard","5":"has-post-thumbnail","7":"category-economia","8":"tag-business","9":"tag-economia","10":"tag-economy","11":"tag-empresas","12":"tag-empresas-motor","13":"tag-es","14":"tag-espana","15":"tag-motor","16":"tag-nea","17":"tag-spain"},"share_on_mastodon":{"url":"https:\/\/pubeurope.com\/@es\/115809430067262370","error":""},"_links":{"self":[{"href":"https:\/\/www.europesays.com\/es\/wp-json\/wp\/v2\/posts\/314123","targetHints":{"allow":["GET"]}}],"collection":[{"href":"https:\/\/www.europesays.com\/es\/wp-json\/wp\/v2\/posts"}],"about":[{"href":"https:\/\/www.europesays.com\/es\/wp-json\/wp\/v2\/types\/post"}],"author":[{"embeddable":true,"href":"https:\/\/www.europesays.com\/es\/wp-json\/wp\/v2\/users\/2"}],"replies":[{"embeddable":true,"href":"https:\/\/www.europesays.com\/es\/wp-json\/wp\/v2\/comments?post=314123"}],"version-history":[{"count":0,"href":"https:\/\/www.europesays.com\/es\/wp-json\/wp\/v2\/posts\/314123\/revisions"}],"wp:featuredmedia":[{"embeddable":true,"href":"https:\/\/www.europesays.com\/es\/wp-json\/wp\/v2\/media\/314124"}],"wp:attachment":[{"href":"https:\/\/www.europesays.com\/es\/wp-json\/wp\/v2\/media?parent=314123"}],"wp:term":[{"taxonomy":"category","embeddable":true,"href":"https:\/\/www.europesays.com\/es\/wp-json\/wp\/v2\/categories?post=314123"},{"taxonomy":"post_tag","embeddable":true,"href":"https:\/\/www.europesays.com\/es\/wp-json\/wp\/v2\/tags?post=314123"}],"curies":[{"name":"wp","href":"https:\/\/api.w.org\/{rel}","templated":true}]}}