{"id":314125,"date":"2025-12-30T16:20:16","date_gmt":"2025-12-30T16:20:16","guid":{"rendered":"https:\/\/www.europesays.com\/es\/314125\/"},"modified":"2025-12-30T16:20:16","modified_gmt":"2025-12-30T16:20:16","slug":"jose-antonio-kast-el-presidente-de-la-nueva-derecha-popular","status":"publish","type":"post","link":"https:\/\/www.europesays.com\/es\/314125\/","title":{"rendered":"Jos\u00e9 Antonio Kast, el presidente de la nueva derecha popular"},"content":{"rendered":"<p><img class=\"w-100 mb-3\" src=\"https:\/\/www.europesays.com\/es\/wp-content\/uploads\/2025\/12\/A_UNO_1707348-scaled.jpg\" decoding=\"async\" loading=\"lazy\"\/><\/p>\n<p>El autor de esta columna analiza el triunfo de Jos\u00e9 Antonio Kast, con el foco en los sectores m\u00e1s vulnerables. Sostiene que la izquierda ya no sintoniza con las necesidades de estos y que \u00abel desaf\u00edo de Kast es ahora hacer realidad todas estas pol\u00edticas que apuntan a la m\u00e9dula de los problemas de los sectores m\u00e1s postergados de la sociedad. As\u00ed, la elecci\u00f3n puede consolidar un cambio de eje en las votaciones pol\u00edticas. Ahora la derecha obtiene el respaldo de los sectores populares, mientras que la izquierda apunta a un p\u00fablico m\u00e1s \u2018educado\u2019, con menor fragilidad al crimen y a la falta de empleo, que representan los sectores medios m\u00e1s altos\u00bb.<\/p>\n<p class=\"texto-nota\">\u201cKast, amigo, el pueblo est\u00e1 contigo\u201d era uno de los gritos emblem\u00e1ticos de la gente que se congregaba en las cercan\u00edas del Partido Republicano la noche del triunfo del nuevo presidente Jos\u00e9 Antonio Kast. La frase contiene \u2013 aunque ello no fuera advertido por quienes la profer\u00edan \u2013 un significado muy profundo. En ella se resume el cuadro pol\u00edtico que ha quedado retratado en esta \u00faltima elecci\u00f3n: que <strong>consolida el arraigo de la derecha en los sectores populares, desplazando a la izquierda m\u00e1s dura, que consagra su arraigo en los sectores medios de mejor situaci\u00f3n.<\/strong><\/p>\n<p class=\"texto-nota\">El cuadro, finalmente, es el mismo del del Apruebo y el Rechazo del primer borrador constitucional, que plasmaba, como una gran hoja de ruta, todos los ideales de la izquierda y que fue aprobado por esos sectores medios altos y rechazado por los sectores populares. La nueva izquierda del siglo XXI, la que nace de la cr\u00edtica a la Concertaci\u00f3n y que busca refundar un pa\u00eds \u201cvendido al empresariado y al legado de la dictadura militar\u201d, junto con abrazar todas las banderas identitarias del indigenismo y el radicalismo de g\u00e9nero queda circunscrita a ese sector de la sociedad.<\/p>\n<p class=\"texto-nota\">De alguna manera, el Partido Republicano y Jos\u00e9 Antonio Kast logr\u00f3 lo que era el objetivo final de Jaime Guzm\u00e1n, disputar palmo a palmo con el comunismo los sectores populares. Los resultados de este domingo as\u00ed lo atestiguan.\u00a0<\/p>\n<p class=\"texto-nota\">En efecto, el l\u00edder del gremialismo hab\u00eda planteado su proyecto pol\u00edtico para disputar al socialismo y el comunismo a los sectores populares. De ah\u00ed la importancia que daba a las \u201casociaciones intermedias\u201d que conforman el tejido social. Quienes m\u00e1s dependen de esas asociaciones, juntas de vecinos, clubes deportivos, etc., son los sectores m\u00e1s vulnerables. En alg\u00fan sentido, ese ideario hab\u00eda sido llevado a cabo en la derecha en la \u00e9poca de los 90, especialmente con lo que se denomin\u00f3 la UDI popular. Sin embargo, ya pasados los 2000, la derecha empieza a centrar sus bolsones de votos en los sectores medios. De acuerdo con muchos analistas, la causa de esto se debe a que su discurso del crecimiento y el progreso hace sentido a ese sector.\u00a0<\/p>\n<p class=\"texto-nota\">Kast logr\u00f3 plantear una derecha que sobrepasa los sectores medios y es especialmente popular. Si consideramos el resultado de las votaciones en algunas de las comunas m\u00e1s vulnerables de la Regi\u00f3n Metropolitana obtenemos lo siguiente: en San Bernardo en la elecci\u00f3n de 2021 el presidente Boric obtuvo casi el doble de votos que Kast, ahora Kast le gan\u00f3 a Jara. En La Pintana, Jara se impuso a Kast con una diferencia de 5 puntos, pero en esa comuna Boric le gan\u00f3 a Kast con una diferencia que casi lo triplica. En la Cisterna, Kast perdi\u00f3 con Boric, pero ahora le gan\u00f3 a Jara y, en El Bosque, Boric consigui\u00f3 una diferencia de m\u00e1s del doble con Kast y ahora este derrot\u00f3 a Jara.\u00a0<\/p>\n<p class=\"texto-nota\">En las regiones el an\u00e1lisis se mantiene con las siguientes comunas: Valpara\u00edso, Antofagasta y Arica. En Valpara\u00edso Boric obtuvo alrededor del doble de votos que Kast en 2021, ahora Jara apenas lo aventaj\u00f3 por 7 puntos de distancia. En Antofagasta, Boric sum\u00f3 un poco menos del doble de votos que Kast en 2021, ahora Kast tuvo 9 puntos m\u00e1s que Jara. En Arica Boric super\u00f3 por 3 puntos a Kast, ahora Kast sobrepas\u00f3 a Jara por un poco menos del doble. La conclusi\u00f3n que se obtiene es que en casi todas las comunas populares o bien Kast le gan\u00f3 a Jara o redujo sustantivamente la diferencia de votos con respecto a la elecci\u00f3n de 2021.<\/p>\n<p class=\"texto-nota\">\u00bfPor qu\u00e9 se produjo este cambio de respaldo de los sectores populares? La respuesta no exige novedad, lo mismo ocurri\u00f3 en \u00faltima elecci\u00f3n presidencial de Estados Unidos, en Argentina y gran parte del mundo:<strong> la izquierda no sintoniza con las principales preocupaciones ciudadanas, sino con una \u00e9lite m\u00e1s acomodada, cuya vida es m\u00e1s segura, pero ya no sintoniza con la fragilidad e inseguridad de los sectores populares<\/strong>. No as\u00ed la derecha, el discurso de Kast apunta directamente a la m\u00e9dula de lo que aqueja al pueblo chileno: la inseguridad y la fragilidad econ\u00f3mica.\u00a0<\/p>\n<p class=\"texto-nota\">En lo que sigue analizaremos esto en tres temas que son fundamentales: seguridad, econom\u00eda y educaci\u00f3n.\u00a0<\/p>\n<p class=\"texto-nota\"><strong>En materia de seguridad<\/strong> Jara enfrent\u00f3 dos dificultades: la inmigraci\u00f3n y el combate al crimen. En la inmigraci\u00f3n insisti\u00f3 en la necesidad de regularizar a los inmigrantes o, como matiz\u00f3 despu\u00e9s, registrarlos. Esto ha sido una postura transversal de la izquierda moderna, ser especialmente laxos con los bordes fronterizos. Recordemos que el gobierno que abri\u00f3 la puerta a la inmigraci\u00f3n fue el segundo gobierno de Bachelet. El problema de la propuesta es que la inmigraci\u00f3n irregular colapsa los servicios, ocupa los empleos y acarrea una inmigraci\u00f3n criminal. Esas tres cosas golpean especialmente a los sectores populares.\u00a0<\/p>\n<p class=\"texto-nota\"><strong>En cuanto al combate del crimen<\/strong>, la izquierda arrastra esa dificultad, que tiene profundas ra\u00edces ideol\u00f3gicas, que le impide enfrentar al crimen con toda la fuerza de la ley. Por eso, bas\u00f3 su postura en esta idea de levantar el secreto bancario, que m\u00e1s all\u00e1 de las imprecisiones t\u00e9cnicas, poco sintoniza con la gente que vive la inseguridad de la delincuencia y el narcotr\u00e1fico en sus barrios.\u00a0<\/p>\n<p class=\"texto-nota\"><strong>En materia econ\u00f3mica<\/strong> se centr\u00f3 en subir sustantivamente el sueldo m\u00ednimo, cuando ya, no solo la evidencia, sino que la experiencia cotidiana est\u00e1 mostrando a todos los trabajadores que lo urgente es que entre plata al sistema para que haya m\u00e1s trabajo y suban los sueldos. El resto, como ya hasta Art\u00e9s lo hizo notar, precariza la vida. Se pueden defender esas medidas para quienes gozan con empleos estables, pero lo que la gente realmente necesita hoy d\u00eda son mayores posibilidades de trabajar. Cuando se est\u00e1 ofreciendo m\u00e1s trabajo las personas sienten m\u00e1s libertad y m\u00e1s oportunidades.\u00a0<\/p>\n<p class=\"texto-nota\"><strong>En la educaci\u00f3n<\/strong>, Kast ofrece terminar con la t\u00f3mbola y volver a la selecci\u00f3n. Esto se vuelve un tema sumamente importante para las familias m\u00e1s vulnerables. La destrucci\u00f3n de la educaci\u00f3n p\u00fablica, que ha vaciado los establecimientos de toda disciplina y valor, genera una inseguridad muy grande de las familias con respecto a la educaci\u00f3n que obtienen sus hijos. En esto Jara debi\u00f3 defender los \u201clogros\u201d de este gobierno que apuntan completamente a lo contrario.\u00a0<\/p>\n<p class=\"texto-nota\">El desaf\u00edo de Kast es ahora hacer realidad todas estas pol\u00edticas que apuntan a la m\u00e9dula de los problemas de los sectores m\u00e1s postergados de la sociedad. As\u00ed, la elecci\u00f3n puede consolidar un cambio de eje en las votaciones pol\u00edticas. Ahora la derecha obtiene el respaldo de los sectores populares, mientras que la izquierda apunta a un p\u00fablico m\u00e1s \u201ceducado\u201d, con menor fragilidad al crimen y a la falta de empleo, que representan los sectores medios m\u00e1s altos. <\/p>\n<p class=\"texto-nota\"><img decoding=\"async\" class=\"img-fluid wp-image-180829 mx-auto d-block\" src=\"https:\/\/www.ciperchile.cl\/wp-content\/uploads\/01-.svg\" alt=\"\"\/><\/p>\n","protected":false},"excerpt":{"rendered":"El autor de esta columna analiza el triunfo de Jos\u00e9 Antonio Kast, con el foco en los sectores&hellip;\n","protected":false},"author":2,"featured_media":314126,"comment_status":"","ping_status":"","sticky":false,"template":"","format":"standard","meta":{"footnotes":""},"categories":[42],"tags":[17,18,35677,13,14,10204,11,61,62,63,64,60493,60494,19,20,9,10,15,16,73669,12,21,22,65,66,67],"class_list":{"0":"post-314125","1":"post","2":"type-post","3":"status-publish","4":"format-standard","5":"has-post-thumbnail","7":"category-internacional","8":"tag-breaking-news","9":"tag-breakingnews","10":"tag-elecciones-2025","11":"tag-featured-news","12":"tag-featurednews","13":"tag-gabriel-boric","14":"tag-headlines","15":"tag-internacional","16":"tag-international","17":"tag-international-news","18":"tag-internationalnews","19":"tag-jeannette-jara","20":"tag-jose-antonio-kast","21":"tag-latest-news","22":"tag-latestnews","23":"tag-news","24":"tag-noticias","25":"tag-noticias-destacadas","26":"tag-noticiasdestacadas","27":"tag-sectores-vulnerables","28":"tag-titulares","29":"tag-ultimas-noticias","30":"tag-ultimasnoticias","31":"tag-world","32":"tag-world-news","33":"tag-worldnews"},"share_on_mastodon":{"url":"https:\/\/pubeurope.com\/@es\/115809433967161493","error":""},"_links":{"self":[{"href":"https:\/\/www.europesays.com\/es\/wp-json\/wp\/v2\/posts\/314125","targetHints":{"allow":["GET"]}}],"collection":[{"href":"https:\/\/www.europesays.com\/es\/wp-json\/wp\/v2\/posts"}],"about":[{"href":"https:\/\/www.europesays.com\/es\/wp-json\/wp\/v2\/types\/post"}],"author":[{"embeddable":true,"href":"https:\/\/www.europesays.com\/es\/wp-json\/wp\/v2\/users\/2"}],"replies":[{"embeddable":true,"href":"https:\/\/www.europesays.com\/es\/wp-json\/wp\/v2\/comments?post=314125"}],"version-history":[{"count":0,"href":"https:\/\/www.europesays.com\/es\/wp-json\/wp\/v2\/posts\/314125\/revisions"}],"wp:featuredmedia":[{"embeddable":true,"href":"https:\/\/www.europesays.com\/es\/wp-json\/wp\/v2\/media\/314126"}],"wp:attachment":[{"href":"https:\/\/www.europesays.com\/es\/wp-json\/wp\/v2\/media?parent=314125"}],"wp:term":[{"taxonomy":"category","embeddable":true,"href":"https:\/\/www.europesays.com\/es\/wp-json\/wp\/v2\/categories?post=314125"},{"taxonomy":"post_tag","embeddable":true,"href":"https:\/\/www.europesays.com\/es\/wp-json\/wp\/v2\/tags?post=314125"}],"curies":[{"name":"wp","href":"https:\/\/api.w.org\/{rel}","templated":true}]}}