{"id":314139,"date":"2025-12-30T16:32:09","date_gmt":"2025-12-30T16:32:09","guid":{"rendered":"https:\/\/www.europesays.com\/es\/314139\/"},"modified":"2025-12-30T16:32:09","modified_gmt":"2025-12-30T16:32:09","slug":"macarena-garcia-y-enric-auquer-separan-sus-caminos-a-causa-de-la-distancia-exclusiva-mamarazzis","status":"publish","type":"post","link":"https:\/\/www.europesays.com\/es\/314139\/","title":{"rendered":"Macarena Garc\u00eda y Enric Auquer separan sus caminos a causa de la distancia: Exclusiva Mamarazzis"},"content":{"rendered":"<p class=\"ft-text ft-helper-closenews\">Ha llegado el <strong>final de a\u00f1o<\/strong>, y las revistas han querido adelantarse al brindis. Con las portadas ya en los quioscos antes de la llegada de Nochevieja, las <a class=\"ft-link ft-link--decoration\" href=\"https:\/\/www.elperiodico.com\/es\/temas\/mamarazzis-1019840\" rel=\"nofollow noopener\" target=\"_blank\"><strong>Mamarazzis<\/strong><\/a><strong> <\/strong>han entregado un episodio tambi\u00e9n \u201cdiferente\u201d: telem\u00e1tico, con <strong>Lorena V\u00e1zquez<\/strong> conectada desde un camerino en Madrid, y con ese punto de improvisaci\u00f3n &#8216;glam&#8217; que solo puede traer una conexi\u00f3n a distancia y un repaso rosa de los que dejan <strong>deberes para 2026<\/strong>.<\/p>\n<p class=\"ft-text\">Entre <strong>rumores <\/strong>\u201cbastante heavys\u201d, rupturas que dan pena de lo bien que nos ca\u00edan, aristocracia metida en l\u00edos inmobiliarios y Campanadas con sorpresa internacional, <strong>Laura Fa<\/strong> y <strong>Lorena V\u00e1zquez<\/strong> han despedido el 2025 con la libreta llena.<\/p>\n<p>Rosal\u00eda e Ilia Topuria, un rumor que chirr\u00eda por todos lados<\/p>\n<p class=\"ft-text\">El \u00faltimo episodio de este fruct\u00edfero a\u00f1o en materia de relaciones entre famosos ha arrancado poniendo sobre la mesa las <a class=\"ft-link ft-link--decoration\" href=\"https:\/\/www.elperiodico.com\/es\/gente\/20251230\/rosalia-ilia-topuria-pareja-rumores-romance-125244543\" rel=\"nofollow noopener\" target=\"_blank\">especulaciones que vinculan a <\/a><a class=\"ft-link ft-link--decoration\" href=\"https:\/\/www.elperiodico.com\/es\/gente\/20251230\/rosalia-ilia-topuria-pareja-rumores-romance-125244543\" rel=\"nofollow noopener\" target=\"_blank\"><strong>Rosal\u00eda <\/strong><\/a><a class=\"ft-link ft-link--decoration\" href=\"https:\/\/www.elperiodico.com\/es\/gente\/20251230\/rosalia-ilia-topuria-pareja-rumores-romance-125244543\" rel=\"nofollow noopener\" target=\"_blank\">e <\/a><a class=\"ft-link ft-link--decoration\" href=\"https:\/\/www.elperiodico.com\/es\/gente\/20251230\/rosalia-ilia-topuria-pareja-rumores-romance-125244543\" rel=\"nofollow noopener\" target=\"_blank\"><strong>Ilia Topuria<\/strong><\/a>. Al parecer, la cantante y el luchador estar\u00edan juntos (ya de por s\u00ed, \u201cheavy\u201d) y, adem\u00e1s, de esta presunta relaci\u00f3n se infiere que podr\u00eda haber sido el motivo de la reciente ruptura del campe\u00f3n del peso pluma. \u00bfEl problema? Que <strong>ninguna de las dos es verdad<\/strong>, seg\u00fan las Mamarazzis.<\/p>\n<p class=\"ft-text\">Fa y V\u00e1zquez remiten a un detalle clave que, para cualquier periodista del coraz\u00f3n, es como una alarma en la redacci\u00f3n: las filtraciones solo llegan del entorno de \u00e9l. As\u00ed, les chirr\u00eda especialmente que la teor\u00eda se sostenga solo con comentarios de \u201camigos de Topuria\u201d y no haya una sola imagen que confirme nada m\u00e1s all\u00e1 de aquella coincidencia en el bautizo del hijo de <strong>Omar Montes<\/strong>, al que acudieron como padrinos. \u00abNo hay im\u00e1genes de ambos juntos\u00bb fuera de ese contexto, insisten.<\/p>\n<p class=\"ft-text\">De hecho, hay otra pieza que no encaja en este rompecabezas: desde el entorno de Topuria se estar\u00eda filtrando que a \u00e9l <strong>\u00able gustar\u00eda una reconciliaci\u00f3n\u00bb<\/strong> con su pareja hasta hace escasas semanas, la empresaria venezolana <strong>Giorgina Uzcategui<\/strong>; una informaci\u00f3n que choca frontalmente con la idea de una supuesta nueva relaci\u00f3n con la artista. Y mientras tanto, deslizan las presentadoras del p\u00f3dcast, Rosal\u00eda tendr\u00eda la mirada puesta en un lugar <strong>\u00ablejos del luchador\u00bb<\/strong>. Blanco y en botella.<\/p>\n<p class=\"ft-text\">La lectura mamarazzi, pues, es bastante clara: en un <strong>\u201cmomento de imagen complicada de Topuria\u201d<\/strong> tras la presunta denuncia que habr\u00eda interpuesto su expareja contra \u00e9l, esta historia le vendr\u00eda de maravilla al peleador para desplazar el foco hacia un relato m\u00e1s amable y menos judicial que un presunto caso de <strong>violencia de g\u00e9nero<\/strong>. Con todo, ellas lo zanjan sin medias tintas:<strong> \u201cAseguramos que ni hay relaci\u00f3n ni nada que se le parezca\u201d<\/strong>.<\/p>\n<p>Macarena Garc\u00eda y Enric Auquer: la ruptura que no quer\u00edamos escribir<\/p>\n<p class=\"ft-text\">Los problemas t\u00e9cnicos han obligado a adelantar una de esas exclusivas que se dan con un suspiro: <strong>Macarena Garc\u00eda<\/strong> y <strong>Enric Auquer<\/strong> han roto. \u201cEra una relaci\u00f3n que nos gustaba much\u00edsimo\u201d, confesaban las Mamarazzis. Y es que el combo era perfecto: dos actores j\u00f3venes, en pleno momento profesional, con esa qu\u00edmica que se celebraba incluso desde la grada.<\/p>\n<p class=\"ft-text\">Ambos se conocieron rodando <strong>&#8216;La casa en flames&#8217; <\/strong>y llevaban alrededor de un a\u00f1o y medio de relaci\u00f3n. Primero llegaron las im\u00e1genes paseando por Madrid y despu\u00e9s el salto a la alfombra roja, con posado incluido, en los Premios Feroz. Parec\u00eda una historia s\u00f3lida, pero la vida (y los rodajes, y las agendas, y los aviones) ha impedido que la relaci\u00f3n siguiese su cauce.<\/p>\n<p class=\"ft-text\">El motivo, seg\u00fan han contado las autoras del p\u00f3dcast, ha sido la <strong>distancia<\/strong>, que \u201cha pasado de ser f\u00edsica a emocional\u201d. Aun as\u00ed, los dos implicados est\u00e1n en las islas Canarias, donde han pasado Navidad y pasar\u00e1n Fin de A\u00f1o. \u00bf\u00daltimo viaje pactado? \u00bfCierre elegante? \u00bfIntento de arreglar lo irreparable? Las Mamarazzis lo resumen con un diagn\u00f3stico simple: \u00ab<strong>La distancia les ha pasado factura\u00bb<\/strong>.<\/p>\n<p class=\"ft-text\">Y en mitad de todo, una pincelada curiosa: <strong>Javier Ambrossi<\/strong>, hermano de Macarena, ha cogido un perfil m\u00e1s bajo, que no depresivo, en la ruptura que puso fin al binomio de Los Javis.<\/p>\n<p>La Casa de Alba, detr\u00e1s del disgusto inmobiliario que afecta a 75 familias <\/p>\n<p class=\"ft-text\">Si ya una ruptura es triste de por s\u00ed, el programa de esta semana ha adquirido un tono m\u00e1s sombr\u00edo apesadumbrado con el<strong> \u00abdisgusto\u00bb de 75 familias que tendr\u00e1n que abandonar sus hogares en Madrid <\/strong>para dejar paso al nuevo negocio inmobiliario de la <strong>Casa de Alba<\/strong>. As\u00ed lo ha anunciado en exclusiva el diario &#8216;El Pa\u00eds&#8217;, desde donde han informado de la en\u00e9sima macrooperaci\u00f3n inmobiliaria con consecuencias solo para los m\u00e1s desfavorecidos.<\/p>\n<p class=\"ft-text\">El contexto es el siguiente: la Casa de Alba tiene la propiedad de edificios hist\u00f3ricos y patrimonio inmobiliario en la capital. Luego, ante el plan llamado \u2018Reside\u2019, por el que si solo rehabilitas edificios enteros puedes destinarlos a <strong>fines tur\u00edsticos<\/strong>, la familia de la Duquesa ve una oportunidad de negocio que no est\u00e1n dispuestos a rechazar. \u00bfQu\u00e9 implica esto en la pr\u00e1ctica? Que vecinos de bloques en el centro de Madrid ser\u00e1n <strong>expulsados <\/strong>tras recibir la notificaci\u00f3n de que <strong>sus contratos de alquiler no se renovar\u00e1n<\/strong>.<\/p>\n<p class=\"ft-text\">Desde la Casa de Alba, seg\u00fan han contado Laura y Lorena, no han dado una respuesta oficial (cosas de las vacaciones de Navidad) m\u00e1s all\u00e1 de confirmar que el plan est\u00e1 en marcha y que tendr\u00e1n <strong>\u00abmucho cuidado\u00bb con este proceso de rehabilitaci\u00f3n<\/strong>. Tambi\u00e9n aseguran que han tenido en cuenta a las familias y que ya les avisaron <strong>\u00abcon tiempo\u00bb <\/strong>mediante una carta. Por el momento, entre <strong>40 y 50 familias<\/strong> ya habr\u00edan entregado las llaves y encontrado alternativa.<\/p>\n<p class=\"ft-text\">Eso s\u00ed, pese a que se deduce dicha transformaci\u00f3n, de momento no confirman que esos inmuebles vayan a ser <strong>pisos tur\u00edsticos<\/strong>. Las Mamarazzis han recordado, a su vez, que<strong> \u00abla Duquesa nunca quiso apretar a los vecinos\u00bb <\/strong>con los alquileres, aunque tambi\u00e9n admiten que \u00abaquella \u00e9poca tampoco contaba con una <strong>deshumanizaci\u00f3n <\/strong>tan heavy como la de ahora\u201d. Traducido: antes tambi\u00e9n hab\u00eda aristocracia y patrimonio, pero <strong>el mercado no mord\u00eda as\u00ed<\/strong>.<\/p>\n<p>Chenoa y la ic\u00f3nica cobra: \u201cefecto \u00f3ptico\u00bb y un enfado que no caduca<\/p>\n<p class=\"ft-text\">De la vivienda a la nostalgia televisiva, porque hay cosas que Espa\u00f1a no supera. Una de ellas es la <strong>cobra de David Bisbal a Chenoa en el Palau Sant Jordi<\/strong>. La cantante se la ha vuelto a topar con sus fantasmas del pasado, esta vez en una entrevista con Miki N\u00fa\u00f1ez, y ha dado su versi\u00f3n: fue un<strong> \u201cefecto \u00f3ptico\u201d<\/strong>.<\/p>\n<p class=\"ft-text\">El detalle jugoso no es la teor\u00eda, que predica que todo fue fruto de un malentendido, sino lo que vino despu\u00e9s: David Bisbal le escribi\u00f3 para decirle que le sab\u00eda mal y que hab\u00eda tratado de explicarlo. Ella, no obstante, lo sigue teniendo claro:<strong> \u00abDemasiado tarde\u00bb<\/strong>. Le reprocha, precisamente, esa tardanza con las explicaciones, algo que Lorena ha rematado afirmando que \u00abpor su car\u00e1cter, [David Bisbal] <strong>no supo solucionarlo<\/strong>\u00ab. Como consecuencia, por mucho que pasen los a\u00f1os y que las palabras, m\u00e1s despreocupadas que nunca, intenten cicatrizar esa herida, <strong>\u00ablas caras\u00bb <\/strong>de Chenoa al revivir el momento evidencian que sigue molesta.<\/p>\n<p class=\"ft-text\">Con todo, puede que est\u00e9 cansada de arrastrar el episodio, pero aquello le <strong>abri\u00f3 muchas<\/strong> puertas en su carrera profesional. Lo que no te mata\u2026 te da titular para dos d\u00e9cadas.<\/p>\n<p>RTVE se vuelca con la m\u00fasica para competir en las Campanadas<\/p>\n<p class=\"ft-text\">Y de la cobra al confeti: <strong>las Campanadas vienen cargadas<\/strong>. La bomba llega de la mano de RTVE, que se lleva el gato al agua con una actuaci\u00f3n de nada m\u00e1s y nada menos que Shakira. M\u00e1s all\u00e1 de este movimiento estrat\u00e9gico de la cantante colombiana, cuyo &#8216;tour&#8217; del a\u00f1o que viene tendr\u00e1 parada en nuestro pa\u00eds, lo mejor de todo es que este 31 de diciembre no vendr\u00e1 sola: tambi\u00e9n se anunci\u00f3 una lista amplia de artistas, entre los que aparece <strong>La Oreja de Van Gogh<\/strong>, con estreno de nueva canci\u00f3n incluido.<strong> \u00abMe parece algo supernovedoso\u00bb<\/strong>, han coincidido las Mamarazzis sobre la apuesta de la televisi\u00f3n p\u00fablica, que este a\u00f1o quiere espect\u00e1culo de verdad.<\/p>\n<p class=\"ft-text\">En el lado contrario, este a\u00f1o <strong>Cristina Pedroche \u201clo tendr\u00e1 muy complicado\u201d<\/strong>. \u00bfY Mediaset? \u201cNo tengo <strong>ni idea <\/strong>de qui\u00e9n hace las Campanadas de Telecinco\u201d, han reconocido antes de dar con los nombres de <strong>Sandra Barneda<\/strong> y <strong>Chuso Jones<\/strong>.<\/p>\n<p>La futura vivienda de la Infanta Cristina en Barcelona<\/p>\n<p class=\"ft-text\">En un a\u00f1o plagado de titulares vinculados a la Casa Real, ha sido<strong> Cristina de Borb\u00f3n<\/strong> la encargada de hacer los honores y ser el tema de despedida de este 2025. Seg\u00fan &#8216;Diez Minutos&#8217;, la Infanta ha adquirido una <strong>nueva propiedad en Barcelona<\/strong>: un piso de <strong>305 m2<\/strong>, en una cuarta planta de un edificio de la <strong>avenida Pedralbes<\/strong>. La revista ofrece im\u00e1genes de la hermana de Felipe VI visit\u00e1ndolo con algunas personas implicadas en la operaci\u00f3n inmobiliaria.<\/p>\n<p>https:\/\/cdn.jwplayer.com\/previews\/1ZyAX3Yl-mB6XXHC2<\/p>\n<p class=\"ft-helper-fontColor-quaternary ft-helper-fontSize-body-S ft-helper-spacer-t-xxs\">Macarena Garc\u00eda y Enric Auquer separan sus caminos a causa de la distancia <\/p>\n<p class=\"ft-text\">La gran pregunta es obvia: \u00bfse muda ya? Las Mamarazzis han podido confirmar que si bien \u00abtarde o temprano va a acabar viviendo en Barcelona\u201d, matizan que<strong> \u00abno va a ser ya\u00bb<\/strong>. Por ahora, su residencia y su trabajo siguen en <strong>Suiza<\/strong>, aunque sus visitas semanales y esta adquisici\u00f3n permiten sacar una conclusi\u00f3n clara: <strong>la mudanza no ser\u00e1 inminente, pero est\u00e1 \u00aben sus planes\u00bb<\/strong>.<\/p>\n<p>D\u00f3nde ver y escuchar a las Mamarazzis<\/p>\n<p class=\"ft-text\">El\u00a0<strong>p\u00f3dcast &#8216;Mamarazzis&#8217;<\/strong>\u00a0se emite cada mi\u00e9rcoles en directo (14.30 horas) en las cuentas de\u00a0<a href=\"https:\/\/www.instagram.com\/elperiodico_cas\/\" class=\"ft-link ft-link--decoration\" rel=\"nofollow noopener\" target=\"_blank\">Instagram\u00a0<\/a>y\u00a0<a href=\"https:\/\/x.com\/elperiodico\" class=\"ft-link ft-link--decoration\" rel=\"nofollow\">X<\/a>\u00a0de este diario. Lo encontrar\u00e1s en los principales agregadores:\u00a0<a href=\"https:\/\/www.ivoox.com\/podcast-mamarazzis_sq_f11477771_1.html\" class=\"ft-link ft-link--decoration\" rel=\"nofollow noopener\" target=\"_blank\">Ivoox<\/a>,\u00a0<a href=\"https:\/\/open.spotify.com\/show\/2Ll1XhE7LfXavhzlIUmLsD\" class=\"ft-link ft-link--decoration\" rel=\"nofollow noopener\" target=\"_blank\">Spotify<\/a>,\u00a0<a href=\"https:\/\/podimo.com\/es\/shows\/e07f862c-f8b9-47ad-9496-592040db20cf\" class=\"ft-link ft-link--decoration\" rel=\"nofollow noopener\" target=\"_blank\">Podimo<\/a>,\u00a0<a href=\"https:\/\/music.amazon.es\/podcasts\/d091bc51-57ea-47c8-82aa-ea5ca52b4b9c\/mamarazzis\" class=\"ft-link ft-link--decoration\" rel=\"nofollow noopener\" target=\"_blank\">Amazon Podcasts<\/a>\u00a0y\u00a0<a href=\"https:\/\/podcasts.apple.com\/es\/podcast\/mamarazzis\/id1618776837\" class=\"ft-link ft-link--decoration\" rel=\"nofollow noopener\" target=\"_blank\">Apple Podcasts<\/a>.<\/p>\n<p data-close=\"closedContent\" class=\"subscribeHideForDisplay\">Suscr\u00edbete para seguir leyendo<\/p>\n<p><script async src=\"\/\/www.instagram.com\/embed.js\"><\/script><\/p>\n","protected":false},"excerpt":{"rendered":"Ha llegado el final de a\u00f1o, y las revistas han querido adelantarse al brindis. Con las portadas ya&hellip;\n","protected":false},"author":2,"featured_media":314140,"comment_status":"","ping_status":"","sticky":false,"template":"","format":"standard","meta":{"footnotes":""},"categories":[174],"tags":[73670,22431,255,17945,18875,4411,5637,18762,4021,146,147,25,24,256,66887,3142,1523,60,25492,2667,4147,10850,12504,23],"class_list":{"0":"post-314139","1":"post","2":"type-post","3":"status-publish","4":"format-standard","5":"has-post-thumbnail","7":"category-famosos","8":"tag-auquer","9":"tag-caminos","10":"tag-celebrities","11":"tag-chenoa","12":"tag-cristina-pedroche","13":"tag-david-bisbal","14":"tag-distancia","15":"tag-duquesa-de-alba","16":"tag-enric","17":"tag-entertainment","18":"tag-entretenimiento","19":"tag-es","20":"tag-espana","21":"tag-famosos","22":"tag-fin-de-ano","23":"tag-garcia","24":"tag-ilia-topuria","25":"tag-macarena","26":"tag-mamarazzis","27":"tag-podcast","28":"tag-rosalia","29":"tag-separan","30":"tag-shakira","31":"tag-spain"},"share_on_mastodon":{"url":"https:\/\/pubeurope.com\/@es\/115809481052264438","error":""},"_links":{"self":[{"href":"https:\/\/www.europesays.com\/es\/wp-json\/wp\/v2\/posts\/314139","targetHints":{"allow":["GET"]}}],"collection":[{"href":"https:\/\/www.europesays.com\/es\/wp-json\/wp\/v2\/posts"}],"about":[{"href":"https:\/\/www.europesays.com\/es\/wp-json\/wp\/v2\/types\/post"}],"author":[{"embeddable":true,"href":"https:\/\/www.europesays.com\/es\/wp-json\/wp\/v2\/users\/2"}],"replies":[{"embeddable":true,"href":"https:\/\/www.europesays.com\/es\/wp-json\/wp\/v2\/comments?post=314139"}],"version-history":[{"count":0,"href":"https:\/\/www.europesays.com\/es\/wp-json\/wp\/v2\/posts\/314139\/revisions"}],"wp:featuredmedia":[{"embeddable":true,"href":"https:\/\/www.europesays.com\/es\/wp-json\/wp\/v2\/media\/314140"}],"wp:attachment":[{"href":"https:\/\/www.europesays.com\/es\/wp-json\/wp\/v2\/media?parent=314139"}],"wp:term":[{"taxonomy":"category","embeddable":true,"href":"https:\/\/www.europesays.com\/es\/wp-json\/wp\/v2\/categories?post=314139"},{"taxonomy":"post_tag","embeddable":true,"href":"https:\/\/www.europesays.com\/es\/wp-json\/wp\/v2\/tags?post=314139"}],"curies":[{"name":"wp","href":"https:\/\/api.w.org\/{rel}","templated":true}]}}