{"id":314157,"date":"2025-12-30T16:43:08","date_gmt":"2025-12-30T16:43:08","guid":{"rendered":"https:\/\/www.europesays.com\/es\/314157\/"},"modified":"2025-12-30T16:43:08","modified_gmt":"2025-12-30T16:43:08","slug":"el-gobierno-aprueba-la-orden-gecco-2026-para-la-contratacion-de-personas-extranjeras-en-origen-y-migracion-circular","status":"publish","type":"post","link":"https:\/\/www.europesays.com\/es\/314157\/","title":{"rendered":"El Gobierno aprueba la Orden GECCO 2026 para la contrataci\u00f3n de personas extranjeras en origen y migraci\u00f3n circular"},"content":{"rendered":"<p class=\"main-image\">&#13; <img decoding=\"async\" alt=\"Trabajadores migrantes\" title=\"Trabajadores migrantes\" src=\"https:\/\/www.europesays.com\/es\/wp-content\/uploads\/2025\/12\/301225-trabajadoras-migrantes.JPG\"\/>&#13;Trabajadores migrantes&#13;&#13;<\/p>\n<p>El Ministerio de Inclusi\u00f3n, Seguridad Social y Migraciones, a trav\u00e9s de la Secretar\u00eda de Estado de Migraciones, ha aprobado la Orden para la Gesti\u00f3n Colectiva de Contrataciones en Origen (GECCO) correspondiente al pr\u00f3ximo a\u00f1o 2026. <\/p>\n<p>La <a href=\"https:\/\/www.boe.es\/eli\/es\/o\/2025\/12\/23\/ism1547\" target=\"_blank\" onclick=\"javascript:GoogleTrackEvent(&#039;True&#039;,&#039;Contenido&#039;,&#039;Click&#039;,&#039;[https:\/\/www.lamoncloa.gob.es\/serviciosdeprensa\/notasprensa\/inclusion\/Paginas\/2025\/301225-contratacion-extranjeros-origen.aspx] Orden GECCO, publicada en el Bolet\u00edn Oficial del Estado. [https:\/\/www.boe.es\/eli\/es\/o\/2025\/12\/23\/ism1547]&#039;);\" rel=\"nofollow noopener\">Orden GECCO, publicada en el Bolet\u00edn Oficial del Estado<\/a>, contiene las normas necesarias para la gesti\u00f3n, con plenos derechos y garant\u00edas, de la contrataci\u00f3n colectiva en origen y los programas de migraci\u00f3n circular. \u00abM\u00e1s de 25.000 trabajadores circulares han llegado este a\u00f1o para trabajar a nuestro pa\u00eds en actividades de temporada, un r\u00e9cord que muestra la importancia creciente de este tipo de migraci\u00f3n y su regulaci\u00f3n\u00bb ha se\u00f1alado Elma Saiz, ministra de Inclusi\u00f3n, Seguridad Social y Migraciones.   <\/p>\n<p>M\u00e1s garant\u00edas y adecuaci\u00f3n al RELOEX <\/p>\n<p>El texto se adec\u00faa al nuevo Reglamento de Extranjer\u00eda (RELOEX), que entr\u00f3 en vigor en mayo de 2025 con la novedad de incorporar derechos y garant\u00edas de las personas trabajadoras que se preve\u00edan anualmente en la orden ministerial, brindando as\u00ed una mayor seguridad jur\u00eddica a estos trabajadores. As\u00ed, el RELOEX prev\u00e9 la gesti\u00f3n colectiva de contrataciones en origen en el t\u00edtulo VI, un nuevo modelo de gesti\u00f3n de contrataci\u00f3n que permite tramitar conjuntamente varias autorizaciones, de al menos 10 puestos de trabajo, siempre y cuando las personas extranjeras no se encuentren en Espa\u00f1a. <\/p>\n<p>Los dos modelos de contrataci\u00f3n previstos en la Orden GECCO, estable y circular, podr\u00e1n realizarse de forma gen\u00e9rica y nominativa, y admiten formas de tramitaci\u00f3n ordinaria y unificada. Al igual que este a\u00f1o, la orden para 2026 profundiza en la modalidad de contrataci\u00f3n nominativa, con el objetivo de dar cabida, dentro del marco de las contrataciones fijo-discontinuas, a proyectos migratorios de naturaleza circular que hubiesen utilizado la figura de la residencia de duraci\u00f3n determinada hasta su derogaci\u00f3n efectiva el 27 de julio de 2023.  <\/p>\n<p>Adem\u00e1s, la nueva orden ministerial a\u00f1ade un art\u00edculo, el n\u00famero 7, de garant\u00edas espec\u00edficas para migraci\u00f3n circular, destinado a proteger el bienestar sociolaboral de los participantes en estos programas. Mediante este, la persona empleadora estar\u00e1 obligada a garantizar un alojamiento durante todo el periodo de actividad y en cada uno de los llamamientos sucesivos, y se deber\u00e1 comunicar al \u00f3rgano de tramitaci\u00f3n cualquier cambio que se produzca sobre el mismo. <\/p>\n<p>En su conjunto, el texto permite responder a las demandas espec\u00edficas del mercado laboral espa\u00f1ol, garantizando la mano de obra en sectores esenciales, al tiempo que ofrece oportunidades laborales y formaci\u00f3n a las personas participantes. \u00abEstos programas de migraci\u00f3n circular constituyen una herramienta de enriquecimiento mutuo para todas las partes implicadas, adem\u00e1s de promover una migraci\u00f3n acorde al Pacto Mundial para la Migraci\u00f3n Segura, Ordenada y Regular de las Naciones Unidas\u00bb, se\u00f1ala Saiz. <\/p>\n<p>Crecimiento de los programas de migraci\u00f3n circular <\/p>\n<p>Los programas de migraci\u00f3n circular han permitido que 25.767 trabajadores y trabajadoras procedentes de 17 pa\u00edses hayan realizado actividades de temporada en nuestro pa\u00eds durante 2025, un 25% m\u00e1s que en 2024. Destinadas mayormente al sector de la agricultura, las actividades se han desarrollado en un total de 21 provincias espa\u00f1olas y evidencian un crecimiento sostenido en los \u00faltimos a\u00f1os, con m\u00e1s de 65.000 participantes en los \u00faltimos tres a\u00f1os (19.000 en 2023, m\u00e1s de 20.000 el a\u00f1o pasado y m\u00e1s de 25.000 en 2025).<\/p>\n<p>Este crecimiento de la migraci\u00f3n circular muestra la importancia de la Orden GECCO, que prev\u00e9 la concesi\u00f3n de autorizaciones de cuatro a\u00f1os de duraci\u00f3n con posibilidad de pr\u00f3rroga si se cumplen los requisitos estipulados. Estas autorizaciones, de car\u00e1cter plurianual, permiten trabajar por un periodo m\u00e1ximo de nueve meses durante cada a\u00f1o natural mediante una contrataci\u00f3n fijo-discontinua. Anualmente, las personas trabajadoras titulares de la autorizaci\u00f3n de actividad de temporada deber\u00e1n regresar al t\u00e9rmino de su actividad laboral de forma inmediata a su pa\u00eds de origen. <\/p>\n<p>La Orden estipula tambi\u00e9n las condiciones de contrataci\u00f3n, renovaci\u00f3n y gesti\u00f3n de estas autorizaciones temporales tanto para personas contratantes como participantes, buscando trasladar las garant\u00edas y flexibilidad del marco jur\u00eddico nacional a este tipo de contrataci\u00f3n. \u00abLa migraci\u00f3n es una palanca vital para el crecimiento econ\u00f3mico de nuestro pa\u00eds, y esta Orden garantiza un trato digno y eficiente para las personas migrantes circulares, dot\u00e1ndolas de la seguridad jur\u00eddica y laboral que merecen\u00bb, se\u00f1ala Saiz. <\/p>\n<p>WAFIRA continuar\u00e1 en 2026 <\/p>\n<p>Durante 2025, el 92% de participantes en los programas de migraci\u00f3n circular fueron mujeres. En l\u00ednea con seguir potenciando la migraci\u00f3n circular y ordenada, el pasado 16 de diciembre los Gobiernos de Espa\u00f1a, Francia y Marruecos pactaron poner en marcha en 2026 WAFIRA II, el programa regional de migraci\u00f3n circular que acompa\u00f1ar\u00e1 a 3.000 trabajadores marroqu\u00edes, en su mayor\u00eda mujeres, empleadas de manera estacional en Espa\u00f1a y Francia.  <\/p>\n<p>Tras una primera fase (2021-2025) que permiti\u00f3 reforzar la autonom\u00eda econ\u00f3mica de 250 trabajadoras temporeras marroqu\u00edes, WAFIRA II (2026-2028) da un salto adelante en cuanto a volumen y alcance, convirtiendo a la iniciativa en un ejemplo de \u00e9xito de los programas de migraci\u00f3n circular. Esta nueva edici\u00f3n de WAFIRA cuenta con el apoyo de la Uni\u00f3n Europea y ha sido ampliada a seis pa\u00edses: Marruecos, Espa\u00f1a, Francia, Portugal, Mauritania y Cabo Verde, buscando que la movilidad laboral sea m\u00e1s segura, mejor organizada y m\u00e1s beneficiosa para las personas migrantes y los territorios implicados<\/p>\n","protected":false},"excerpt":{"rendered":"&#13; &#13;Trabajadores migrantes&#13;&#13; El Ministerio de Inclusi\u00f3n, Seguridad Social y Migraciones, a trav\u00e9s de la Secretar\u00eda de Estado&hellip;\n","protected":false},"author":2,"featured_media":314158,"comment_status":"","ping_status":"","sticky":false,"template":"","format":"standard","meta":{"footnotes":""},"categories":[42],"tags":[517,17,18,13,14,11,17322,61,62,63,64,19,20,9,10,15,16,2330,29767,12,21,22,65,66,67],"class_list":{"0":"post-314157","1":"post","2":"type-post","3":"status-publish","4":"format-standard","5":"has-post-thumbnail","7":"category-internacional","8":"tag-actualidad","9":"tag-breaking-news","10":"tag-breakingnews","11":"tag-featured-news","12":"tag-featurednews","13":"tag-headlines","14":"tag-inclusion","15":"tag-internacional","16":"tag-international","17":"tag-international-news","18":"tag-internationalnews","19":"tag-latest-news","20":"tag-latestnews","21":"tag-news","22":"tag-noticias","23":"tag-noticias-destacadas","24":"tag-noticiasdestacadas","25":"tag-prensa","26":"tag-seguridad-social-y-migraciones","27":"tag-titulares","28":"tag-ultimas-noticias","29":"tag-ultimasnoticias","30":"tag-world","31":"tag-world-news","32":"tag-worldnews"},"share_on_mastodon":{"url":"https:\/\/pubeurope.com\/@es\/115809524504809865","error":""},"_links":{"self":[{"href":"https:\/\/www.europesays.com\/es\/wp-json\/wp\/v2\/posts\/314157","targetHints":{"allow":["GET"]}}],"collection":[{"href":"https:\/\/www.europesays.com\/es\/wp-json\/wp\/v2\/posts"}],"about":[{"href":"https:\/\/www.europesays.com\/es\/wp-json\/wp\/v2\/types\/post"}],"author":[{"embeddable":true,"href":"https:\/\/www.europesays.com\/es\/wp-json\/wp\/v2\/users\/2"}],"replies":[{"embeddable":true,"href":"https:\/\/www.europesays.com\/es\/wp-json\/wp\/v2\/comments?post=314157"}],"version-history":[{"count":0,"href":"https:\/\/www.europesays.com\/es\/wp-json\/wp\/v2\/posts\/314157\/revisions"}],"wp:featuredmedia":[{"embeddable":true,"href":"https:\/\/www.europesays.com\/es\/wp-json\/wp\/v2\/media\/314158"}],"wp:attachment":[{"href":"https:\/\/www.europesays.com\/es\/wp-json\/wp\/v2\/media?parent=314157"}],"wp:term":[{"taxonomy":"category","embeddable":true,"href":"https:\/\/www.europesays.com\/es\/wp-json\/wp\/v2\/categories?post=314157"},{"taxonomy":"post_tag","embeddable":true,"href":"https:\/\/www.europesays.com\/es\/wp-json\/wp\/v2\/tags?post=314157"}],"curies":[{"name":"wp","href":"https:\/\/api.w.org\/{rel}","templated":true}]}}