{"id":314179,"date":"2025-12-30T17:00:05","date_gmt":"2025-12-30T17:00:05","guid":{"rendered":"https:\/\/www.europesays.com\/es\/314179\/"},"modified":"2025-12-30T17:00:05","modified_gmt":"2025-12-30T17:00:05","slug":"kill-bill-regresa-a-cines-en-2026-y-ya-tiene-fecha-de-estreno-la-version-definitiva-de-la-pelicula-mas-sangr-diario-as","status":"publish","type":"post","link":"https:\/\/www.europesays.com\/es\/314179\/","title":{"rendered":"\u2018Kill Bill\u2019 regresa a cines en 2026 y ya tiene fecha de estreno la versi\u00f3n definitiva de la pel\u00edcula m\u00e1s sangr &#8211; Diario AS"},"content":{"rendered":"<ol>\n<li><a href=\"https:\/\/news.google.com\/rss\/articles\/CBMi_gFBVV95cUxQYWlzZHNaa3pqNWFwd3FKVUNWa3ZFdzZHNnJ2c3NiV1RjMGNxMUd3RzF6enVQWG8xc0xRaGRSOFU3blJQejRiUDdiclFOa0toWVdCaG5ySUYwc0tqcHYxeFRpeFlhQzJ1d25MbHZuaHJ5TGM1bzA4UDVzazEtdHFVTXI2c21FQzVMSXQydUZESlRfdTE4MmIxeG1TYS1NS0lwUFBKbXg2V3pKZkI0bHQzSmJLeERrdHFRY19hUEYtWWtLN2JSbmVXWVN0UWVQZFduQ3g2TUNJT2p4TWFPVFRrbDNUVFI4UWM5X3M2LVhCZWE3T3lXM1pyaE5RSzZLQdIBkgJBVV95cUxOQUZBOTRhOU1HR0hCOHYzSkhuTU1hb0VqTkNCSWpTN3lsUzJjeHlTbi1BTkd3RV9vZHZub0F2djhUQzlCUjZBOG1wTWoxcUZrSmRiNlVsOTQ3WnZ3QUw4M0NZRmNtWC1aSUhJekhIeVRJcnVQT1ZBamFiQWVKNU5TeW15UXo3ZVpDdmxNcjJ5bThTbUtoNDhJOFVTUl95cHJGOFRFMndSYXg0LWUtZDRvSzl6U2lpMEoxNFZRUXlHc3l4eEFZQ0FVd1FOak9NTXlJeUNqTi0tNlFmNnpiZVl5a29adlBtbXVPMnZ2by1iOWZPcFg5c0pJYVRheUU5OHRWcFNXUmdZbUVHT3pPMnpEMFRB?oc=5\" target=\"_blank\" rel=\"nofollow noopener\">\u2018Kill Bill\u2019 regresa a cines en 2026 y ya tiene fecha de estreno la versi\u00f3n definitiva de la pel\u00edcula m\u00e1s sangr<\/a>&nbsp;&nbsp;Diario AS<\/li>\n<li><a href=\"https:\/\/news.google.com\/rss\/articles\/CBMingFBVV95cUxNZDhoLU92bHF3LTBHV2UzTXpIaFdzUnQwN2ZHbDN5WGVOLUJKeHNjdDdPSEt1Y0FhMk0xT19ZQUNnWmUtNkRzdGplaHRmU2FBZjUxWDYzbzFDTzhXS053SFFVanFFSmpueXFzWjYtcVBmUXUzTUVFSUpubHJMSW4wTGJ4UjhKc1ZFRDNvZ0tDSV80S3hTUjlnOTU4Tzl3dw?oc=5\" target=\"_blank\" rel=\"nofollow noopener\">&#8216;Kill Bill: The Whole Bloody Affair&#8217; llegar\u00e1 a Espa\u00f1a: ya tiene fecha de estreno<\/a>&nbsp;&nbsp;eCartelera<\/li>\n<li><a href=\"https:\/\/news.google.com\/rss\/articles\/CBMiaEFVX3lxTFB1aHRRNW5IcEpJdTlkSnZyUmQ5V19DUU5xSm9uU2R1QlJTQmYtaHdzQ1NnMmpQQXlPV0gzRjBrdXNUbnhZUzMta0M0ekVjRDdmMldVYWdzVmhSeXFSVlZKWHBUSVJ1NjNC0gFuQVVfeXFMT2EtLXNLWHNBb1RhTFlXTnJOUkxmcmNnTFlsZWpZVkEyQllvODcwWEFaeGVhX3ltMl92TldRek1QOGJTbWZFcVhZQnFoa2hPSHFfT204TGZJdmxwZW5wRjNXc3c0YkpzYWpTSVZ0alE?oc=5\" target=\"_blank\" rel=\"nofollow noopener\">Venganza con katana y sangre: Tarantino desatado en un homenaje al cine de artes marciales que no envejece<\/a>&nbsp;&nbsp;SensaCine.com.mx<\/li>\n<li><a href=\"https:\/\/news.google.com\/rss\/articles\/CBMiuAFBVV95cUxOaVh3U0gzQ1VPNDlMbGxMTExmMlZKVGROM2JaQ1FwYkluN3ZlZWowbTI3ZmVmRmdCdlRDckNYY1A2SU9OMmp2T0hUSFZpRW1SZjE0SGcxZTlvTUswZ3VqYjJsX1FVOV9sUDZwSTZLUERYODBwc0RYeVlkMnNhcmVPeHlXdFNmelIzZUtQR2NKYUhxckNCVW5pclVrVEJDUGI4Yi16RUZ6Q2xzbXJhNnpqSVJQUDZBRDBx?oc=5\" target=\"_blank\" rel=\"nofollow noopener\">\u2018Kill Bill: The Whole Bloody Affair\u2019 llegar\u00e1 a los cines el 10 de abril<\/a>&nbsp;&nbsp;No es cine todo lo que reluce<\/li>\n<li><a href=\"https:\/\/news.google.com\/rss\/articles\/CBMixwFBVV95cUxOT0RUZDFtZlZYM3BnZS1qMk1NWGhOUEdCZEQ0REI1QUJWbGM3VTlhT3Rrb2xycjRabUpFVDh3bUZ2S2tJZDZOVEpaZnBpZW1ZUkxNNk1hWmJXbzNiN2ZQZG1PdWpMekN6dnFuUHRfT2Zmay1Sdl9XQjVaYWtzVnNqaXNlaHZKcEF0b2QyQ3R0SU9Hampvd25pbmhIRExRanNrQlI4YkNRNm1RY0RlUEJVcVhHTFJvVXRna2NUdi1EaU5EWFdVVXNF?oc=5\" target=\"_blank\" rel=\"nofollow noopener\">\u2018Kill Bill: The Whole Bloody Affair\u2019, la versi\u00f3n definitiva de la pel\u00edcula de Tarantino, ya tiene fecha de estreno en Espa\u00f1a<\/a>&nbsp;&nbsp;Hipertextual<\/li>\n<\/ol>\n","protected":false},"excerpt":{"rendered":"\u2018Kill Bill\u2019 regresa a cines en 2026 y ya tiene fecha de estreno la versi\u00f3n definitiva de la&hellip;\n","protected":false},"author":2,"featured_media":297172,"comment_status":"","ping_status":"","sticky":false,"template":"","format":"standard","meta":{"footnotes":""},"categories":[169],"tags":[177,146,147,25,24,176,175,23],"class_list":{"0":"post-314179","1":"post","2":"type-post","3":"status-publish","4":"format-standard","5":"has-post-thumbnail","7":"category-cine","8":"tag-cine","9":"tag-entertainment","10":"tag-entretenimiento","11":"tag-es","12":"tag-espana","13":"tag-film","14":"tag-movies","15":"tag-spain"},"share_on_mastodon":{"url":"https:\/\/pubeurope.com\/@es\/115809591187232025","error":""},"_links":{"self":[{"href":"https:\/\/www.europesays.com\/es\/wp-json\/wp\/v2\/posts\/314179","targetHints":{"allow":["GET"]}}],"collection":[{"href":"https:\/\/www.europesays.com\/es\/wp-json\/wp\/v2\/posts"}],"about":[{"href":"https:\/\/www.europesays.com\/es\/wp-json\/wp\/v2\/types\/post"}],"author":[{"embeddable":true,"href":"https:\/\/www.europesays.com\/es\/wp-json\/wp\/v2\/users\/2"}],"replies":[{"embeddable":true,"href":"https:\/\/www.europesays.com\/es\/wp-json\/wp\/v2\/comments?post=314179"}],"version-history":[{"count":0,"href":"https:\/\/www.europesays.com\/es\/wp-json\/wp\/v2\/posts\/314179\/revisions"}],"wp:featuredmedia":[{"embeddable":true,"href":"https:\/\/www.europesays.com\/es\/wp-json\/wp\/v2\/media\/297172"}],"wp:attachment":[{"href":"https:\/\/www.europesays.com\/es\/wp-json\/wp\/v2\/media?parent=314179"}],"wp:term":[{"taxonomy":"category","embeddable":true,"href":"https:\/\/www.europesays.com\/es\/wp-json\/wp\/v2\/categories?post=314179"},{"taxonomy":"post_tag","embeddable":true,"href":"https:\/\/www.europesays.com\/es\/wp-json\/wp\/v2\/tags?post=314179"}],"curies":[{"name":"wp","href":"https:\/\/api.w.org\/{rel}","templated":true}]}}