{"id":314184,"date":"2025-12-30T17:03:07","date_gmt":"2025-12-30T17:03:07","guid":{"rendered":"https:\/\/www.europesays.com\/es\/314184\/"},"modified":"2025-12-30T17:03:07","modified_gmt":"2025-12-30T17:03:07","slug":"la-asistencia-a-las-salas-de-cine-en-espana-disminuye-un-8-en-2025-cultura","status":"publish","type":"post","link":"https:\/\/www.europesays.com\/es\/314184\/","title":{"rendered":"La asistencia a las salas de cine en Espa\u00f1a disminuye un 8% en 2025 | Cultura"},"content":{"rendered":"<p class=\"\">La gente va menos al cine. Para ser exactos, un 8% menos que el a\u00f1o pasado. El dato lo ha hecho p\u00fablico este martes la empresa auditora de carteleras de cine Comscore en un nuevo informe de asistencia anual en Espa\u00f1a. En 2025 hubo 65 millones de espectadores y la taquilla alcanz\u00f3 los 453 millones de euros. En 2024, <a href=\"https:\/\/elpais.com\/cultura\/2024-12-31\/la-taquilla-del-cine-en-espana-se-salva-de-la-debacle-gracias-a-los-ultimos-estrenos-de-2024.html\" target=\"_self\" rel=\"nofollow noopener\" title=\"https:\/\/elpais.com\/cultura\/2024-12-31\/la-taquilla-del-cine-en-espana-se-salva-de-la-debacle-gracias-a-los-ultimos-estrenos-de-2024.html\">la asistencia ya hab\u00eda bajado un 5%.<\/a><\/p>\n<p class=\"\">La evoluci\u00f3n de la taquilla ha sido irregular. El primer semestre cerr\u00f3 en positivo con un incremento del 3% respecto a 2024, pero el segundo semestre tiene un descenso provisional del 16%, con octubre (-28%) y noviembre (-31%) como los peores meses. <\/p>\n<p>M\u00e1s informaci\u00f3n<\/p>\n<p class=\"\"><a href=\"https:\/\/elpais.com\/cultura\/cine\/2025-12-19\/avatar-fuego-y-ceniza-cine-para-la-gente-a-la-que-no-le-acaba-de-gustar-el-cine.html\" target=\"_blank\" rel=\"noreferrer nofollow noopener\" title=\"https:\/\/elpais.com\/cultura\/cine\/2025-12-19\/avatar-fuego-y-ceniza-cine-para-la-gente-a-la-que-no-le-acaba-de-gustar-el-cine.html\">Avatar: fuego y ceniza<\/a>, estrenada el 19 de diciembre, ha sido el mejor estreno de 2025 en Espa\u00f1a, con 6,2 millones de euros en su primer fin de semana, aunque el primer lugar del a\u00f1o acumulado a 29 de diciembre se lo lleva <a href=\"https:\/\/elpais.com\/cultura\/2025-05-23\/lilo-stitch-otra-victima-del-bisturi-disney-con-los-seres-de-carne-y-hueso.html\" target=\"_blank\" rel=\"noreferrer nofollow noopener\" title=\"https:\/\/elpais.com\/cultura\/2025-05-23\/lilo-stitch-otra-victima-del-bisturi-disney-con-los-seres-de-carne-y-hueso.html\">Lilo y Stitch<\/a>, tambi\u00e9n de Disney y estrenada siete meses antes. Del 26 al 28 de diciembre fue el mejor fin de semana \u2014el segundo de esta pel\u00edcula en salas\u2014 con una recaudaci\u00f3n de 9,9 millones de euros. <\/p>\n<p class=\"\">En el cine nacional, el primer lugar lo ocupa la quinta entrega de la saga <a href=\"https:\/\/elpais.com\/cultura\/2025-06-29\/que-empiece-ya-que-el-publico-se-va-asi-es-una-tarde-de-plan-familiar-en-el-cine-viendo-padre-no-hay-mas-que-uno-5.html\" target=\"_blank\" rel=\"noreferrer nofollow noopener\" title=\"https:\/\/elpais.com\/cultura\/2025-06-29\/que-empiece-ya-que-el-publico-se-va-asi-es-una-tarde-de-plan-familiar-en-el-cine-viendo-padre-no-hay-mas-que-uno-5.html\">Padre no hay m\u00e1s que uno, de Santiago Segura<\/a>, seguida por <a href=\"https:\/\/elpais.com\/cultura\/cine\/2025-09-07\/alejandro-amenabar-si-hubiera-aparcado-el-tema-del-homoerotismo-entre-cervantes-y-su-captor-habria-sido-mojigato-y-habria-renunciado-a-mi-mismo.html\" target=\"_blank\" rel=\"noreferrer nofollow noopener\" title=\"https:\/\/elpais.com\/cultura\/cine\/2025-09-07\/alejandro-amenabar-si-hubiera-aparcado-el-tema-del-homoerotismo-entre-cervantes-y-su-captor-habria-sido-mojigato-y-habria-renunciado-a-mi-mismo.html\">El cautivo<\/a> y<a href=\"https:\/\/elpais.com\/cultura\/cine\/2025-09-27\/los-domingos-de-alauda-ruiz-de-azua-irrefutable-concha-de-oro-del-festival-de-san-sebastian.html\" target=\"_blank\" rel=\"noreferrer nofollow noopener\" title=\"https:\/\/elpais.com\/cultura\/cine\/2025-09-27\/los-domingos-de-alauda-ruiz-de-azua-irrefutable-concha-de-oro-del-festival-de-san-sebastian.html\"> Los domingos<\/a>. La producci\u00f3n espa\u00f1ola cierra el a\u00f1o con una cuota de mercado del 19% (la misma que en 2024), con un total de 12 millones de espectadores y una taquilla de 78 millones de euros. Padre no hay m\u00e1s que uno 5 es la \u00fanica pel\u00edcula espa\u00f1ola que entra en el listado de las 10 m\u00e1s vistas en las salas de cine del pa\u00eds. En concreto, la octava.<\/p>\n<p class=\"\">La semana con mayor asistencia de todo el a\u00f1o fue del 30 de mayo al 5 de junio, que registr\u00f3 un total de 2,08 millones de espectadores. El d\u00eda con m\u00e1s asistencia fue el 2 de julio con 554.244 asistentes. <\/p>\n<p class=\"\">El informe tambi\u00e9n entrega resultados de espectadores por provincias: Madrid (21,5%), Barcelona (13,7%), Valencia (6,5%), Alicante (4,1%), Sevilla (3,7%), M\u00e1laga (3,7%), Murcia (3,5%), Vizcaya (2,5%), Islas Baleares (2,5%) y C\u00e1diz (2,3%).<\/p>\n<p class=\"\">En cuanto a g\u00e9neros, el favorito en Espa\u00f1a ha sido el de acci\u00f3n, seguido por el drama y la animaci\u00f3n. <\/p>\n<p>No van al cine, pero s\u00ed ven pel\u00edculas en casa<\/p>\n<p class=\"\">El pasado octubre la SGAE public\u00f3 un <a href=\"https:\/\/anuariossgae.com\/anuario2025\/home.html\" target=\"_blank\" rel=\"noreferrer nofollow noopener\" title=\"https:\/\/anuariossgae.com\/anuario2025\/home.html\">nuevo anuario estad\u00edstico con las cifras de 2024<\/a>, que mostraron que cada espa\u00f1ol compr\u00f3 1,5 entradas de media durante todo el a\u00f1o. Eso supone la asistencia m\u00e1s baja registrada en la historia, salvo en los primeros meses de la pandemia.<a href=\"https:\/\/elpais.com\/cultura\/cine\/2025-10-24\/nunca-tanta-gente-vio-peliculas-pero-nunca-tan-poca-fue-al-cine.html\" target=\"_blank\" rel=\"noreferrer nofollow noopener\" title=\"https:\/\/elpais.com\/cultura\/cine\/2025-10-24\/nunca-tanta-gente-vio-peliculas-pero-nunca-tan-poca-fue-al-cine.html\"> Pero la gente sigue viendo pel\u00edculas, solo que ya no lo hace desde las butacas de una sala de cine.<\/a> El 15% de la poblaci\u00f3n las ve en casa diariamente y el 60,7% al menos una vez a la semana, seg\u00fan la <a href=\"https:\/\/www.cultura.gob.es\/dam\/jcr:f6d9b66a-ac72-4d89-8986-7f6c6e94aaa5\/encuesta-de-habitos-y-practicas-cultures-en-espana-2024-2025.pdf\" target=\"_blank\" rel=\"noreferrer nofollow noopener\" title=\"https:\/\/www.cultura.gob.es\/dam\/jcr:f6d9b66a-ac72-4d89-8986-7f6c6e94aaa5\/encuesta-de-habitos-y-practicas-cultures-en-espana-2024-2025.pdf\">Encuesta de H\u00e1bitos y Pr\u00e1cticas del Ministerio de Cultura<\/a> publicada en septiembre. <\/p>\n<p class=\"\">Cultura tambi\u00e9n apunt\u00f3 a la falta de tiempo como la principal raz\u00f3n para no ir al cine. El segundo obst\u00e1culo es el precio, citado por uno de cada cuatro encuestados. \u00bfY qui\u00e9nes s\u00ed van? Asisten m\u00e1s j\u00f3venes que mayores: de 15 a 54 a\u00f1os, acuden m\u00e1s que la media nacional; de 55 en adelante, mucho menos. Otras variables mencionadas en la encuesta son los estudios, poder adquisitivo o residencia en poblaciones m\u00e1s grandes. Un 11,6% asegura que no asiste a las salas de cine porque prefiere verlo en plataformas. <\/p>\n<p class=\"\">Las repercusiones en las salas son evidentes. En 2024 desaparecieron 39, todas independientes, dejando a Espa\u00f1a con un total de 3.569 establecimientos, la cifra m\u00e1s baja en los \u00faltimos 10 a\u00f1os.<\/p>\n","protected":false},"excerpt":{"rendered":"La gente va menos al cine. Para ser exactos, un 8% menos que el a\u00f1o pasado. El dato&hellip;\n","protected":false},"author":2,"featured_media":314185,"comment_status":"","ping_status":"","sticky":false,"template":"","format":"standard","meta":{"footnotes":""},"categories":[91],"tags":[1926,10689,181,1013,177,12374,209,1931,146,147,25,24,4725,753,23,7022],"class_list":{"0":"post-314184","1":"post","2":"type-post","3":"status-publish","4":"format-standard","5":"has-post-thumbnail","7":"category-entretenimiento","8":"tag-accion","9":"tag-animacion","10":"tag-avatar","11":"tag-cartelera","12":"tag-cine","13":"tag-cine-espanol","14":"tag-cultura","15":"tag-drama","16":"tag-entertainment","17":"tag-entretenimiento","18":"tag-es","19":"tag-espana","20":"tag-espectadores","21":"tag-peliculas","22":"tag-spain","23":"tag-taquilla-cine"},"share_on_mastodon":{"url":"https:\/\/pubeurope.com\/@es\/115809603123364647","error":""},"_links":{"self":[{"href":"https:\/\/www.europesays.com\/es\/wp-json\/wp\/v2\/posts\/314184","targetHints":{"allow":["GET"]}}],"collection":[{"href":"https:\/\/www.europesays.com\/es\/wp-json\/wp\/v2\/posts"}],"about":[{"href":"https:\/\/www.europesays.com\/es\/wp-json\/wp\/v2\/types\/post"}],"author":[{"embeddable":true,"href":"https:\/\/www.europesays.com\/es\/wp-json\/wp\/v2\/users\/2"}],"replies":[{"embeddable":true,"href":"https:\/\/www.europesays.com\/es\/wp-json\/wp\/v2\/comments?post=314184"}],"version-history":[{"count":0,"href":"https:\/\/www.europesays.com\/es\/wp-json\/wp\/v2\/posts\/314184\/revisions"}],"wp:featuredmedia":[{"embeddable":true,"href":"https:\/\/www.europesays.com\/es\/wp-json\/wp\/v2\/media\/314185"}],"wp:attachment":[{"href":"https:\/\/www.europesays.com\/es\/wp-json\/wp\/v2\/media?parent=314184"}],"wp:term":[{"taxonomy":"category","embeddable":true,"href":"https:\/\/www.europesays.com\/es\/wp-json\/wp\/v2\/categories?post=314184"},{"taxonomy":"post_tag","embeddable":true,"href":"https:\/\/www.europesays.com\/es\/wp-json\/wp\/v2\/tags?post=314184"}],"curies":[{"name":"wp","href":"https:\/\/api.w.org\/{rel}","templated":true}]}}